{"id":49167,"date":"2012-03-03T16:27:30","date_gmt":"2012-03-03T14:27:30","guid":{"rendered":"http:\/\/www.korhanyilmaz.com\/?p=49167"},"modified":"2012-03-03T23:16:13","modified_gmt":"2012-03-03T21:16:13","slug":"balbay-ve-ozkana-destek-icin-yuruduler","status":"publish","type":"post","link":"http:\/\/www.korhanyilmaz.com\/?p=49167","title":{"rendered":"Balbay ve \u00d6zkan&#8217;a destek i\u00e7in y\u00fcr\u00fcd\u00fcler"},"content":{"rendered":"<p style=\"text-align: center;\"><a href=\"http:\/\/www.korhanyilmaz.com\/wp-content\/uploads\/2012\/03\/9065.jpg\"  class=\"lightview\"><img loading=\"lazy\" decoding=\"async\" class=\"aligncenter  wp-image-49168\" src=\"http:\/\/www.korhanyilmaz.com\/wp-content\/uploads\/2012\/03\/9065.jpg\" alt=\"\" width=\"320\" height=\"214\" \/><\/a><\/p>\n<p style=\"text-align: justify;\">Silivri Cezaevi&#8217;nde bulunan gazeteciler Mustafa Balbay ve Tuncay \u00d6zkan&#8217;\u0131n bir y\u0131ld\u0131r tecritte tutuldu\u011fu gerek\u00e7esiyle Galatasaray Meydan\u0131&#8217;nda toplanan &#8220;Tuncay \u00d6zkan ve Mustafa Balbay G\u00f6n\u00fcll\u00fcleri&#8221; isimli grup protesto y\u00fcr\u00fcy\u00fc\u015f\u00fc d\u00fczenledi.<\/p>\n<p style=\"text-align: justify;\">Y\u00fcr\u00fcy\u00fc\u015fe CHP&#8217;li milletvekilleri Bihlun Tamayl\u0131gil, \u0130lhan Cihaner, S\u00fcleyman \u00c7elebi, sanat\u00e7\u0131lar Levent K\u0131rca, Edip Akbayram gazeteciler Mine K\u0131r\u0131kkanat, Ataol Behramo\u011flu ve Tuncay \u00d6zkan&#8217;\u0131n k\u0131z\u0131 Nazl\u0131can \u00d6zkan&#8217;\u0131n da bulundu\u011fu \u00e7ok say\u0131da ki\u015fi kat\u0131ld\u0131.<!--more--><\/p>\n<p style=\"text-align: justify;\">Galatasaray Meydan\u0131&#8217;nda 13:00&#8217;da toplanan grup burada, \u201cZorbal\u0131\u011fa g\u00f6z yumma Mustafa Balbay, Tuncay \u00d6zkan bir y\u0131ld\u0131r tecritte&#8221; yaz\u0131l\u0131 pankart a\u00e7arak Taksim Meydan\u0131&#8217;na do\u011fru y\u00fcr\u00fcy\u00fc\u015fe ge\u00e7ti. Ya\u011fmur alt\u0131nda ger\u00e7ekle\u015fen y\u00fcr\u00fcy\u00fc\u015f s\u0131ras\u0131nda &#8216;Balbay, \u00d6zkan \u00e7\u0131kacak yine yazacak&#8217;, &#8216;Mustafa Kemal&#8217;in askerleriyiz&#8217; &#8216;G\u00fcn gelecek devran d\u00f6necek AKP halka hesap verecek&#8217; sloganlar\u0131 at\u0131ld\u0131. Taksim Meydan\u0131&#8217;nda grup ad\u0131na yap\u0131lan bas\u0131n a\u00e7\u0131klamas\u0131nda, \u201cBizler, bug\u00fcn buraya Mustafa Balbay ve Tuncay \u00d6zkan ve su\u00e7unu bile bilmeyen nice gazeteciler, milletvekilleri, yazarlar ve ayd\u0131nlar i\u00e7in geldik. Mustafa Balbay ve Tuncay \u00d6zkan&#8217;\u0131n hi\u00e7bir hukuki ve nesnel neden olmaks\u0131z\u0131n bir y\u0131ld\u0131r tecritte tutuluyor olmas\u0131n\u0131 protesto ediyoruz&#8221; denildi.<\/p>\n<p style=\"text-align: justify;\"><strong>&#8220;TUVALETE G\u0130DERKEN B\u0130LE SLOGAN ATIYORUM&#8221;<\/strong><\/p>\n<p style=\"text-align: justify;\">A\u00e7\u0131klaman\u0131n ard\u0131ndan mikrofonu alan sanat\u00e7\u0131 Levent K\u0131rca s\u00f6yledikleriyle g\u00fcl\u00fc\u015fmelere neden oldu. &#8216;Birlik olmak mecburiyetindeyiz ba\u015fka alternatif kalmad\u0131&#8217; diyen K\u0131rca&#8217;n\u0131n, \u201cYa\u011fmur demiyoruz, ya\u015f demiyoruz y\u00fcr\u00fcyoruz helal olsun bize. \u0130ster misiniz bu ya\u011fmur da kar da bunlar\u0131n bir d\u00fczenlemesi olsun bize, y\u00fcr\u00fcyemeyelim diye. Ben \u00f6yle al\u0131\u015ft\u0131m ki gece tuvalete kalk\u0131yorum, tuvalete giderken bile slogan at\u0131yorum&#8221; s\u00f6zleri g\u00fcl\u00fc\u015fmelere neden oldu. (DHA)<\/p>\n<p style=\"text-align: justify;\"><a href=\"http:\/\/www.radikal.com.tr\/Radikal.aspx?aType=RadikalDetayV3&amp;ArticleID=1080598&amp;CategoryID=77\" target=\"_blank\">Kaynak : Radikal.com.tr<\/a><\/p>\n","protected":false},"excerpt":{"rendered":"<p style=\"text-align: center;\">\n<p style=\"text-align: justify;\">Silivri Cezaevi&#8217;nde bulunan gazeteciler Mustafa Balbay ve Tuncay \u00d6zkan&#8217;\u0131n bir y\u0131ld\u0131r tecritte tutuldu\u011fu gerek\u00e7esiyle Galatasaray Meydan\u0131&#8217;nda toplanan &#8220;Tuncay \u00d6zkan ve Mustafa Balbay G\u00f6n\u00fcll\u00fcleri&#8221; isimli grup protesto y\u00fcr\u00fcy\u00fc\u015f\u00fc d\u00fczenledi.<\/p>\n<p style=\"text-align: justify;\">Y\u00fcr\u00fcy\u00fc\u015fe CHP&#8217;li milletvekilleri Bihlun Tamayl\u0131gil, \u0130lhan Cihaner, S\u00fcleyman \u00c7elebi, sanat\u00e7\u0131lar Levent K\u0131rca, Edip Akbayram gazeteciler Mine K\u0131r\u0131kkanat, Ataol Behramo\u011flu ve <\/p>\n","protected":false},"author":1,"featured_media":0,"comment_status":"open","ping_status":"open","sticky":false,"template":"","format":"standard","meta":{"footnotes":""},"categories":[105],"tags":[],"class_list":["post-49167","post","type-post","status-publish","format-standard","hentry","category-gundem","odd"],"_links":{"self":[{"href":"http:\/\/www.korhanyilmaz.com\/index.php?rest_route=\/wp\/v2\/posts\/49167","targetHints":{"allow":["GET"]}}],"collection":[{"href":"http:\/\/www.korhanyilmaz.com\/index.php?rest_route=\/wp\/v2\/posts"}],"about":[{"href":"http:\/\/www.korhanyilmaz.com\/index.php?rest_route=\/wp\/v2\/types\/post"}],"author":[{"embeddable":true,"href":"http:\/\/www.korhanyilmaz.com\/index.php?rest_route=\/wp\/v2\/users\/1"}],"replies":[{"embeddable":true,"href":"http:\/\/www.korhanyilmaz.com\/index.php?rest_route=%2Fwp%2Fv2%2Fcomments&post=49167"}],"version-history":[{"count":0,"href":"http:\/\/www.korhanyilmaz.com\/index.php?rest_route=\/wp\/v2\/posts\/49167\/revisions"}],"wp:attachment":[{"href":"http:\/\/www.korhanyilmaz.com\/index.php?rest_route=%2Fwp%2Fv2%2Fmedia&parent=49167"}],"wp:term":[{"taxonomy":"category","embeddable":true,"href":"http:\/\/www.korhanyilmaz.com\/index.php?rest_route=%2Fwp%2Fv2%2Fcategories&post=49167"},{"taxonomy":"post_tag","embeddable":true,"href":"http:\/\/www.korhanyilmaz.com\/index.php?rest_route=%2Fwp%2Fv2%2Ftags&post=49167"}],"curies":[{"name":"wp","href":"https:\/\/api.w.org\/{rel}","templated":true}]}}