{"id":49162,"date":"2012-03-03T10:40:47","date_gmt":"2012-03-03T08:40:47","guid":{"rendered":"http:\/\/www.korhanyilmaz.com\/?p=49162"},"modified":"2012-03-03T21:01:23","modified_gmt":"2012-03-03T19:01:23","slug":"gomlegi-erdogan-cikardi","status":"publish","type":"post","link":"http:\/\/www.korhanyilmaz.com\/?p=49162","title":{"rendered":"G\u00f6mle\u011fi Erdo\u011fan \u00e7\u0131kard\u0131"},"content":{"rendered":"<p style=\"text-align: center;\"><a href=\"http:\/\/www.korhanyilmaz.com\/wp-content\/uploads\/2012\/03\/9064.jpg\"  class=\"lightview\"><img loading=\"lazy\" decoding=\"async\" class=\"aligncenter  wp-image-49163\" src=\"http:\/\/www.korhanyilmaz.com\/wp-content\/uploads\/2012\/03\/9064.jpg\" alt=\"\" width=\"396\" height=\"180\" \/><\/a><\/p>\n<p style=\"text-align: justify;\">B\u00fclent Ar\u0131n\u00e7: \u00c7\u00fcnk\u00fc bu g\u00f6mlek \u00e7\u0131karmak, palto \u00e7\u0131karmak, pard\u00f6s\u00fc \u00e7\u0131karmak, bunlar bu anlamda bana g\u00f6re ba\u015fkalar\u0131n\u0131n yanl\u0131\u015f anlayabilece\u011fi \u015feyler.<\/p>\n<p style=\"text-align: justify;\">ANKARA &#8211; Ba\u015fbakan Yard\u0131mc\u0131s\u0131 B\u00fclent Ar\u0131n\u00e7, &#8221;(AK Parti 28 \u015eubat&#8217;\u0131n \u00fcr\u00fcn\u00fcd\u00fcr) demek, b\u00fcy\u00fck bir cehalet \u00fcr\u00fcn\u00fcd\u00fcr&#8221; dedi.<\/p>\n<p style=\"text-align: justify;\">Ar\u0131n\u00e7, Habert\u00fcrk televizyonunda canl\u0131 yay\u0131nlanan &#8221;Bas\u0131n Kulub\u00fc&#8221; program\u0131nda, 28 \u015eubat&#8217;\u0131n bir s\u00fcre\u00e7 oldu\u011funu, bunun \u00f6n\u00fc ve arkas\u0131n\u0131n bulundu\u011funu s\u00f6yledi.<!--more--><\/p>\n<p style=\"text-align: justify;\">Her y\u00f6n\u00fcyle 28 \u015eubat s\u00fcrecinin tart\u0131\u015f\u0131lmas\u0131nda fayda oldu\u011funu belirten Ar\u0131n\u00e7, medya, TSK&#8217;n\u0131n \u00fcst kademesi, y\u00fcksek yarg\u0131, \u00fcniversiteler ve parlamentonun bu s\u00fcrece dahil akt\u00f6rler oldu\u011funu ifade etti.<\/p>\n<p style=\"text-align: justify;\">&#8221;B\u00f6ylesine el eme\u011fiyle haz\u0131rlanm\u0131\u015f bir s\u00fcrecin, aradan 10-15 y\u0131l ge\u00e7tikten sonra her y\u00f6n\u00fcyle irdelenmesinde ve savunulamaz hale gelmesinde demokrasi a\u00e7\u0131s\u0131ndan fayda oldu\u011funu&#8221; dile getiren Ar\u0131n\u00e7, &#8221;(AK Parti 28 \u015eubat&#8217;\u0131n \u00fcr\u00fcn\u00fcd\u00fcr) demek, b\u00fcy\u00fck bir cehalet \u00fcr\u00fcn\u00fcd\u00fcr. Bu kadar b\u00fcy\u00fck cehalet de ancak tahsille m\u00fcmk\u00fcnd\u00fcr. \u00c7\u00fcnk\u00fc bunu s\u00f6yleyen bir insan siyasi hayat\u0131 bilmiyor demektir. Siyasetin nas\u0131l geli\u015fti\u011fini bilmiyor demektir. Akl\u0131 toplum m\u00fchendisli\u011finde kalm\u0131\u015f, her zaman bir \u015feyleri dizayn etmek i\u00e7in ortaya \u00e7\u0131kan akl\u0131 evvellerden ders alm\u0131\u015f gibidir. \u00c7\u00fcnk\u00fc 28 \u015eubat, AK Parti&#8217;nin veya bir ba\u015fka partinin lehine veya aleyhine netice vermi\u015f bir olay de\u011fildir&#8221; diye konu\u015ftu.<\/p>\n<p style=\"text-align: justify;\">Siyasete ba\u015flad\u0131\u011f\u0131 Milli Nizam Partisi&#8217;nin 1970&#8217;de kuruldu\u011funu, 1971&#8217;de kapat\u0131ld\u0131\u011f\u0131n\u0131 belirten Ar\u0131n\u00e7, ayn\u0131 d\u00f6nemde T\u00fcrkiye \u0130\u015f\u00e7i Partisi&#8217;nin de faaliyetinin sonland\u0131r\u0131ld\u0131\u011f\u0131n\u0131 vurgulad\u0131. 1980&#8217;de il ba\u015fkan\u0131 oldu\u011fu partinin b\u00fct\u00fcn patiler gibi darbeyle kapat\u0131ld\u0131\u011f\u0131n\u0131 ve siyasi yasakl\u0131 oldu\u011funu dile getiren Ar\u0131n\u00e7, Refah Partisi&#8217;nin se\u00e7imlerde birinci parti oldu\u011fu 1995&#8217;te milletvekili se\u00e7ilerek parlamentoya girdi\u011fini ifade etti.<\/p>\n<p style=\"text-align: justify;\">Ar\u0131n\u00e7,&#8221;Asl\u0131nda 28 \u015eubat&#8217;\u0131n fitilinin ate\u015flendi\u011fi g\u00fcn de odur, o sonu\u00e7tur&#8221; diyen Ar\u0131n\u00e7, Refah-Yol h\u00fck\u00fcmetinin kurulmas\u0131n\u0131n ve Necmettin Erbakan&#8217;\u0131n ba\u015fbakan olmas\u0131n\u0131n hi\u00e7 istenmedi\u011fini bildirdi.<\/p>\n<p style=\"text-align: justify;\">B\u00fclent Ar\u0131n\u00e7, o d\u00f6nemde di\u011fer siyasi partilerin b\u00fct\u00fcn stratejilerini Refah Partisi d\u00fc\u015fmanl\u0131\u011f\u0131 \u00fczerine kurduklar\u0131na i\u015faret ederek, sonunda Refah Partisi&#8217;yle h\u00fck\u00fcmet kurmaya mecbur olduklar\u0131n\u0131 ancak, birilerinin bundan ho\u015flanmad\u0131\u011f\u0131n\u0131 belirtti. Refah Partisi&#8217;nin iktidardayken kapat\u0131ld\u0131\u011f\u0131n\u0131 vurgulayan Ar\u0131n\u00e7, daha sonra kurduklar\u0131 Fazilet Partisi&#8217;nin, &#8221;\u00c7ok masum ve g\u00fcnahs\u0131z bir parti oldu\u011funu ama onun da g\u00f6z\u00fcn\u00fcn ya\u015f\u0131na bak\u0131lmad\u0131\u011f\u0131n\u0131&#8221; dile getirdi.<\/p>\n<p style=\"text-align: justify;\">Ar\u0131n\u00e7, Fazilet Partisi kapat\u0131l\u0131nca yol ayr\u0131m\u0131na girdiklerini, daha sonra helalle\u015ferek ve yeni bir siyaset anlay\u0131\u015f\u0131yla yeni bir yola \u00e7\u0131kt\u0131klar\u0131n\u0131 s\u00f6yledi.<\/p>\n<p style=\"text-align: justify;\">Son 60 y\u0131l\u0131n 30 senesinin darbeler, m\u00fcdahaleler d\u00f6nemi oldu\u011funu dile getiren Ar\u0131n\u00e7, demokratik hayata m\u00fcdahale eden ba\u015fka kurumlar\u0131n siyaseti dizayn etmeye \u00e7al\u0131\u015ft\u0131\u011f\u0131n\u0131 ifade etti. Ar\u0131n\u00e7, parlamento d\u0131\u015f\u0131 g\u00fc\u00e7lerle uzla\u015fmak zorunda kalman\u0131n siyaseti neredeyse yok olma durumuna getirdi\u011fini belirtti.<\/p>\n<p style=\"text-align: justify;\"><strong>GE\u00c7M\u0130\u015eTE YAPTI\u011eIM S\u0130YASETTEN UTANMIYORUM<\/strong><\/p>\n<p style=\"text-align: justify;\">Ar\u0131n\u00e7, &#8221;Milli G\u00f6r\u00fc\u015f g\u00f6mle\u011fini \u00e7\u0131karmak&#8221; tabirinin Ba\u015fbakan Erdo\u011fan&#8217;a ait oldu\u011funu dile getirerek, \u015f\u00f6yle devam etti:<\/p>\n<p style=\"text-align: justify;\">&#8221;Ben, bug\u00fcne kadar \u00f6yle bir \u015fey kullanmad\u0131m. O da do\u011frusunu yap\u0131yor, ben de kullanmamakla kendime g\u00f6re do\u011frusunu yap\u0131yorum. \u00c7\u00fcnk\u00fc bu g\u00f6mlek \u00e7\u0131karmak, palto \u00e7\u0131karmak, pard\u00f6s\u00fc \u00e7\u0131karmak, bunlar bu anlamda bana g\u00f6re ba\u015fkalar\u0131n\u0131n yanl\u0131\u015f anlayabilece\u011fi \u015feyler. Ben, ge\u00e7mi\u015fte Milli G\u00f6r\u00fc\u015f&#8217;\u00fc esas alan siyasi partilerde \u00e7al\u0131\u015ft\u0131m, il ba\u015fkanl\u0131\u011f\u0131, milletvekilli\u011fi yapt\u0131m, y\u0131llarca emek verdim. Ben para\u015f\u00fctle gelmedim siyasete. Gen\u00e7lik kollar\u0131ndan geldim, il ba\u015fkanl\u0131\u011f\u0131 yapt\u0131m, MKYK \u00fcyeli\u011fi yapt\u0131m, grup ba\u015fkan vekilli\u011fi, grup ba\u015fkanl\u0131\u011f\u0131, Meclis ba\u015fkanl\u0131\u011f\u0131 yapt\u0131m. \u015eimdi, Ba\u015fbakan Yard\u0131mc\u0131s\u0131y\u0131m. Ge\u00e7mi\u015fte yapt\u0131\u011f\u0131m siyasetten de utanm\u0131yorum, s\u0131k\u0131lm\u0131yorum, \u00e7\u00fcnk\u00fc do\u011frusunu yapt\u0131k. Rahmetli Erbakan Hoca ile birlikteyken de T\u00fcrkiye i\u00e7in, halk\u0131m\u0131z i\u00e7in siyaset yapt\u0131k. O zaman i\u00e7in do\u011fru bildiklerimizin pe\u015finden ko\u015ftuk. Bunlar\u0131n i\u00e7inde hi\u00e7bir zaman yolsuzluk, \u00e7\u0131karc\u0131l\u0131k olmad\u0131. Milletin menfaatlerini d\u00fc\u015f\u00fcnerek m\u00fccadele ettik. Ama \u015fimdi AK Parti yeni bir parti, Milli G\u00f6r\u00fc\u015f, Milli G\u00f6r\u00fc\u015f\u00e7\u00fclerde kald\u0131. \u015eimdi biz AK Parti&#8217;de &#8216;Milli G\u00f6r\u00fc\u015f\u00e7\u00fcy\u00fcz&#8217; diyemeyiz. B\u00f6yle bir iddiam\u0131z yok. Onun partisi var.&#8221;<\/p>\n<p style=\"text-align: justify;\">Ba\u015fbakan Yard\u0131mc\u0131s\u0131 Ar\u0131n\u00e7, 28 \u015eubat s\u00fcrecinde S\u00fcleyman Demirel&#8217;in kendisine ne ifade etti\u011finin sorulmas\u0131 \u00fczerine, &#8221;Y\u00f6netmen diyebiliriz&#8221; dedi. Medyay\u0131 &#8221;Y\u00f6netmen yard\u0131mc\u0131s\u0131&#8221; olarak nitelendiren Ar\u0131n\u00e7, &#8221;Peki, Genelkurmay Ba\u015fkan\u0131 Karaday\u0131 ile \u00c7evik Bir?&#8221; sorusu \u00fczerine &#8221;Jenerikte ismi ge\u00e7enlerden birisi gibi g\u00f6relim, \u00c7evik Bir de onun yard\u0131mc\u0131s\u0131. Bunlar\u0131n hepsi akt\u00f6rleridir&#8221; diye konu\u015ftu.<\/p>\n<p style=\"text-align: justify;\"><strong>H\u0130\u00c7 AKIL, HAYAL ETMED\u0130\u011e\u0130M\u0130Z \u015eEYLERLE KAR\u015eILA\u015eTIK<\/strong><\/p>\n<p style=\"text-align: justify;\">O d\u00f6nemde partisinin Anavatan Partisi&#8217;yle d\u00f6n\u00fc\u015f\u00fcml\u00fc olarak h\u00fck\u00fcmet kurmak \u00fczere oldu\u011funu belirten Ar\u0131n\u00e7, \u015f\u00f6yle konu\u015ftu:<\/p>\n<p style=\"text-align: justify;\">&#8221;Hem bakanl\u0131k isimleri ve say\u0131lar\u0131 da belirlenmi\u015fi. Ancak araya Kurban Bayram\u0131 girdi 1996 y\u0131l\u0131 ba\u015f\u0131nda. &#8216;Hele bir bayram ge\u00e7sin&#8217; denildi, bayram ge\u00e7ti ama Mesut Y\u0131lmaz da de\u011fi\u015fti. Birilerinin korkutmas\u0131yla bu h\u00fck\u00fcmet kurulamad\u0131. Onlar kurdular, ama g\u00fcven oylamas\u0131nda bile hata yap\u0131lm\u0131\u015ft\u0131. Biz Anayasa Mahkemesine m\u00fcracaat ettik. Onlar da zaten gecikmeden birbirlerine d\u00fc\u015ft\u00fcler, o h\u00fck\u00fcmet 3 ay sonra gidince, soru\u015fturmalar, say\u0131n \u00c7iller&#8217;in birtak\u0131m endi\u015feleri, &#8216;onlar PKK&#8217;dan daha tehlikelidir&#8217; dedi\u011fi partiye d\u00f6nd\u00fc &#8216;elinizi verin, bir h\u00fck\u00fcmet kural\u0131m&#8217; dedi. Bizim de tabii h\u00fck\u00fcmet kurmaya ihtiyac\u0131m\u0131z vard\u0131, hem bir me\u015fruiyet kazanmak hem de iktidarla bir \u015feyler yapabilmek amac\u0131yla, arkas\u0131 da bildi\u011finiz gibi geldi.&#8221;<\/p>\n<p style=\"text-align: justify;\">Bu s\u00fcre\u00e7te hi\u00e7 ak\u0131l, hayal etmedikleri \u015feylerle kar\u015f\u0131la\u015ft\u0131klar\u0131n\u0131 vurgulayan Ar\u0131n\u00e7, &#8221;Bunlar bir manevi bask\u0131yd\u0131, cebirdi, alaya almakt\u0131, k\u00fc\u00e7\u00fck g\u00f6rmekti, tehdit etmekti&#8221; ifadesini kulland\u0131. Ar\u0131n\u00e7, \u015funlar\u0131 s\u00f6yledi:<\/p>\n<p style=\"text-align: justify;\">&#8221;O zamanlar lojmanlardayd\u0131k, bu bask\u0131 o kadar k\u00f6t\u00fc bir noktaya geldi ki 12 veya 13 Haziran tarihlerinde mutlaka &#8216;asker art\u0131k darbe yapacak. Kendini kurtaran d\u0131\u015far\u0131 ka\u00e7s\u0131n&#8217; diye Refah Partisi&#8217;nin d\u0131\u015f\u0131ndaki pek \u00e7ok milletvekilinin lojman\u0131 bo\u015faltt\u0131\u011f\u0131n\u0131 ve yurt d\u0131\u015f\u0131na gitti\u011fini ben \u015fahsen biliyorum.<\/p>\n<p style=\"text-align: justify;\">S\u00fckutu hayale u\u011fram\u0131\u015ft\u0131k, bir a\u015fa\u011f\u0131lanma hissi i\u00e7indeydik, hi\u00e7 hak etmedi\u011fimiz bir muameleyle bize kar\u015f\u0131 geliyorlard\u0131. Hocam\u0131z belki buna al\u0131\u015f\u0131kt\u0131 ama biz \u00e7ok \u00fcz\u00fcl\u00fcyorduk. Arkas\u0131ndan da 28 \u015eubat&#8217;ta dikte edilen kararlarda hi\u00e7birini kabul etmemiz m\u00fcmk\u00fcn de\u011fildi. Belli bir \u00e7izgide siyaset yapan insanlar\u0131n do\u011frudan millet iradesine kar\u015f\u0131 al\u0131nm\u0131\u015f bu kararlar\u0131 ne uygulamas\u0131, ne oy kullanmas\u0131, ne alt\u0131na imza atmas\u0131 m\u00fcmk\u00fcn de\u011fildi. O d\u00f6neme ait en ac\u0131 olaylardan bir tanesi 8 y\u0131ll\u0131k kesintisiz e\u011fitimin Meclise getirilmesidir. Bu, her bak\u0131mdan ele\u015ftirilecek bir davran\u0131\u015ft\u0131. En ba\u015fta 28 \u015eubat s\u00fcrecini imza alt\u0131na alan ki\u015filer, bu h\u00fck\u00fcmete dayatma olarak getirenler \u00f6ncelikle birinci s\u0131radan bu i\u015ften ba\u015flad\u0131. Biz bunu yapmadan h\u00fck\u00fcmet bitti. Mesut Y\u0131lmaz h\u00fck\u00fcmeti kuruldu. Bu h\u00fck\u00fcmet de me\u015fruiyetini ancak bu kanunu \u00e7\u0131karmakla elde edebilece\u011fini d\u00fc\u015f\u00fcnd\u00fc. \u00c7\u00fcnk\u00fc o partide bir k\u0131s\u0131m milletvekilleri, &#8216;biz buna onay veremeyiz&#8217; dedi, Korkut \u00d6zal bunlardan biriydi, ba\u015fka milletvekilleri vard\u0131. Mesut Y\u0131lmaz, &#8216;bunu \u00e7\u0131karmam\u0131z laz\u0131m, bu bize birinci talimatt\u0131&#8217; diye s\u00f6zler sarf ediyordu. Komisyonda, Genel Kurulda biz direniyorduk, \u00f6nergeler veriyorduk, i\u00e7 t\u00fcz\u00fc\u011f\u00fcn verdi\u011fi b\u00fct\u00fcn engelleme haklar\u0131n\u0131 kullan\u0131yorduk. Geceli g\u00fcnd\u00fczl\u00fc 2,5 g\u00fcn s\u00fcrd\u00fc o.. O g\u00fcnlerde dikkat ettim, Meclis&#8217;e o g\u00fcne kadar hi\u00e7 u\u011framayan milletvekilleri, bir yerlere \u015firin g\u00f6r\u00fcnmek \u00fczere s\u0131ralarda uyumaya ba\u015flam\u0131\u015flard\u0131. 2,5 g\u00fcn ayr\u0131lmad\u0131lar Meclisten.&#8221;<\/p>\n<p style=\"text-align: justify;\">Merhum Erbakan&#8217;\u0131n nas\u0131l davranmas\u0131 gerekti\u011fi konusunda ele\u015ftiriler oldu\u011funun hat\u0131rlat\u0131lmas\u0131 \u00fczerine Ar\u0131n\u00e7, ele\u015ftirilerin de &#8221;Yapt\u0131klar\u0131 do\u011frudur, \u00e7\u00fcnk\u00fc \u015fartlar bunu gerektiriyordu&#8221; diyenlerin de bulundu\u011funu s\u00f6yledi.<\/p>\n<p style=\"text-align: justify;\">Ar\u0131n\u00e7, &#8221;Belki ikisini birbiriyle mukayese etti\u011finiz zaman \u015funa dikkat etmek laz\u0131m, yani darbeler geliyor, muht\u0131ralar s\u00fcrekli halde ve Silahl\u0131 Kuvvetlerin \u00fcst kademesi h\u00fck\u00fcmetlere m\u00fcdahale ediyor can\u0131 istediklerine, istemediklerine farkl\u0131 davran\u0131yor. Bu, geleneksel hale gelmi\u015f bir a\u011f\u0131rl\u0131k, bir bask\u0131 ve onlar\u0131n dedikleri yap\u0131lmazsa emsalleri \u00e7ok k\u00f6t\u00fc, onlar da olabilir, daha zor daha k\u00f6t\u00fc g\u00fcnlere d\u00f6nebiliriz. Bu \u015fartlara bakal\u0131m bir&#8221; diye konu\u015ftu.<\/p>\n<p style=\"text-align: justify;\">Erbakan&#8217;\u0131n devleti de askeri de sevdi\u011fini belirten Ar\u0131n\u00e7, &#8221;T\u00fcrkiye&#8217;de demokrasinin zaman i\u00e7erisinde yanl\u0131\u015fl\u0131klarla m\u00fccadele ederek, ama o yanl\u0131\u015flar\u0131 da anlatarak, g\u00f6rerek, ikna etmek suretiyle daha iyi olabilece\u011fini d\u00fc\u015f\u00fcn\u00fcrd\u00fc. Siyasetinde \u00f6nce ahlak ve maneviyat vard\u0131, maddi manevi kalk\u0131nma vard\u0131, T\u00fcrkiye&#8217;nin maddi kalk\u0131nmas\u0131nda ger\u00e7ekten \u00e7ok g\u00fczel projeleri vard\u0131. Gen\u00e7lerin de nesillerin de ahlaktan, maneviyattan mahrum olmamas\u0131n\u0131 isterdi&#8221; ifadesini kulland\u0131.<\/p>\n<p style=\"text-align: justify;\">Erbakan&#8217;\u0131n tek ba\u015f\u0131na iktidar olmad\u0131\u011f\u0131n\u0131 dile getiren Ar\u0131n\u00e7, &#8221;Yan\u0131nda bir orta\u011f\u0131 vard\u0131 ve orta\u011f\u0131n\u0131n i\u00e7i \u00e7\u00fcr\u00fckt\u00fc. Bu \u00e7\u00fcr\u00fckl\u00fck zaman zaman 28 \u015eubat s\u00fcrecinde de Susurluk olay\u0131nda da tek ayakl\u0131 haline getirdi koalisyonu. Ha gitti, ha gidiyor. M\u00fcdahale etseniz h\u00fck\u00fcmet son bulacak, etmeseniz, vicdanlar kabul etmiyor. O noktada h\u00fck\u00fcmetin daha uzun s\u00fcreli olmas\u0131, bu badirelerden ge\u00e7mesi i\u00e7in belki s\u00fckutu tercih etmi\u015f olabilir&#8217; diye konu\u015ftu.<\/p>\n<p style=\"text-align: justify;\">Refah Partisi&#8217;nden o d\u00f6nemde b\u00fct\u00fcn bask\u0131lara ra\u011fmen bir milletvekilinin ayr\u0131ld\u0131\u011f\u0131na, ama DYP&#8217;nin yar\u0131s\u0131ndan fazlas\u0131n\u0131n istifa etti\u011fine dikkati \u00e7eken Ar\u0131n\u00e7, &#8221;Dolay\u0131s\u0131yla her g\u00fcn eriyen gemiyi terk edenlerin oldu\u011fu bir koalisyondu. 28 \u015eubat&#8217;a kar\u015f\u0131 ciddi bir direnci, olmazsa olmaz bir \u015feyi ortaya koyman\u0131n zorlu\u011funu da takdir etmek laz\u0131m&#8221; dedi.<\/p>\n<p style=\"text-align: justify;\"><strong>SE\u00c7\u0130MLER \u0130\u00c7\u0130N KONU\u015eMAK ERKEN<\/strong><\/p>\n<p style=\"text-align: justify;\">Ba\u015fbakan Yard\u0131mc\u0131s\u0131 B\u00fclent Ar\u0131n\u00e7, parti t\u00fcz\u00fc\u011f\u00fcn\u00fcn de\u011fi\u015fmesini arzu edip etmedi\u011fini sorulmas\u0131 \u00fczerine de &#8221;En do\u011fru karar budur, Genel Ba\u015fkan\u0131m\u0131z, Ba\u015fbakan\u0131m\u0131z, partinin gelece\u011fi a\u00e7\u0131s\u0131ndan bunu uygun g\u00f6rd\u00fc \u015fu ana kadar. Bunda bir de\u011fi\u015fiklik olacaksa da o karar verir. Ama ben art\u0131k 40 senedir \u015furas\u0131nda veya buras\u0131nda, bu siyasi hayatta yapabilece\u011fim pek \u00e7ok \u015feyi yapt\u0131m, s\u00f6yleyebilece\u011fim her\u015feyi s\u00f6yledim. Eksisiyle art\u0131s\u0131yla, hatas\u0131yla, faziletiyle bu noktaya geldik, hamdolsun. AK Parti \u00e7ok g\u00fc\u00e7l\u00fc, bundan sonraki kadrolar\u0131m\u0131z da bu i\u015fi b\u00fcy\u00fck bir ba\u015far\u0131yla g\u00f6t\u00fcrecek, ondan da eminim. Ama kim Cumhurba\u015fkan\u0131 olur kim onun yerine Ba\u015fbakan olur, partiye genel ba\u015fkan olur, hi\u00e7 bunlar\u0131 d\u00fc\u015f\u00fcnm\u00fcyorum. Aynen kendimle ilgili soru\u015fturmay\u0131 d\u00fc\u015f\u00fcnmedi\u011fim gibi.&#8221;<\/p>\n<p style=\"text-align: justify;\">2014 y\u0131l\u0131nda Cumhurba\u015fkanl\u0131\u011f\u0131, 2015 y\u0131l\u0131nda genel se\u00e7imlerin yap\u0131laca\u011f\u0131n\u0131 hat\u0131rlatarak, bu konuda bir tahmini olup olmad\u0131\u011f\u0131n\u0131n sorulmas\u0131 \u00fczerine, \u015funlar\u0131 kaydetti:<\/p>\n<p style=\"text-align: justify;\">&#8221;Bu konular g\u00f6r\u00fc\u015f\u00fclecek konular de\u011fil, bir defa kader var, kader \u00e7izgisinde o g\u00fcn kim olur, kime nasip olur bilemeyiz. Abdullah G\u00fcl Cumhurba\u015fkan\u0131m\u0131z\u0131 biz 27 Nisan 2007 g\u00fcn\u00fc de se\u00e7ebilirdik, ama nasip de\u011filmi\u015f, 4 ay sonra nasip oldu. O g\u00fcn bizim \u00f6n\u00fcm\u00fcze ge\u00e7enler &#8216;bu i\u015f bitti&#8217; demi\u015flerdi. Bu i\u015fin bitmedi\u011fini g\u00f6rd\u00fcler. Yani sosyal hayatta veya siyaset sosyolojisinde bu i\u015fler geli\u015fmelere ba\u011fl\u0131d\u0131r. O g\u00fcn\u00fc beklemek laz\u0131m. O g\u00fcn de kim var kim kald\u0131, kim gitti bunu g\u00f6rmemiz laz\u0131m. Bir defa ge\u00e7mi\u015f bitti, gelece\u011fi bilmiyoruz, g\u00fcn\u00fcm\u00fcz\u00fc de\u011ferlendirelim.&#8221;<\/p>\n<p style=\"text-align: justify;\"><strong>K\u00dcRT\u00c7E MEDEN\u0130 B\u0130R D\u0130L DE\u011e\u0130LD\u0130R DEMED\u0130M<\/strong><\/p>\n<p style=\"text-align: justify;\">K\u00fcrt\u00e7e e\u011fitim ve \u00f6\u011fretim konusundaki bir soru \u00fczerine Ar\u0131n\u00e7, K\u00fcrt\u00e7enin ya\u015fayan bir dil oldu\u011funu, alfabesi bulundu\u011funu, bu dilde pek \u00e7ok eserler yaz\u0131ld\u0131\u011f\u0131n\u0131 kabul eden biri oldu\u011funu ifade etti.<\/p>\n<p style=\"text-align: justify;\">AK Parti&#8217;nin K\u00fcrt\u00e7enin \u00f6\u011frenilmesinde ve konu\u015fulmas\u0131nda bir sak\u0131nca kalmamas\u0131 i\u00e7in bir\u00e7ok \u00e7al\u0131\u015fma yapt\u0131\u011f\u0131n\u0131 ifade eden Ar\u0131n\u00e7, \u015f\u00f6yle dedi:<\/p>\n<p style=\"text-align: justify;\">&#8221;Bana sorulan soru \u015fu. &#8216;Anadilde e\u011fitim yapacak m\u0131s\u0131n\u0131z?&#8217; Ben Diyarbak\u0131r&#8217;da &#8216;b\u00f6yle bir projemiz yok&#8217; dedim. Anayasada bu konuda bir yasak, engel var.<\/p>\n<p style=\"text-align: justify;\">\u0130kincisi anayasada yasak, engel olmasa da bu dilde bir e\u011fitim yapmak i\u00e7in altyap\u0131 hi\u00e7 haz\u0131r de\u011fil. Bu dili bilenler e\u011fitim seviyesinde \u00e7ok fazla de\u011fil. \u015euradan biliyorum. Biz TRT \u015ee\u015f&#8217;e eleman almak istedik. Yani &#8216;K\u00fcrt\u00e7eyi iyi bilen, ekrana a\u015fina olan, elindeki metni televizyon yay\u0131nc\u0131l\u0131\u011f\u0131na uygun halde bilen ka\u00e7 ki\u015fi var&#8217; dedi\u011fimizde hala bile eksi\u011fimiz var.<\/p>\n<p style=\"text-align: justify;\">Halk K\u00fcrt\u00e7esiyle konu\u015fan \u00e7ok fazla ama yazd\u0131\u011f\u0131n\u0131, \u00e7izdi\u011fini televizyona haz\u0131r hale getirebilecek elemanlar bulmakta zorlan\u0131yoruz. Burada zorland\u0131\u011f\u0131m\u0131z halde ilkokuldan \u00fcniversiteye kadar benim anadilde se\u00e7enekli olarak ayr\u0131 bir e\u011fitim dilini kabul etmemin m\u00fcmk\u00fcn olmad\u0131\u011f\u0131n\u0131 bilmemiz gerekiyor. Bunu da \u015fu c\u00fcmleyle ifade ettim. Bir k\u0131sm\u0131 do\u011fru, bir k\u0131sm\u0131 yanl\u0131\u015f anlad\u0131. Ben &#8216;K\u00fcrt\u00e7e medeni bir dil de\u011fildir&#8217; demedim. Bunu deseydim o dili a\u015fa\u011f\u0131lam\u0131\u015f olurdum.&#8221;<\/p>\n<p style=\"text-align: justify;\">Ar\u0131n\u00e7, Meclisteki konu\u015fmas\u0131nda K\u00fcrt\u00e7enin gramerinin, alfabesinin, yaz\u0131lm\u0131\u015f eserlerinin bulundu\u011funu ve muhataplar\u0131na &#8221;Siz bu dili a\u015fa\u011f\u0131layamazs\u0131n\u0131z&#8221; dedi\u011fini vurgulad\u0131.<\/p>\n<p style=\"text-align: justify;\">B\u00fclent Ar\u0131n\u00e7, \u015f\u00f6yle konu\u015ftu:<\/p>\n<p style=\"text-align: justify;\">&#8221;(Medeni bir dil de\u011fildir) demedim ama s\u00f6yledi\u011fim \u015fu. Bunun bir medeniyet dili olup olmad\u0131\u011f\u0131n\u0131 sormak istiyorum. Yani bu dil kitab\u0131 olur, tiyatrosu olur, manzumu olur, \u015fiiri olur ve \u015fu kadar y\u0131ldan beri konu\u015fulur. Buras\u0131 Kuzey Irak&#8217;\u0131n S\u00fcleymaniye&#8217;si de\u011fil. Orada bu dilde e\u011fitim veren bir okul da olabilir. Ama g\u00f6sterdi\u011finiz sadece S\u00fcleymaniye&#8217;deki bir okul. D\u00fcnyan\u0131n ba\u015fka yerlerinde b\u00f6yle bir e\u011fitim var m\u0131 yok. &#8216;K\u00fcrt\u00e7e bu haliyle ilkokuldan \u00fcniversitenin son s\u0131n\u0131f\u0131na kadar e\u011fitim verebilecek zenginlikte mi? \u0130mkanlar\u0131yla haz\u0131r m\u0131? Bunu soruyorum&#8217; dedim. Kendim bir h\u00fck\u00fcm koymad\u0131m ortaya. &#8216;Bir medeniyet dili de\u011fildir&#8217; demedim. \u00c7\u00fcnk\u00fc onu deseydim sayg\u0131s\u0131zl\u0131k yapm\u0131\u015f olurdum. \u015eimdi bu sorumu do\u011fru anlayanlar bana cevap verdiler. Beni ele\u015ftirdiler.<\/p>\n<p style=\"text-align: justify;\">&#8216;K\u00fcrt\u00e7e, medeniyet dilidir&#8217; dediler. \u0130\u015fte ben sorumun cevab\u0131n\u0131 ald\u0131m ve bu y\u00fczden mesela Orhan Miro\u011flu&#8217;na, Muhsin K\u0131z\u0131lkaya&#8217;ya telefon a\u00e7t\u0131m, te\u015fekk\u00fcr ettim. Belki ba\u015fkalar\u0131 da yazm\u0131\u015f olabilir. Ama iki ki\u015fiye \u00f6zellikle te\u015fekk\u00fcr ettim. \u00c7\u00fcnk\u00fc benim istedi\u011fim \u00fcslup da bu. Hakaret ederek, ba\u011f\u0131rarak \u00d6zg\u00fcr G\u00fcndem&#8217;in \u00fcslubuyla veya &#8216;Azadiya Welat&#8217;\u0131n yazd\u0131klar\u0131yla de\u011fil. &#8216;Akl\u0131 ba\u015f\u0131nda, bilimsel olarak ve vicdan sahihi olarak beni ele\u015ftirdi\u011finiz i\u00e7in size te\u015fekk\u00fcr ediyorum&#8217; dedim.&#8221;<\/p>\n<p style=\"text-align: justify;\">&#8221;Bir tek \u015feyi g\u00f6rd\u00fcm bug\u00fcne kadar. &#8216;K\u00fcrt\u00e7e medeniyet dili de\u011fildir, bununla e\u011fitim yap\u0131lmaz&#8217; diye bir yaz\u0131 \u00e7\u0131kmad\u0131&#8221; diyen Ar\u0131n\u00e7, \u015funlar\u0131 kaydetti:<\/p>\n<p style=\"text-align: justify;\">&#8221;Yani bu \u015fekilde d\u00fc\u015f\u00fcnen ama bunu ifade etmekten \u00e7ekinen, korkan pek \u00e7ok insan var demek ki. Ama tam aksine &#8216;K\u00fcrt\u00e7e medeniyet dilidir, sen yanl\u0131\u015f d\u00fc\u015f\u00fcn\u00fcyorsun, ald\u0131n m\u0131 sorunun cevab\u0131n\u0131&#8217; diyen pek \u00e7ok insan oldu. Ya korkanlar azald\u0131 veyahut da onlar da kabul ediyor ki K\u00fcrt\u00e7e bir medeniyet dilidir. Art\u0131k ben bu tarafa a\u011f\u0131rl\u0131k verebilir haldeyim.&#8221;<\/p>\n<p style=\"text-align: justify;\"><strong>28 \u015eUBAT YARGILANIR MI YARGILANMAZ MI?<\/strong><\/p>\n<p style=\"text-align: justify;\">28 \u015eubat yarg\u0131lan\u0131r m\u0131 yarg\u0131lanmaz m\u0131? O g\u00fcn\u00fcn ma\u011fduru biziz ama bu i\u015fi sorgulamak ya da yarg\u0131lamak benim i\u015fim de\u011fil yarg\u0131n\u0131n i\u015fi. Sen bir vatansever olarak o s\u00fcre\u00e7le ilgili \u015fikayetini yapt\u0131n m\u0131? Yapanlar oldu, ama bu g\u00fcr\u00fclt\u00fc \u00e7\u0131karanlar de\u011fil. Ger\u00e7ekten o g\u00fcn\u00fcn ma\u011fdurlar\u0131. Yarg\u0131 onlar\u0131n \u015fikayetlerini ele ald\u0131. &#8216;Efendim 27 Nisan&#8217;da b\u00f6yle bir \u015fey olur mu?&#8217; Yarg\u0131ya bakaca\u011f\u0131z. Olursa onun da belki sonucunu g\u00f6rece\u011fiz. Ama \u015fu anda ya\u015fad\u0131\u011f\u0131m\u0131z t\u00fcm olaylar, ge\u00e7mi\u015fte yap\u0131lan TCK&#8217;n\u0131n su\u00e7 sayd\u0131\u011f\u0131 veya kendi \u00f6zel kanunlar\u0131nda su\u00e7 say\u0131lan filler veya do\u011frudan anayasay\u0131 ihlal \u00e7abalar\u0131n\u0131n art\u0131k kar\u015f\u0131l\u0131ks\u0131z kalmayaca\u011f\u0131n\u0131 ve bunlarla ilgili bir z\u0131rh\u0131n olmad\u0131\u011f\u0131n\u0131 bize g\u00f6steriyor. Bunun motoru AK Parti&#8217;ydi. Bunun karar\u0131n\u0131 millet verdi. O g\u00fcn &#8216;hay\u0131r&#8217; diyenler d\u00fc\u015f\u00fcns\u00fcn, biz &#8216;evet&#8217; diyenler olarak hem Allah&#8217;a hamd ediyoruz hem de milletimize &#8216;sen ne g\u00fczel i\u015f yapt\u0131n&#8217; diyoruz.&#8221;<\/p>\n<p style=\"text-align: justify;\"><a href=\"http:\/\/www.gazeteport.com.tr\/haber\/82463\/gomlegi_erdogan_cikardi\" target=\"_blank\">Kaynak : GAZETEPORT<\/a><\/p>\n","protected":false},"excerpt":{"rendered":"<p style=\"text-align: center;\">\n<p style=\"text-align: justify;\">B\u00fclent Ar\u0131n\u00e7: \u00c7\u00fcnk\u00fc bu g\u00f6mlek \u00e7\u0131karmak, palto \u00e7\u0131karmak, pard\u00f6s\u00fc \u00e7\u0131karmak, bunlar bu anlamda bana g\u00f6re ba\u015fkalar\u0131n\u0131n yanl\u0131\u015f anlayabilece\u011fi \u015feyler.<\/p>\n<p style=\"text-align: justify;\">ANKARA &#8211; Ba\u015fbakan Yard\u0131mc\u0131s\u0131 B\u00fclent Ar\u0131n\u00e7, &#8221;(AK Parti 28 \u015eubat&#8217;\u0131n \u00fcr\u00fcn\u00fcd\u00fcr) demek, b\u00fcy\u00fck bir cehalet \u00fcr\u00fcn\u00fcd\u00fcr&#8221; dedi.<\/p>\n<p style=\"text-align: justify;\">Ar\u0131n\u00e7, Habert\u00fcrk televizyonunda canl\u0131 yay\u0131nlanan &#8221;Bas\u0131n Kulub\u00fc&#8221; program\u0131nda, 28 \u015eubat&#8217;\u0131n <\/p>\n","protected":false},"author":1,"featured_media":0,"comment_status":"open","ping_status":"open","sticky":false,"template":"","format":"standard","meta":{"footnotes":""},"categories":[105],"tags":[],"class_list":["post-49162","post","type-post","status-publish","format-standard","hentry","category-gundem","odd"],"_links":{"self":[{"href":"http:\/\/www.korhanyilmaz.com\/index.php?rest_route=\/wp\/v2\/posts\/49162","targetHints":{"allow":["GET"]}}],"collection":[{"href":"http:\/\/www.korhanyilmaz.com\/index.php?rest_route=\/wp\/v2\/posts"}],"about":[{"href":"http:\/\/www.korhanyilmaz.com\/index.php?rest_route=\/wp\/v2\/types\/post"}],"author":[{"embeddable":true,"href":"http:\/\/www.korhanyilmaz.com\/index.php?rest_route=\/wp\/v2\/users\/1"}],"replies":[{"embeddable":true,"href":"http:\/\/www.korhanyilmaz.com\/index.php?rest_route=%2Fwp%2Fv2%2Fcomments&post=49162"}],"version-history":[{"count":0,"href":"http:\/\/www.korhanyilmaz.com\/index.php?rest_route=\/wp\/v2\/posts\/49162\/revisions"}],"wp:attachment":[{"href":"http:\/\/www.korhanyilmaz.com\/index.php?rest_route=%2Fwp%2Fv2%2Fmedia&parent=49162"}],"wp:term":[{"taxonomy":"category","embeddable":true,"href":"http:\/\/www.korhanyilmaz.com\/index.php?rest_route=%2Fwp%2Fv2%2Fcategories&post=49162"},{"taxonomy":"post_tag","embeddable":true,"href":"http:\/\/www.korhanyilmaz.com\/index.php?rest_route=%2Fwp%2Fv2%2Ftags&post=49162"}],"curies":[{"name":"wp","href":"https:\/\/api.w.org\/{rel}","templated":true}]}}