{"id":49156,"date":"2012-03-03T16:54:18","date_gmt":"2012-03-03T14:54:18","guid":{"rendered":"http:\/\/www.korhanyilmaz.com\/?p=49156"},"modified":"2012-03-03T19:36:23","modified_gmt":"2012-03-03T17:36:23","slug":"balbay-kime-tecavuz-etti","status":"publish","type":"post","link":"http:\/\/www.korhanyilmaz.com\/?p=49156","title":{"rendered":"&#8220;Balbay kime tecav\u00fcz etti?&#8221;"},"content":{"rendered":"<p style=\"text-align: center;\"><a href=\"http:\/\/www.korhanyilmaz.com\/wp-content\/uploads\/2012\/03\/9063.jpg\"  class=\"lightview\"><img loading=\"lazy\" decoding=\"async\" class=\"aligncenter  wp-image-49157\" src=\"http:\/\/www.korhanyilmaz.com\/wp-content\/uploads\/2012\/03\/9063.jpg\" alt=\"\" width=\"396\" height=\"180\" \/><\/a><\/p>\n<p style=\"text-align: justify;\">CHP milletvekili Cihaner: Bug\u00fcn bakanlardan birisi a\u00e7\u0131klama yapm\u0131\u015f &#8216;tutuklu olanlar gazeteci de\u011fil tecav\u00fczden ya da banka soygunundan&#8217; ama nedense isimlerini hi\u00e7 s\u00f6ylemiyorlar.<\/p>\n<p style=\"text-align: justify;\">\u0130STANBUL &#8211; Tutuklu gazeteciler Mustafa Balbay ve Tuncay \u00d6zkan i\u00e7in Beyo\u011flu&#8217;nda d\u00fczenlenen destek y\u00fcr\u00fcy\u00fc\u015f\u00fcne kat\u0131lan Eski Erzincan Ba\u015fsavc\u0131s\u0131, CHP Denizli Milletvekili \u0130lhan Cihaner, habercilerin sorusu \u00fczerine hakk\u0131nda ter\u00f6r \u00f6rg\u00fct\u00fc y\u00f6neticisi su\u00e7lamas\u0131yla a\u00e7\u0131lan davayla ilgili konu\u015ftu.\u00a0<!--more--><\/p>\n<p style=\"text-align: justify;\">\u0130\u015fleyen s\u00fcrecin hukuk d\u0131\u015f\u0131 oldu\u011funu ifade eden Cihaner, &#8220;Soru\u015fturma izni verilmeden ba\u015flat\u0131lm\u0131\u015f bir s\u00fcre\u00e7 s\u00f6z konusu. Yeniden inceleme ve itiraz yollar\u0131na da ba\u015fvurma olana\u011f\u0131 tan\u0131nmad\u0131. Art\u0131k karar veren hakimleri reddetmemiz s\u00f6z konusu, bununla ilgili bir \u015fey yap\u0131lmad\u0131. Daha detayl\u0131 bir karar veririz&#8221; dedi. Cihaner, &#8220;T\u00fcrkiye art\u0131k hukuk devleti niteli\u011fini kaybetti, hukuk devleti, her \u015feyden \u00f6nce yaz\u0131l\u0131 kurallar\u0131n\u0131n herkesi ba\u011flad\u0131\u011f\u0131 bir devlet. E\u011fer hi\u00e7bir \u015fey \u00f6n g\u00f6r\u00fclemiyorsa onun ad\u0131 hukuk devleti de\u011fildir. Dolay\u0131s\u0131yla ne olur ne biter hi\u00e7bir \u015fey&#8230; \u015eu anda toplanmam\u0131z\u0131 nedeni olan hi\u00e7bir \u015fey hukukla a\u00e7\u0131klanamaz ki, yani bir insan\u0131 hapsedip hukuk d\u0131\u015f\u0131 bir \u015fekilde tecrite alman\u0131n hukuki a\u00e7\u0131klamas\u0131 yok ki buna dair \u015fu olur bu olur diyebilelim&#8221; diye konu\u015ftu.<\/p>\n<p style=\"text-align: justify;\">Cihaner, &#8220;\u0130\u015fte bug\u00fcn bakanlardan birisi a\u00e7\u0131klama yapm\u0131\u015f &#8216;tutuklu olanlar gazeteci de\u011fil tecav\u00fczden ya da banka soygunundan&#8217; ama nedense isimlerini hi\u00e7 s\u00f6ylemiyorlar. Hangi gazeteci kime tecav\u00fcz etmi\u015f, hangisi hangi ter\u00f6r eylemi talimat\u0131 vermi\u015f, hangisi hangi bankay\u0131 soymu\u015f. Yani Ahmet \u015e\u0131k hangi bankay\u0131 soymu\u015f. Balbay kime tecav\u00fcz etmi\u015f s\u00f6yleseler de bizde bilsek. Ya\u015fad\u0131klar\u0131m\u0131z asl\u0131nda hukukla mant\u0131kla a\u00e7\u0131klanacak bi\u015fey de\u011fil&#8221; dedi. (DHA)<\/p>\n<p style=\"text-align: justify;\"><a href=\"http:\/\/www.gazeteport.com\/haber\/82535\/balbay_kime_tecavuz_etti\" target=\"_blank\">Kaynak : GAZETEPORT<\/a><\/p>\n","protected":false},"excerpt":{"rendered":"<p style=\"text-align: center;\">\n<p style=\"text-align: justify;\">CHP milletvekili Cihaner: Bug\u00fcn bakanlardan birisi a\u00e7\u0131klama yapm\u0131\u015f &#8216;tutuklu olanlar gazeteci de\u011fil tecav\u00fczden ya da banka soygunundan&#8217; ama nedense isimlerini hi\u00e7 s\u00f6ylemiyorlar.<\/p>\n<p style=\"text-align: justify;\">\u0130STANBUL &#8211; Tutuklu gazeteciler Mustafa Balbay ve Tuncay \u00d6zkan i\u00e7in Beyo\u011flu&#8217;nda d\u00fczenlenen destek y\u00fcr\u00fcy\u00fc\u015f\u00fcne kat\u0131lan Eski Erzincan Ba\u015fsavc\u0131s\u0131, CHP Denizli Milletvekili \u0130lhan Cihaner, habercilerin sorusu \u00fczerine <\/p>\n","protected":false},"author":1,"featured_media":0,"comment_status":"open","ping_status":"open","sticky":false,"template":"","format":"standard","meta":{"footnotes":""},"categories":[105],"tags":[],"class_list":["post-49156","post","type-post","status-publish","format-standard","hentry","category-gundem","odd"],"_links":{"self":[{"href":"http:\/\/www.korhanyilmaz.com\/index.php?rest_route=\/wp\/v2\/posts\/49156","targetHints":{"allow":["GET"]}}],"collection":[{"href":"http:\/\/www.korhanyilmaz.com\/index.php?rest_route=\/wp\/v2\/posts"}],"about":[{"href":"http:\/\/www.korhanyilmaz.com\/index.php?rest_route=\/wp\/v2\/types\/post"}],"author":[{"embeddable":true,"href":"http:\/\/www.korhanyilmaz.com\/index.php?rest_route=\/wp\/v2\/users\/1"}],"replies":[{"embeddable":true,"href":"http:\/\/www.korhanyilmaz.com\/index.php?rest_route=%2Fwp%2Fv2%2Fcomments&post=49156"}],"version-history":[{"count":0,"href":"http:\/\/www.korhanyilmaz.com\/index.php?rest_route=\/wp\/v2\/posts\/49156\/revisions"}],"wp:attachment":[{"href":"http:\/\/www.korhanyilmaz.com\/index.php?rest_route=%2Fwp%2Fv2%2Fmedia&parent=49156"}],"wp:term":[{"taxonomy":"category","embeddable":true,"href":"http:\/\/www.korhanyilmaz.com\/index.php?rest_route=%2Fwp%2Fv2%2Fcategories&post=49156"},{"taxonomy":"post_tag","embeddable":true,"href":"http:\/\/www.korhanyilmaz.com\/index.php?rest_route=%2Fwp%2Fv2%2Ftags&post=49156"}],"curies":[{"name":"wp","href":"https:\/\/api.w.org\/{rel}","templated":true}]}}