{"id":49151,"date":"2012-03-03T15:05:36","date_gmt":"2012-03-03T13:05:36","guid":{"rendered":"http:\/\/www.korhanyilmaz.com\/?p=49151"},"modified":"2012-03-03T17:43:05","modified_gmt":"2012-03-03T15:43:05","slug":"benimki-secildi-basbakan-begenmedi","status":"publish","type":"post","link":"http:\/\/www.korhanyilmaz.com\/?p=49151","title":{"rendered":"&#8220;Benimki se\u00e7ildi, Ba\u015fbakan be\u011fenmedi&#8221;"},"content":{"rendered":"<p style=\"text-align: center;\"><a href=\"http:\/\/www.korhanyilmaz.com\/wp-content\/uploads\/2012\/03\/9061.jpg\"  class=\"lightview\"><img loading=\"lazy\" decoding=\"async\" class=\"aligncenter  wp-image-49152\" src=\"http:\/\/www.korhanyilmaz.com\/wp-content\/uploads\/2012\/03\/9061.jpg\" alt=\"\" width=\"308\" height=\"237\" \/><\/a><\/p>\n<p style=\"text-align: justify;\">TL\u2019nin yeni simgesinden daha \u00e7ok be\u011fenilen simgenin sahibi tart\u0131\u015fma yaratacak bir iddia ortaya att\u0131. O simgenin sahibi H\u00fcseyin Artuk, &#8220;Benimki se\u00e7ildi ama Ba\u015fbakan be\u011fenmedi&#8230; &#8221; dedi.<\/p>\n<p style=\"text-align: justify;\">TL\u2019nin en a\u00e7\u0131k ve kolay anla\u015f\u0131l\u0131r simgesi olarak vatanda\u015ftan onay alan tasar\u0131m\u0131n sahibi H\u00fcseyin Artuk, Merkez Bankas\u0131\u2019n\u0131n \u00f6nceki hafta, yar\u0131\u015fma sonucunu bir bas\u0131n toplant\u0131s\u0131yla a\u00e7\u0131klayaca\u011f\u0131n\u0131 kamuoyuna duyurdu\u011funu, ancak ertesi g\u00fcn son dakika a\u00e7\u0131klamas\u0131 yaparak bu toplant\u0131y\u0131 teknik nedenlerle iptal etti\u011fini hat\u0131rlatt\u0131.<!--more--><\/p>\n<p style=\"text-align: justify;\"><a href=\"http:\/\/www.korhanyilmaz.com\/wp-content\/uploads\/2012\/03\/9062.jpg\"  class=\"lightview\"><img loading=\"lazy\" decoding=\"async\" class=\"alignleft  wp-image-49153\" style=\"margin-left: 10px; margin-right: 10px;\" src=\"http:\/\/www.korhanyilmaz.com\/wp-content\/uploads\/2012\/03\/9062.jpg\" alt=\"\" width=\"299\" height=\"168\" \/><\/a>Vatan gazetesine konu\u015fan Atuk bu iptalin ger\u00e7ekte Merkez Bankas\u0131\u2019n\u0131n kendi tasar\u0131m\u0131n\u0131 birinci se\u00e7mesinden ancak Ba\u015fbakan\u2019\u0131n tasar\u0131mlar\u0131 g\u00f6rmek istemesinden dolay\u0131 ger\u00e7ekle\u015fti\u011fini \u00f6ne s\u00fcrd\u00fc. Artuk, Ba\u015fbakan\u2019\u0131n bir ba\u015fka tasar\u0131m\u0131 tercih etmesi nedeniyle kendisinin sadece te\u015fvik \u00f6d\u00fcl\u00fc ald\u0131\u011f\u0131n\u0131 \u00f6\u011frendi\u011fini s\u00f6yledi.<\/p>\n<p style=\"text-align: justify;\">Merkez Bankas\u0131 simge yar\u0131\u015fmas\u0131na kat\u0131lmak isteyenler \u015fartname gere\u011fi ba\u015fvurular\u0131na kendilerini belirtecek hi\u00e7bir bilgi yazam\u0131yorlar. Her ba\u015fvuran bir rumuz kullanmak zorunda. Birincilik \u00f6d\u00fcl\u00fcn\u00fc alan T\u00fclay Lale\u2019nin de ba\u015fvurusunu \u201c\u015eirin\u201d rumuzuyla yapt\u0131\u011f\u0131 biliniyor. H\u00fcseyin Artuk ise kendisi rumuzunun \u201cCNK88\u201d oldu\u011funu s\u00f6yledi.<\/p>\n<p style=\"text-align: justify;\">Atuk yar\u0131\u015fma sonu\u00e7lar\u0131n\u0131n a\u00e7\u0131kland\u0131\u011f\u0131 toplant\u0131n\u0131n ard\u0131ndan Merkez Bankas\u0131\u2019ndan bir yetkilinin kendisini arad\u0131\u011f\u0131n\u0131, \u201cToplant\u0131da sizi misafir edemedik. Ancak nisan ay\u0131nda yap\u0131lacak Genel Kurulumuz\u2019da sizi a\u011f\u0131rlayaca\u011f\u0131z\u201d dedi\u011fini ve tebrik etti\u011fini belirtti.<\/p>\n<p style=\"text-align: justify;\"><strong>MERKEZ BANKASI&#8217;NDAN YALANLAMA GELD\u0130\u00a0<\/strong><\/p>\n<p style=\"text-align: justify;\">BU haberin ard\u0131ndan Merkez Bankas\u0131, &#8220;Birinci benimkiydi, Ba\u015fbakan istemedi&#8221; \u015feklinde \u00e7\u0131kan haberde hayal \u00fcr\u00fcn\u00fc ve ger\u00e7ek d\u0131\u015f\u0131 beyanlar yer ald\u0131\u011f\u0131n\u0131 bildirdi.<\/p>\n<p style=\"text-align: justify;\">Merkez Bankas\u0131n\u0131n yapt\u0131\u011f\u0131 a\u00e7\u0131klamada, &#8220;3 Mart 2012 tarihinde bir ulusal gazetede &#8216;Birinci benimkiydi, Ba\u015fbakan istemedi&#8217; \u015feklinde yer alan haberde, Bankam\u0131zca d\u00fczenlenen TL Simge Yar\u0131\u015fmas\u0131 sonu\u00e7lar\u0131 hakk\u0131nda hayal \u00fcr\u00fcn\u00fc ve ger\u00e7ekd\u0131\u015f\u0131 beyanlar yer alm\u0131\u015ft\u0131r&#8221; ifadesi kullan\u0131ld\u0131.<\/p>\n<p style=\"text-align: justify;\">A\u00e7\u0131klamada, &#8220;TL Simge Yar\u0131\u015fmas\u0131 sonu\u00e7lar\u0131 hakk\u0131nda 22 \u015eubat 2012 tarihindeki bas\u0131n duyurusunda belirtildi\u011fi \u00fczere, TL simgesinin farkl\u0131 bilgisayar ortamlar\u0131nda g\u00fcvenli bir \u015fekilde uygulanabilirli\u011finin g\u00f6sterimine ili\u015fkin teknik \u00e7al\u0131\u015fmalar\u0131n tamamlanabilmesi i\u00e7in zamana ihtiya\u00e7 duyuldu\u011fu ve yar\u0131\u015fma sonu\u00e7lar\u0131n\u0131n a\u00e7\u0131klanmas\u0131n\u0131n bu nedenle ileri bir tarihe ertelendi\u011fi belirtilmi\u015ftir&#8221; denildi.<\/p>\n<p style=\"text-align: justify;\"><a href=\"http:\/\/www.cnnturk.com\/2012\/guncel\/03\/03\/benimki.secildi.basbakan.begenmedi\/651615.0\/index.html\" target=\"_blank\">Kaynak : CNN T\u00dcRK<\/a><\/p>\n","protected":false},"excerpt":{"rendered":"<p style=\"text-align: center;\">\n<p style=\"text-align: justify;\">TL\u2019nin yeni simgesinden daha \u00e7ok be\u011fenilen simgenin sahibi tart\u0131\u015fma yaratacak bir iddia ortaya att\u0131. O simgenin sahibi H\u00fcseyin Artuk, &#8220;Benimki se\u00e7ildi ama Ba\u015fbakan be\u011fenmedi&#8230; &#8221; dedi.<\/p>\n<p style=\"text-align: justify;\">TL\u2019nin en a\u00e7\u0131k ve kolay anla\u015f\u0131l\u0131r simgesi olarak vatanda\u015ftan onay alan tasar\u0131m\u0131n sahibi H\u00fcseyin Artuk, Merkez Bankas\u0131\u2019n\u0131n \u00f6nceki hafta, yar\u0131\u015fma sonucunu bir <\/p>\n","protected":false},"author":1,"featured_media":0,"comment_status":"open","ping_status":"open","sticky":false,"template":"","format":"standard","meta":{"footnotes":""},"categories":[105],"tags":[],"class_list":["post-49151","post","type-post","status-publish","format-standard","hentry","category-gundem","odd"],"_links":{"self":[{"href":"http:\/\/www.korhanyilmaz.com\/index.php?rest_route=\/wp\/v2\/posts\/49151","targetHints":{"allow":["GET"]}}],"collection":[{"href":"http:\/\/www.korhanyilmaz.com\/index.php?rest_route=\/wp\/v2\/posts"}],"about":[{"href":"http:\/\/www.korhanyilmaz.com\/index.php?rest_route=\/wp\/v2\/types\/post"}],"author":[{"embeddable":true,"href":"http:\/\/www.korhanyilmaz.com\/index.php?rest_route=\/wp\/v2\/users\/1"}],"replies":[{"embeddable":true,"href":"http:\/\/www.korhanyilmaz.com\/index.php?rest_route=%2Fwp%2Fv2%2Fcomments&post=49151"}],"version-history":[{"count":0,"href":"http:\/\/www.korhanyilmaz.com\/index.php?rest_route=\/wp\/v2\/posts\/49151\/revisions"}],"wp:attachment":[{"href":"http:\/\/www.korhanyilmaz.com\/index.php?rest_route=%2Fwp%2Fv2%2Fmedia&parent=49151"}],"wp:term":[{"taxonomy":"category","embeddable":true,"href":"http:\/\/www.korhanyilmaz.com\/index.php?rest_route=%2Fwp%2Fv2%2Fcategories&post=49151"},{"taxonomy":"post_tag","embeddable":true,"href":"http:\/\/www.korhanyilmaz.com\/index.php?rest_route=%2Fwp%2Fv2%2Ftags&post=49151"}],"curies":[{"name":"wp","href":"https:\/\/api.w.org\/{rel}","templated":true}]}}