{"id":49147,"date":"2012-03-03T15:19:30","date_gmt":"2012-03-03T13:19:30","guid":{"rendered":"http:\/\/www.korhanyilmaz.com\/?p=49147"},"modified":"2012-03-03T17:27:37","modified_gmt":"2012-03-03T15:27:37","slug":"akp-aba-altindan-sopa-gosteriyor","status":"publish","type":"post","link":"http:\/\/www.korhanyilmaz.com\/?p=49147","title":{"rendered":"&#8216;AKP aba alt\u0131ndan sopa g\u00f6steriyor&#8217;"},"content":{"rendered":"<p style=\"text-align: center;\"><a href=\"http:\/\/www.korhanyilmaz.com\/wp-content\/uploads\/2012\/03\/9060.jpg\"  class=\"lightview\"><img loading=\"lazy\" decoding=\"async\" class=\"aligncenter  wp-image-49148\" src=\"http:\/\/www.korhanyilmaz.com\/wp-content\/uploads\/2012\/03\/9060.jpg\" alt=\"\" width=\"396\" height=\"180\" \/><\/a><\/p>\n<p style=\"text-align: justify;\">Ali Bula\u00e7: &#8221;Biz iktidara destek vermeye devam edebiliriz, ama ele\u015ftirece\u011fiz de. \u0130ktidar bundan ho\u015flanm\u0131yor, nitekim ele\u015ftirenleri usul\u00fcne g\u00f6re kenarda tutarak etkisizle\u015ftirme yolunu se\u00e7iyor.&#8221;<\/p>\n<p style=\"text-align: justify;\">Zaman Gazetesi yazar\u0131 Ali Bula\u00e7 k\u00f6\u015fesinden AKP ve cemaat aras\u0131ndaki ili\u015fkiyle ilgili \u00e7arp\u0131c\u0131 analizlerde bulundu.\u00a0<!--more--><\/p>\n<p style=\"text-align: justify;\"><strong><span style=\"text-decoration: underline;\">\u0130\u015eTE O YAZI:\u00a0<\/span><\/strong><\/p>\n<p style=\"text-align: justify;\"><span style=\"background-color: #ffffff;\"><strong><span style=\"color: #993300;\">Siyak ve sibak<\/span>\u00a0<\/strong><\/span><\/p>\n<p style=\"text-align: justify;\">\u00c7\u0131kan tart\u0131\u015fma bir bak\u0131ma hay\u0131rl\u0131 oldu. Kimin siyasi s\u00fcrece, hangi niyet ve gayelerle kat\u0131ld\u0131\u011f\u0131, siyasetten ne anlad\u0131\u011f\u0131, son 300 y\u0131ll\u0131k yenilgiler tarihimizi hangi perspektiflerden anlad\u0131\u011f\u0131 bir nebze ortaya \u00e7\u0131km\u0131\u015f oldu.<\/p>\n<p style=\"text-align: justify;\">13 \u015eubat tarihli yaz\u0131mda istidad\u0131na g\u00f6re ayr\u0131\u015fmaya aday olan tart\u0131\u015fma usule uygun ve h\u00fcsn\u00fczan esas al\u0131narak s\u00fcrmeyecek olursa &#8220;<strong>fitne<\/strong>&#8220;ye kap\u0131 aralayaca\u011f\u0131n\u0131 yazd\u0131m. Sonraki g\u00fcnlerde iyi niyet sahibi yazarlar, siyaset\u00e7iler ve taraflar ad\u0131na konu\u015fma yetkisi olanlar &#8220;<strong>fitne<\/strong>&#8221; \u00fczerinden zaruri uyar\u0131lar yapt\u0131lar. \u015eimdi art\u0131k Star&#8217;da kendi ismiyle yazmaya ba\u015flayan Yal\u00e7\u0131n Akdo\u011fan -m\u00fcstear ismiyle Yasin Do\u011fan- \u00f6zetle bir &#8220;<strong>fitne tehlikesi<\/strong>&#8221; oldu\u011funu, haric\u00ee \u00e7evrelerin bekledi\u011finin aksine AK Parti ile cemaat aras\u0131nda hi\u00e7bir zaman bir kavgan\u0131n ya\u015fanmayaca\u011f\u0131n\u0131 defaatle ve kuvvetli ifadelerle belirtti, olumlu etkiler yapt\u0131.<\/p>\n<p style=\"text-align: justify;\">Ke\u015fke s\u00f6z\u00fcm ona yan\u0131nda durdu\u011fu kimseleri savunay\u0131m m\u00fclahazas\u0131yla kalemlerini yaralay\u0131c\u0131 b\u0131\u00e7ak gibi kullanan baz\u0131 k\u00f6\u015fe yazarlar\u0131 da ayn\u0131 teenniyi, itidal ve birli\u011fi telkin edebilselerdi. Kendi asli <strong>f\u0131k\u0131h<\/strong> geleneklerini unutmu\u015f bu &#8220;<strong>eski \u0130slamc\u0131lar<\/strong>&#8220;, muhafazak\u00e2r demokrasiye intisap etmi\u015f &#8220;<strong>gev\u015fek markaj dindarlar<\/strong>&#8220;, bir metnin siyak ve sibak\u0131 oldu\u011fu gibi, her toplumsal hadisenin de ge\u00e7mi\u015f ve gelece\u011fi olan bir ba\u011flam\u0131 oldu\u011funu yeterince hesaba katsalard\u0131, o zaman yang\u0131na odun ta\u015f\u0131mazlard\u0131.<\/p>\n<p style=\"text-align: justify;\">Baz\u0131lar\u0131 da, benim &#8220;<strong>siyaseti iktidar ili\u015fkisi<\/strong>&#8221; olarak tan\u0131mlay\u0131p se\u00e7imle i\u015fba\u015f\u0131na gelmi\u015f me\u015fru bir iktidar\u0131n asli g\u00f6revinin &#8220;<strong>ak\u0131ll\u0131 t\u00fcccar gibi kazand\u0131rarak kazanmak<\/strong>&#8221; oldu\u011funu, bir iktidar\u0131n payla\u015f\u0131mc\u0131 ve kat\u0131l\u0131mc\u0131 olabildi\u011fi kadar s\u00fcreklili\u011fini koruyabilece\u011fini yazarken, niyetimin asla kamu kaynaklar\u0131n\u0131n &#8220;<strong>bir size, bir bize olsun<\/strong>&#8221; demek olmad\u0131\u011f\u0131n\u0131 anlamad\u0131lar veya b\u00f6yle anlamak i\u015flerine geldi. Suizan beslemek istemiyorum, bu y\u00fczden kast\u0131m\u0131 bir kere daha ve net olarak ifade edeyim:<\/p>\n<p style=\"text-align: justify;\">\u0130ktidar, ili\u015fkiler bi\u00e7iminin d\u00fczenlenmesidir. &#8220;<strong>Se\u00e7ildim, art\u0131k milli iradeyi ben temsil ediyorum, diledi\u011fimi yapar\u0131m, hele bizim tarafta olanlar, i\u015finiz her yapt\u0131\u011f\u0131m\u0131 onaylamakt\u0131r<\/strong>&#8221; anlay\u0131\u015f\u0131 yanl\u0131\u015f ve tehlikelidir. \u0130ktidar, elbette ona destek veren toplumsal kesimleri g\u00f6zetecek, <strong>ama e\u011fer AK Parti&#8217;yi belli bir kesim de\u011fil, bir konsens\u00fcs eseri olarak b\u00fct\u00fcn cemaat ve din\u00ee gruplar iktidara getirmi\u015fse -ki bunda en ufak bir teredd\u00fct yok-<\/strong> o zaman herkesi adalet ve hakkaniyete g\u00f6re g\u00f6zetmek zorundad\u0131r. Ama en adil iktidar, sadece kendi sosyal grubunu, se\u00e7men kitlesini de\u011fil, b\u00fct\u00fcn bir topluma adil davranan, onun ihtiya\u00e7 ve taleplerini g\u00f6zeten iktidard\u0131r. <strong>Adalet, S\u00fcnni-Alevi, T\u00fcrk-K\u00fcrt, erkek-kad\u0131n, do\u011fulu-bat\u0131l\u0131, \u015fehirli-k\u00f6yl\u00fc<\/strong> ayr\u0131m\u0131 yapmaz. Bunun \u00f6zet ifadesi Efendimiz&#8217;in (sas) \u015fu buyru\u011fudur: &#8220;<strong>Her hak sahibine hakk\u0131n\u0131 ver!<\/strong>&#8221; (Buhari, Savm, 51)<\/p>\n<p style=\"text-align: justify;\"><strong>\u0130ktidar olman\u0131n maliyeti vard\u0131r. Kibir yapar, d\u00fcnyevile\u015ftirmeye kap\u0131 aralar, yanda\u015flar\u0131n\u0131 kay\u0131r\u0131r, ideal politi\u011fi reel politi\u011fe feda eder<\/strong> vs. AK Parti iktidar\u0131na destek veren dindar \u00e7evreler, cemaatler ve tarikatlar\u0131n ba\u015fka kayg\u0131lar\u0131 olmal\u0131. O kayg\u0131, 300 y\u0131ld\u0131r d\u00fc\u015ft\u00fc\u011f\u00fcm\u00fcz bu yerden nas\u0131l aya\u011fa kalkabilece\u011fimiz konusudur. Onlar da iktidar\u0131n g\u00fcnahlar\u0131na ortak olurlarsa sadece inand\u0131r\u0131c\u0131l\u0131klar\u0131n\u0131 de\u011fil, me\u015fruiyetlerini de kaybederler, bu tehlike v\u00e2riddir.<\/p>\n<p style=\"text-align: justify;\">Per\u015fembe g\u00fcnk\u00fc yaz\u0131mda \u015fah\u0131s ve cemaat isimlerini sayd\u0131klar\u0131m\u0131n t\u00fcm\u00fcn\u00fcn as\u0131l niyeti, din-i m\u00fcbine hizmettir. Usul ve \u00fcsluplar\u0131 farkl\u0131d\u0131r, hata ve yanl\u0131\u015flar\u0131 da \u00e7oktur. Bizim yeni bir zihniyetin te\u015fekk\u00fcl\u00fcne, ahlak\u00ee ar\u0131nmaya, adalet ve hakkaniyete dayal\u0131 yeni bir sosyo-ekonomik d\u00fczene ve \u00fcmmetin birli\u011fine ihtiyac\u0131m\u0131z var. Bu arada s\u00f6z konusu yaz\u0131da ismini unuttu\u011fum nice \u015fahsiyetten biri S\u00fcleyman Tunahan Efendi oldu. Kur&#8217;an dostu ve hizmetk\u00e2r\u0131 bu asil zat\u0131n hizmetleri asla unutulmaz, burada onu da rahmetle ve minnetle an\u0131yorum.<\/p>\n<p style=\"text-align: justify;\">Biz iktidara destek vermeye devam edebiliriz, ama ele\u015ftirece\u011fiz de. \u0130ktidar bundan ho\u015flanm\u0131yor, nitekim ele\u015ftirenleri usul\u00fcne g\u00f6re kenarda tutarak etkisizle\u015ftirme yolunu se\u00e7iyor, bazen &#8220;<strong>Sen bana g\u00fcvenmiyor musun, ele\u015ftirerek beni zay\u0131flat\u0131yorsun<\/strong>&#8221; diye aba alt\u0131ndan sopa da g\u00f6steriyor. Ho\u015flans\u0131n ho\u015flanmas\u0131n, yap\u0131c\u0131 olarak ve referanslar\u0131m\u0131zdan hareketle ele\u015ftirilere devam edece\u011fiz. M\u00fcsl\u00fcmanlar asli dava ve ideallerini unutmamal\u0131, iktidarlar gelip ge\u00e7icidir, her zaman &#8220;<strong>olan<\/strong>&#8220;dan &#8220;<strong>daha iyisi<\/strong>&#8221; vard\u0131r.<\/p>\n<p style=\"text-align: justify;\"><a href=\"http:\/\/www.gazeteport.com.tr\/haber\/82519\/akp_aba_altindan_sopa_gosteriyor\" target=\"_blank\">Kaynak : GAZETEPORT<\/a><\/p>\n","protected":false},"excerpt":{"rendered":"<p style=\"text-align: center;\">\n<p style=\"text-align: justify;\">Ali Bula\u00e7: &#8221;Biz iktidara destek vermeye devam edebiliriz, ama ele\u015ftirece\u011fiz de. \u0130ktidar bundan ho\u015flanm\u0131yor, nitekim ele\u015ftirenleri usul\u00fcne g\u00f6re kenarda tutarak etkisizle\u015ftirme yolunu se\u00e7iyor.&#8221;<\/p>\n<p style=\"text-align: justify;\">Zaman Gazetesi yazar\u0131 Ali Bula\u00e7 k\u00f6\u015fesinden AKP ve cemaat aras\u0131ndaki ili\u015fkiyle ilgili \u00e7arp\u0131c\u0131 analizlerde bulundu. <\/p>\n","protected":false},"author":1,"featured_media":0,"comment_status":"open","ping_status":"open","sticky":false,"template":"","format":"standard","meta":{"footnotes":""},"categories":[105],"tags":[],"class_list":["post-49147","post","type-post","status-publish","format-standard","hentry","category-gundem","odd"],"_links":{"self":[{"href":"http:\/\/www.korhanyilmaz.com\/index.php?rest_route=\/wp\/v2\/posts\/49147","targetHints":{"allow":["GET"]}}],"collection":[{"href":"http:\/\/www.korhanyilmaz.com\/index.php?rest_route=\/wp\/v2\/posts"}],"about":[{"href":"http:\/\/www.korhanyilmaz.com\/index.php?rest_route=\/wp\/v2\/types\/post"}],"author":[{"embeddable":true,"href":"http:\/\/www.korhanyilmaz.com\/index.php?rest_route=\/wp\/v2\/users\/1"}],"replies":[{"embeddable":true,"href":"http:\/\/www.korhanyilmaz.com\/index.php?rest_route=%2Fwp%2Fv2%2Fcomments&post=49147"}],"version-history":[{"count":0,"href":"http:\/\/www.korhanyilmaz.com\/index.php?rest_route=\/wp\/v2\/posts\/49147\/revisions"}],"wp:attachment":[{"href":"http:\/\/www.korhanyilmaz.com\/index.php?rest_route=%2Fwp%2Fv2%2Fmedia&parent=49147"}],"wp:term":[{"taxonomy":"category","embeddable":true,"href":"http:\/\/www.korhanyilmaz.com\/index.php?rest_route=%2Fwp%2Fv2%2Fcategories&post=49147"},{"taxonomy":"post_tag","embeddable":true,"href":"http:\/\/www.korhanyilmaz.com\/index.php?rest_route=%2Fwp%2Fv2%2Ftags&post=49147"}],"curies":[{"name":"wp","href":"https:\/\/api.w.org\/{rel}","templated":true}]}}