{"id":49143,"date":"2012-03-03T11:06:33","date_gmt":"2012-03-03T09:06:33","guid":{"rendered":"http:\/\/www.korhanyilmaz.com\/?p=49143"},"modified":"2012-03-03T12:44:49","modified_gmt":"2012-03-03T10:44:49","slug":"fezleke-utanc-belgesi","status":"publish","type":"post","link":"http:\/\/www.korhanyilmaz.com\/?p=49143","title":{"rendered":"&#8220;Fezleke utan\u00e7 belgesi&#8221;"},"content":{"rendered":"<p style=\"text-align: center;\"><a href=\"http:\/\/www.korhanyilmaz.com\/wp-content\/uploads\/2012\/03\/9059.jpg\"  class=\"lightview\"><img loading=\"lazy\" decoding=\"async\" class=\"aligncenter  wp-image-49144\" src=\"http:\/\/www.korhanyilmaz.com\/wp-content\/uploads\/2012\/03\/9059.jpg\" alt=\"\" width=\"396\" height=\"180\" \/><\/a><\/p>\n<p style=\"text-align: justify;\">CHP lideri K\u0131l\u0131\u00e7daro\u011flu: Dokunulmazl\u0131\u011f\u0131m\u0131 kald\u0131r\u0131n, ben gidip yarg\u0131lanmak istiyorum.<\/p>\n<p style=\"text-align: justify;\">\u0130STANBUL &#8211; CHP Genel Ba\u015fkan\u0131 Kemal K\u0131l\u0131\u00e7daro\u011flu, dokunulmazl\u0131\u011f\u0131n\u0131n kald\u0131r\u0131lmas\u0131 istemiyle haz\u0131rlanan fezlekenin TBMM Ba\u015fkanl\u0131\u011f\u0131na ula\u015fmas\u0131yla ilgili olarak, &#8221;Madem olmas\u0131 gereken oldu, onun gere\u011fini yap\u0131n. Dokunulmazl\u0131\u011f\u0131m\u0131 kald\u0131r\u0131n, ben gidip yarg\u0131lanmak istiyorum&#8221; dedi.\u00a0<!--more--><\/p>\n<p style=\"text-align: justify;\">CHP Genel Ba\u015fkan\u0131 Kemal K\u0131l\u0131\u00e7daro\u011flu, CHP Meclis Grubu taraf\u0131ndan Sheraton Hotel&#8217;de d\u00fczenlenen &#8221;4 4 4 e\u011fitim&#8221; konulu toplant\u0131ya geli\u015finde gazetecilerin sorular\u0131n\u0131 yan\u0131tlad\u0131.<\/p>\n<p style=\"text-align: justify;\">Toplant\u0131n\u0131n i\u00e7eri\u011finin sorulmas\u0131 \u00fczerine K\u0131l\u0131\u00e7daro\u011flu, yapt\u0131klar\u0131 toplant\u0131n\u0131n \u00e7ok \u00f6nemli oldu\u011funu s\u00f6yledi. Milli E\u011fitim Bakanl\u0131\u011f\u0131n\u0131n yapmas\u0131 gereken bir toplant\u0131y\u0131 d\u00fczenlediklerini anlatan K\u0131l\u0131\u00e7daro\u011flu, \u015f\u00f6yle konu\u015ftu:<\/p>\n<p style=\"text-align: justify;\">&#8221;\u00c7ocuklar\u0131m\u0131z\u0131n nas\u0131l yeti\u015fmesi gerekir, bununla ilgili olarak pedagoglar\u0131n, bilim insanlar\u0131n\u0131n, e\u011fitimcilerin g\u00f6r\u00fc\u015f bildirmesi laz\u0131m \u00e7\u00fcnk\u00fc bu konunun uzman\u0131 onlar.Parlamentoya bir kanun teklifi geldi Bakanlar Kurulu&#8217;ndan ge\u00e7meden, h\u00fck\u00fcmet bunu konu\u015fmadan, tart\u0131\u015fmadan, kamuoyunda tart\u0131\u015f\u0131lmadan&#8230; B\u00fct\u00fcn medya mensubu arkada\u015flar\u0131mdan rica ediyorum, televizyon y\u00f6neticilerinden rica ediyorum; halka &#8216;yeni getirilen e\u011fitim sisteminden sizin bilginiz var m\u0131&#8217; diye sorsunlar. \u00c7ocuklar\u0131n\u0131z e\u011fitilecek, 4 4 4 ne anlama geliyor bilen yok. Umuyorum g\u00fczel sonu\u00e7lar \u00e7\u0131kacak buradan.<\/p>\n<p style=\"text-align: justify;\"><strong>UTAN\u00c7 BELGES\u0130<\/strong><\/p>\n<p style=\"text-align: justify;\">K\u0131l\u0131\u00e7daro\u011flu, bir gazetecinin, &#8221;Sizinle ilgili fezlekenin Meclis Ba\u015fkanl\u0131\u011f\u0131na ula\u015ft\u0131\u011f\u0131 haberi geldi. Bu konudaki de\u011ferlendirmenizi alabilir miyiz&#8221; demesi \u00fczerine ise, &#8220;Bu fezleke demokrasi a\u00e7\u0131s\u0131ndan bir utan\u00e7 belgesidir. Ana muhalefet partisine &#8216;sen belli konularda d\u00fc\u015f\u00fcncelerini s\u00f6yleme, kamuoyuyla payla\u015fma&#8217; deme fezlekesidir bu. Demokrasinin temeline dinamit koyma fezlekesidir bu. Bu fezleke, siyasi otoritenin bilgisi ve alg\u0131s\u0131 do\u011frultusunda haz\u0131rlanan bir fezlekedir. \u00c7\u00fcnk\u00fc o fezleke sonucunda Say\u0131n ba\u015fbakan\u0131n s\u00f6yledi\u011fi bir laf var; &#8216;Olmas\u0131 gereken oldu&#8217;. Yani oh oldu. Buradan say\u0131n ba\u015fbakana \u00e7a\u011fr\u0131 yap\u0131yorum; madem olmas\u0131 gereken oldu, onun gere\u011fini yap\u0131n, dokunulmazl\u0131\u011f\u0131m\u0131 kald\u0131r\u0131n, ben gidip yarg\u0131lanmak istiyorum.&#8221;<\/p>\n<p style=\"text-align: justify;\">Ba\u015fka bir soru \u00fczerine Pozant\u0131 Cezaevi&#8217;nde Adalet Bakanl\u0131\u011f\u0131n\u0131n ald\u0131\u011f\u0131 \u00f6nlemlerin yeterli olmad\u0131\u011f\u0131n\u0131 ileri s\u00fcren K\u0131l\u0131\u00e7daro\u011flu, bu konuda CHP milletvekillerinin yetkililerle ve sivil otoritelerle g\u00f6r\u00fc\u015ft\u00fc\u011f\u00fcn\u00fc, haz\u0131rlad\u0131klar\u0131 raporu hem parti grubuna hem de partiye sunduklar\u0131n\u0131 anlatt\u0131.<\/p>\n<p style=\"text-align: justify;\"><a href=\"http:\/\/www.gazeteport.com.tr\/haber\/82473\/quotfezleke_utanc_belgesiquot\" target=\"_blank\">Kaynak : GAZETEPORT<\/a><\/p>\n","protected":false},"excerpt":{"rendered":"<p style=\"text-align: center;\">\n<p style=\"text-align: justify;\">CHP lideri K\u0131l\u0131\u00e7daro\u011flu: Dokunulmazl\u0131\u011f\u0131m\u0131 kald\u0131r\u0131n, ben gidip yarg\u0131lanmak istiyorum.<\/p>\n<p style=\"text-align: justify;\">\u0130STANBUL &#8211; CHP Genel Ba\u015fkan\u0131 Kemal K\u0131l\u0131\u00e7daro\u011flu, dokunulmazl\u0131\u011f\u0131n\u0131n kald\u0131r\u0131lmas\u0131 istemiyle haz\u0131rlanan fezlekenin TBMM Ba\u015fkanl\u0131\u011f\u0131na ula\u015fmas\u0131yla ilgili olarak, &#8221;Madem olmas\u0131 gereken oldu, onun gere\u011fini yap\u0131n. Dokunulmazl\u0131\u011f\u0131m\u0131 kald\u0131r\u0131n, ben gidip yarg\u0131lanmak istiyorum&#8221; dedi. <\/p>\n","protected":false},"author":1,"featured_media":0,"comment_status":"open","ping_status":"open","sticky":false,"template":"","format":"standard","meta":{"footnotes":""},"categories":[105],"tags":[],"class_list":["post-49143","post","type-post","status-publish","format-standard","hentry","category-gundem","odd"],"_links":{"self":[{"href":"http:\/\/www.korhanyilmaz.com\/index.php?rest_route=\/wp\/v2\/posts\/49143","targetHints":{"allow":["GET"]}}],"collection":[{"href":"http:\/\/www.korhanyilmaz.com\/index.php?rest_route=\/wp\/v2\/posts"}],"about":[{"href":"http:\/\/www.korhanyilmaz.com\/index.php?rest_route=\/wp\/v2\/types\/post"}],"author":[{"embeddable":true,"href":"http:\/\/www.korhanyilmaz.com\/index.php?rest_route=\/wp\/v2\/users\/1"}],"replies":[{"embeddable":true,"href":"http:\/\/www.korhanyilmaz.com\/index.php?rest_route=%2Fwp%2Fv2%2Fcomments&post=49143"}],"version-history":[{"count":0,"href":"http:\/\/www.korhanyilmaz.com\/index.php?rest_route=\/wp\/v2\/posts\/49143\/revisions"}],"wp:attachment":[{"href":"http:\/\/www.korhanyilmaz.com\/index.php?rest_route=%2Fwp%2Fv2%2Fmedia&parent=49143"}],"wp:term":[{"taxonomy":"category","embeddable":true,"href":"http:\/\/www.korhanyilmaz.com\/index.php?rest_route=%2Fwp%2Fv2%2Fcategories&post=49143"},{"taxonomy":"post_tag","embeddable":true,"href":"http:\/\/www.korhanyilmaz.com\/index.php?rest_route=%2Fwp%2Fv2%2Ftags&post=49143"}],"curies":[{"name":"wp","href":"https:\/\/api.w.org\/{rel}","templated":true}]}}