{"id":49134,"date":"2012-03-02T01:15:56","date_gmt":"2012-03-01T23:15:56","guid":{"rendered":"http:\/\/www.korhanyilmaz.com\/?p=49134"},"modified":"2012-03-03T01:38:46","modified_gmt":"2012-03-02T23:38:46","slug":"hukumet-aihm-ile-pazarlikta","status":"publish","type":"post","link":"http:\/\/www.korhanyilmaz.com\/?p=49134","title":{"rendered":"&#8216;H\u00fck\u00fcmet A\u0130HM ile pazarl\u0131kta&#8217;"},"content":{"rendered":"<p style=\"text-align: center;\"><a href=\"http:\/\/www.korhanyilmaz.com\/wp-content\/uploads\/2012\/03\/9056.jpg\"  class=\"lightview\"><img loading=\"lazy\" decoding=\"async\" class=\"aligncenter  wp-image-49135\" src=\"http:\/\/www.korhanyilmaz.com\/wp-content\/uploads\/2012\/03\/9056.jpg\" alt=\"\" width=\"276\" height=\"207\" \/><\/a><\/p>\n<p style=\"text-align: justify;\">BDP Grup Ba\u015fkanvekili Hasip Kaplan, TBMM&#8217;de d\u00fczenledi\u011fi bas\u0131n toplant\u0131s\u0131nda, A\u0130HM&#8217;deki davalar\u0131n, T\u00fcrkiye&#8217;ye iade edilece\u011fi konusunda bir mutabakattan bahsedildi\u011fini s\u00f6yledi.<\/p>\n<p style=\"text-align: justify;\">TBMM- A\u0130HM&#8217;de i\u015f y\u00fck\u00fcn\u00fcn artt\u0131\u011f\u0131n\u0131, bunun hafifletilmek istendi\u011fini ifade eden Kaplan, T\u00fcrkiye&#8217;nin \u00f6n\u00fcnde yeni bir s\u00fcre\u00e7 oldu\u011funu, anayasa referandumu sonucu 23 Eyl\u00fcl&#8217;de bireysel ba\u015fvuru yolunun a\u00e7\u0131laca\u011f\u0131n\u0131, bu tarihten itibaren davalar\u0131n A\u0130HM&#8217;e gitmeyece\u011fini anlatt\u0131.\u00a0<!--more--><\/p>\n<p style=\"text-align: justify;\">Kaplan, \u015f\u00f6yle devam etti:<\/p>\n<p style=\"text-align: justify;\">&#8221;Bu s\u00fcre\u00e7 i\u015flerken Avrupa mahkemesi, H\u00fck\u00fcmetle g\u00f6r\u00fc\u015fmeler yap\u0131yor. Strasbourg Mahkemesi ne yapmak istiyor? S\u00f6zle\u015fme hukukuna g\u00f6re, g\u00f6rev, yetki ve sorumlulu\u011funu neden tekrar ulusal mahkemelere devretmek istiyor? Amac\u0131 sadece i\u015f y\u00fck\u00fcn\u00fc hafifletmekse vahim bir durumla kar\u015f\u0131 kar\u015f\u0131yay\u0131z. Hukuken, siyaseten, ahlaken, ulusal \u00fcst\u00fc hukuk ve yarg\u0131 sorgulan\u0131r duruma d\u00fc\u015f\u00fcyor. A\u0130HM&#8217;in, ihlalleri koruyucu, kollay\u0131c\u0131 bir yakla\u015f\u0131m i\u00e7ine girmesi, etkinli\u011fini, g\u00fcvenilirli\u011fini, sayg\u0131nl\u0131\u011f\u0131n\u0131, cayd\u0131r\u0131c\u0131l\u0131\u011f\u0131n\u0131 sorgulan\u0131r bir duruma getirmi\u015ftir. A\u0130HM davalardan kurtulmak istiyor, H\u00fck\u00fcmet de mahkumiyetten kurtulmak istiyor. \u0130nsan haklar\u0131 ihlallerinin doru\u011fa \u00e7\u0131kacak bir atmosferde, A\u0130HM, AKP H\u00fck\u00fcmetine oksijen vermeye, ihlaller konusunda cesaretlendirmeye, korumaya kalk\u0131\u015f\u0131rsa, me\u015fruiyeti de tart\u0131\u015fma konusu olmaya ba\u015flar. H\u00fck\u00fcmet ile Strasbourg Mahkemesi aras\u0131nda tart\u0131\u015fmal\u0131 bir pazarl\u0131k s\u00fcr\u00fcyor. Pazarl\u0131\u011f\u0131n konusu insan hak ve \u00f6zg\u00fcrl\u00fckleridir.&#8221;<\/p>\n<p style=\"text-align: justify;\"><strong>&#8221;Tarih tekerr\u00fcr edecekse&#8221;\u00a0<\/strong><\/p>\n<p style=\"text-align: justify;\">Kaplan, 18 y\u0131l \u00f6nce, 2 Mart 1994&#8217;te, DEP milletvekillerinin, dokunulmazl\u0131klar\u0131n\u0131n kald\u0131r\u0131ld\u0131\u011f\u0131n\u0131, Mecliste g\u00f6zalt\u0131na al\u0131nd\u0131\u011f\u0131n\u0131 hat\u0131rlatt\u0131. 18 y\u0131l \u00f6nce ya\u015fananlar\u0131n tekrarland\u0131\u011f\u0131n\u0131 savunan Kaplan, tutuklu 8 milletvekilinin, aylard\u0131r g\u00f6rev yapamad\u0131\u011f\u0131n\u0131 belirtti.<\/p>\n<p style=\"text-align: justify;\">&#8221;Milletin se\u00e7tiklerini, her isteyen istedi\u011fi gibi cezaevine koyacaksa, tarih tekerr\u00fcr edecekse, \u00e7ok vahim noktay\u0131z&#8221;diyen Kaplan, \u015funlar\u0131 s\u00f6yledi:<\/p>\n<p style=\"text-align: justify;\">&#8221;H\u00fck\u00fcmet yol ay\u0131r\u0131mdad\u0131r; ya siyasi, askeri operasyonlar\u0131n\u0131 devam ettirecek, 1994 Meclisteki darbe s\u00fcreci gibi bir s\u00fcreci devam ettirecek. Ki bunun sonucu \u00e7ok a\u011f\u0131rd\u0131r; \u00e7at\u0131\u015fma, \u00f6l\u00fcm, kan, g\u00f6zya\u015f\u0131d\u0131r. Meclis bu deneyimi kald\u0131racak durumda de\u011fildir. B\u00f6yle bir deneyim ya\u015fad\u0131ktan sonra, K\u00fcrt halk\u0131n\u0131n, &#8216;bu Meclis bizim Meclisimiz de\u011fildir, se\u00e7tiklerimizi her defas\u0131nda tutukluyorlar&#8217; noktas\u0131na gelmesi, duygusal kopu\u015fun ba\u015flang\u0131c\u0131 olarak b\u00f6yle bir tehlikenin olma ihtimali hala vard\u0131r. Sorunlar\u0131m\u0131z\u0131n tek \u00e7\u00f6z\u00fcm yolunun demokratikle\u015fme, onurlu bar\u0131\u015f, Meclis ve Ankara oldu\u011funun \u0131srarla alt\u0131n\u0131 \u00e7iziyoruz. H\u00fck\u00fcmete \u00e7a\u011fr\u0131da bulunuyor ve uyar\u0131yoruz; yeni bir anayasa, bar\u0131\u015f\u00e7\u0131l ve demokratik yollardan, sorunlar\u0131n \u00e7\u00f6z\u00fcm\u00fcn\u00fc, bu bahar s\u00fcrecinde \u00e7at\u0131\u015fmas\u0131zl\u0131k ortam\u0131n\u0131 istiyorsan\u0131z, gelin bu sorunlar\u0131 birlikte konu\u015fal\u0131m.&#8221;<\/p>\n<p style=\"text-align: justify;\">Kaplan, \u0130\u00e7i\u015fleri Bakan\u0131 \u0130dris Naim \u015eahin&#8217;in, Ad\u0131yaman&#8217;da baz\u0131 Alevi yurtta\u015flar\u0131n\u0131n evlerinin \u00e7ocuklar taraf\u0131ndan i\u015faretlendi\u011fine y\u00f6nelik s\u00f6zlerinin sorulmas\u0131 \u00fczerine, &#8221;\u0130\u00e7i\u015fleri Bakan\u0131, \u00e7ocuk\u00e7a a\u00e7\u0131klama yapm\u0131\u015f, onun kusuruna bakmay\u0131n. Yapanlar iyi \u00e7ocuklar olmas\u0131n?&#8221;dedi.<\/p>\n<p style=\"text-align: justify;\">Bir soru \u00fczerine Kaplan, T\u00fcrk liras\u0131n\u0131n simgesinin estetik olmad\u0131\u011f\u0131n\u0131 s\u00f6yledi.<\/p>\n<p style=\"text-align: justify;\"><a href=\"http:\/\/www.cumhuriyet.com.tr\/?hn=319226\" target=\"_blank\">Kaynak : Cumhuriyet Haber Portal\u0131<\/a><\/p>\n","protected":false},"excerpt":{"rendered":"<p style=\"text-align: center;\">\n<p style=\"text-align: justify;\">BDP Grup Ba\u015fkanvekili Hasip Kaplan, TBMM&#8217;de d\u00fczenledi\u011fi bas\u0131n toplant\u0131s\u0131nda, A\u0130HM&#8217;deki davalar\u0131n, T\u00fcrkiye&#8217;ye iade edilece\u011fi konusunda bir mutabakattan bahsedildi\u011fini s\u00f6yledi.<\/p>\n<p style=\"text-align: justify;\">TBMM- A\u0130HM&#8217;de i\u015f y\u00fck\u00fcn\u00fcn artt\u0131\u011f\u0131n\u0131, bunun hafifletilmek istendi\u011fini ifade eden Kaplan, T\u00fcrkiye&#8217;nin \u00f6n\u00fcnde yeni bir s\u00fcre\u00e7 oldu\u011funu, anayasa referandumu sonucu 23 Eyl\u00fcl&#8217;de bireysel ba\u015fvuru yolunun a\u00e7\u0131laca\u011f\u0131n\u0131, bu tarihten itibaren <\/p>\n","protected":false},"author":1,"featured_media":0,"comment_status":"open","ping_status":"open","sticky":false,"template":"","format":"standard","meta":{"footnotes":""},"categories":[105],"tags":[],"class_list":["post-49134","post","type-post","status-publish","format-standard","hentry","category-gundem","odd"],"_links":{"self":[{"href":"http:\/\/www.korhanyilmaz.com\/index.php?rest_route=\/wp\/v2\/posts\/49134","targetHints":{"allow":["GET"]}}],"collection":[{"href":"http:\/\/www.korhanyilmaz.com\/index.php?rest_route=\/wp\/v2\/posts"}],"about":[{"href":"http:\/\/www.korhanyilmaz.com\/index.php?rest_route=\/wp\/v2\/types\/post"}],"author":[{"embeddable":true,"href":"http:\/\/www.korhanyilmaz.com\/index.php?rest_route=\/wp\/v2\/users\/1"}],"replies":[{"embeddable":true,"href":"http:\/\/www.korhanyilmaz.com\/index.php?rest_route=%2Fwp%2Fv2%2Fcomments&post=49134"}],"version-history":[{"count":0,"href":"http:\/\/www.korhanyilmaz.com\/index.php?rest_route=\/wp\/v2\/posts\/49134\/revisions"}],"wp:attachment":[{"href":"http:\/\/www.korhanyilmaz.com\/index.php?rest_route=%2Fwp%2Fv2%2Fmedia&parent=49134"}],"wp:term":[{"taxonomy":"category","embeddable":true,"href":"http:\/\/www.korhanyilmaz.com\/index.php?rest_route=%2Fwp%2Fv2%2Fcategories&post=49134"},{"taxonomy":"post_tag","embeddable":true,"href":"http:\/\/www.korhanyilmaz.com\/index.php?rest_route=%2Fwp%2Fv2%2Ftags&post=49134"}],"curies":[{"name":"wp","href":"https:\/\/api.w.org\/{rel}","templated":true}]}}