{"id":49130,"date":"2012-03-02T09:58:59","date_gmt":"2012-03-02T07:58:59","guid":{"rendered":"http:\/\/www.korhanyilmaz.com\/?p=49130"},"modified":"2012-03-02T11:37:54","modified_gmt":"2012-03-02T09:37:54","slug":"cocuklar-tecavuzu-anlatti","status":"publish","type":"post","link":"http:\/\/www.korhanyilmaz.com\/?p=49130","title":{"rendered":"\u00c7ocuklar tecav\u00fcz\u00fc anlatt\u0131"},"content":{"rendered":"<p style=\"text-align: center;\"><a href=\"http:\/\/www.korhanyilmaz.com\/wp-content\/uploads\/2012\/03\/9055.jpg\"  class=\"lightview\"><img loading=\"lazy\" decoding=\"async\" class=\"aligncenter  wp-image-49131\" src=\"http:\/\/www.korhanyilmaz.com\/wp-content\/uploads\/2012\/03\/9055.jpg\" alt=\"\" width=\"396\" height=\"180\" \/><\/a><\/p>\n<p style=\"text-align: justify;\">Pozant\u0131 Cezaevi&#8217;nde kalan \u00e7ocuklar tacizi ve tecav\u00fcz\u00fc anlatt\u0131: &#8220;Arkada\u015f\u0131ma oldu.&#8221; \u0130HD Mersin \u015eube Ba\u015fkan\u0131, \u00e7ocuklar\u0131n kendi ba\u015f\u0131na gelen \u015feyleri ba\u015fkas\u0131 ya\u015fam\u0131\u015f gibi anlatt\u0131klar\u0131n\u0131 farketince yasal giri\u015fimlerde bulundu\u011funu s\u00f6yledi.<\/p>\n<p style=\"text-align: justify;\">MERS\u0130N- Tutuklu ve h\u00fck\u00fcml\u00fc \u00e7ocuklar\u0131n kald\u0131\u011f\u0131 Pozant\u0131 M Tipi \u00c7ocuk ve Gen\u00e7lik Cezaevi\u2019yle ilgili her g\u00fcn bir ba\u015fka skandal g\u00fcndeme geliyor. Radikal, iddialar\u0131 d\u00f6rt duvar\u0131n arkas\u0131na ta\u015f\u0131yan \u00e7ocuklarla bir araya gelerek ya\u015fananlar\u0131 konu\u015ftu.\u00a0<!--more--><\/p>\n<p style=\"text-align: justify;\">Ma\u011fdur yedi \u00e7ocu\u011fun olay\u0131 cezaevinden tahliye olduktan sonra a\u00e7\u0131klamas\u0131 ve \u2018\u015fahit olduklar\u0131 olay\u2019 diye aktarmas\u0131, cinsel istismar ve \u015fiddetin t\u0131bbi a\u00e7\u0131dan ortaya \u00e7\u0131kart\u0131lmas\u0131na ve adli i\u015flem yap\u0131lmas\u0131na engel oluyor. Cezaevinden \u00e7\u0131kan \u00e7ocuklar\u0131n g\u00f6r\u00fc\u015ft\u00fc\u011f\u00fc psikolog ve hekimler istismar\u0131n ruhsal izlerinin g\u00f6zlendi\u011fini belirtirken, \u201cSadece \u2018Tecav\u00fcz var m\u0131?\u2019 diye sorgulanmas\u0131 yerine bu \u00e7ocuklar\u0131n i\u00e7inde bulunduklar\u0131 durum anla\u015f\u0131lmal\u0131\u201d uyar\u0131s\u0131nda bulunuyor.<\/p>\n<p style=\"text-align: justify;\">Radikal&#8217;in haberine g\u00f6re, kamuoyunda \u2018ta\u015f atan \u00e7ocuklar\u2019 olarak bilinen \u00e7ocuklara verilen hapis cezalar\u0131yla ilgili vicdani tart\u0131\u015fmalar hen\u00fcz sona ermemi\u015fken, bu kez onlar\u0131n tutuklu bulunduklar\u0131 Pozant\u0131 M Tipi \u00c7ocuk ve Gen\u00e7lik Cezaevi\u2019nde i\u015fkence, bask\u0131 ve tecav\u00fcz iddialar\u0131 g\u00fcndeme geldi. Ancak olay 2011 Temmuz ay\u0131ndan bu yana \u2018iddia\u2019 olmaktan \u00f6teye ge\u00e7emedi. Bunda, Adalet Bakanl\u0131\u011f\u0131\u2019n\u0131n ad\u0131m atmakta gecikmesi kadar, ya\u015fananlar\u0131n siyasi olarak kullan\u0131ld\u0131\u011f\u0131na ili\u015fkin endi\u015feler de etkili oldu. Ma\u011fdur \u00e7ocuklar\u0131n ya\u015fad\u0131klar\u0131n\u0131 tahliye olduktan sonra a\u00e7\u0131klamas\u0131 t\u0131bbi a\u00e7\u0131dan belgelenmesini engelledi. Adli i\u015flemlerin yap\u0131lamamas\u0131nda bir ba\u015fka engel ise \u00e7ocuklar\u0131n \u00f6zellikle \u2018tecav\u00fcz\u2019 iddialar\u0131n\u0131 \u2018arkada\u015flar\u0131n\u0131n ba\u015f\u0131na gelmi\u015f\u2019 olarak anlatmas\u0131.<\/p>\n<p style=\"text-align: justify;\"><strong>\u0130LK G\u0130R\u0130\u015eTE DAYAK<\/strong><\/p>\n<p style=\"text-align: justify;\">G\u00f6r\u00fc\u015ft\u00fc\u011f\u00fcm\u00fcz, 17 ya\u015f\u0131ndaki A.K., bu iddialar\u0131n kamuoyuna yans\u0131mas\u0131n\u0131 sa\u011flayanlardan. A.K. ilk\u00f6\u011fretimi bitirmi\u015f. Bir PKK\u2019l\u0131n\u0131n cenazesinden \u00e7ekilmi\u015f foto\u011fraflar\u0131 nedeniyle tutukland\u0131\u011f\u0131n\u0131 s\u00f6yleyen A.K., cezaeviyle tan\u0131\u015fmas\u0131n\u0131 \u015f\u00f6yle anlat\u0131yor:<\/p>\n<p style=\"text-align: justify;\">\u201cCezaevine ilk girdi\u011fimizde gardiyan \u2018Su\u00e7un ne?\u2019 dedi. \u2018Siyasi\u2019 dedim ve beni \u2018Sen ter\u00f6rden geldin\u2019 diyerek d\u00f6vmeye ba\u015flad\u0131. Arkas\u0131ndan adlilerin aras\u0131na verdiler. Ko\u011fu\u015fta tek siyasi bendim. Kendileri oturuyor, ko\u011fu\u015ftaki en pis i\u015fleri bize yapt\u0131r\u0131yorlard\u0131, yapmay\u0131nca d\u00f6v\u00fcyorlard\u0131.\u201d<\/p>\n<p style=\"text-align: justify;\">A.K, \u00e7ocuk ve gen\u00e7lik cezaevinde ya\u015fanan cinsel istismar iddialar\u0131yla ilgili konu\u015furken \u201cB\u00fcy\u00fckler var. Sakall\u0131 b\u0131y\u0131kl\u0131 ama ya\u015f\u0131 n\u00fcfusa k\u00fc\u00e7\u00fck yaz\u0131ld\u0131\u011f\u0131 i\u00e7in \u00e7ocuk cezaevinde. E.D diye bir adam vard\u0131. 23 ya\u015f\u0131nda ama ayn\u0131 ad soyad\u0131 ta\u015f\u0131yan ye\u011feninin kimli\u011fini kullanm\u0131\u015f, \u00e7ocuk cezaevinde kal\u0131yor. Bunun yan\u0131nda 12-13 ya\u015f\u0131nda olup b\u00fcy\u00fck yaz\u0131lan \u00e7ocuklar da var\u201d s\u00f6zleriyle bir ba\u015fka skandal\u0131 g\u00fcndeme getiriyor.<\/p>\n<p style=\"text-align: justify;\"><strong>M\u00dcD\u00dcR TEMH\u0130B\u0130: ANLATMA<\/strong><\/p>\n<p style=\"text-align: justify;\">\u2018Tecav\u00fcz\u2019, \u2018taciz\u2019 kelimelerini kullanmamaya \u00f6zen g\u00f6steren A.K, cinsel istismar\u0131n daha \u00e7ok bu \u00e7ocuklar aras\u0131nda ya\u015fand\u0131\u011f\u0131n\u0131 anlat\u0131rken, \u201cBa\u015fka \u00e7ocuklara cinsel \u015feyler yapt\u0131klar\u0131n\u0131 g\u00f6rd\u00fcm, duydum. Adli \u00e7ocuklar aras\u0131nda daha yayg\u0131nd\u0131. Ya\u015f\u0131 k\u00fc\u00e7\u00fck S.Y. vard\u0131, h\u0131rs\u0131zl\u0131ktan gelmi\u015f. Esrardan gelmi\u015f F.B. vard\u0131, onlara ayn\u0131 \u015feyleri yapm\u0131\u015flar. Gelip bize anlatt\u0131lar\u201d demekle yetiniyor. A.K. tahliye olurken, cezaevi m\u00fcd\u00fcr\u00fcn\u00fcn \u201cBurada ya\u015fananlar\u0131 kimseye s\u00f6ylemeyin, daha sonra bir daha yolunuz d\u00fc\u015fer\u201d diye tembihledi\u011fini de s\u00f6zlerine ekliyor.<\/p>\n<p style=\"text-align: justify;\">\u0130ki bu\u00e7uk ay kald\u0131\u011f\u0131 cezaevinden ge\u00e7en hafta tahliye olan N.C.\u2019nin anlatt\u0131klar\u0131 ise onca \u015fik\u00e2yete ra\u011fmen, uygulamada bir de\u011fi\u015fiklik olmad\u0131\u011f\u0131n\u0131 ortaya koyuyor. N.C. ile \u0130HD Mersin \u015eubesi\u2019nde g\u00f6r\u00fc\u015ft\u00fck: \u201c\u0130lk g\u00fcn cezaevi m\u00fcd\u00fcr\u00fc elini uzat\u0131p \u00f6pmemi istedi. Sonra gardiyanlar ve adli tutuklular d\u00f6vd\u00fc. Dayak hep vard\u0131. Adlilerin paras\u0131 olmad\u0131\u011f\u0131 i\u00e7in bizim param\u0131z\u0131 harc\u0131yorlard\u0131. Zorla elbiselerimi ald\u0131lar. M\u00fcd\u00fcr\u00fcn se\u00e7ti\u011fi ko\u011fu\u015f m\u00fcmessili sabaha kadar bize boncuk yapt\u0131r\u0131p, sonra da uyutmuyordu.\u201d N.C. de cezaevindeki cinsel istismar iddialar\u0131n\u0131 an\u0131msatmam\u0131z \u00fczerine \u2018yan ko\u011fu\u015fta kalan arkada\u015flar\u0131n\u0131n\u2019 ba\u015f\u0131na geldi\u011fini s\u00f6yl\u00fcyor.<\/p>\n<p style=\"text-align: justify;\"><strong>RUHEN \u0130ZLER\u0130 VAR<\/strong><\/p>\n<p style=\"text-align: justify;\">Tahliye olan \u00e7ocuklarla g\u00f6r\u00fc\u015fen insan haklar\u0131 savunucular\u0131 ve hekimler, \u00fczerinden zaman ge\u00e7en \u015fiddet ve tecav\u00fcz\u00fcn bedenlerdeki izlerini saptaman\u0131n m\u00fcmk\u00fcn olmad\u0131\u011f\u0131n\u0131 ancak bu izleri ruhlar\u0131nda ta\u015f\u0131d\u0131\u011f\u0131n\u0131 anlatt\u0131. \u0130HD Mersin \u015eube Ba\u015fkan\u0131 Ali Tanr\u0131verdi bir ba\u015fka dramatik duruma dikkat \u00e7ekti:<\/p>\n<p style=\"text-align: justify;\"><strong>&#8220;ARKADA\u015eIMA OLDU&#8221; D\u0130YE ANLATIYORLAR<\/strong><\/p>\n<p style=\"text-align: justify;\">\u201cYaz\u0131l\u0131 ve s\u00f6zl\u00fc olarak beyanda bulunurken taciz ve cinsel giri\u015fimleri bir arkada\u015flar\u0131n\u0131n \u00fczerinden anlatt\u0131lar. Ama \u00f6yle ilgin\u00e7 ki; Ahmet Mehmet\u2019e, Mehmet Ahmet\u2019e yap\u0131ld\u0131 diyordu. Kendi ba\u015flar\u0131na geleni ba\u015fka arkada\u015flar\u0131n\u0131n hik\u00e2yesi \u00fczerinden anlatt\u0131klar\u0131n\u0131 fark edince ba\u015fvuru yapt\u0131k.\u201d<\/p>\n<p style=\"text-align: justify;\">T\u0130HV Adana \u015eubesi ba\u015fvuru hekimi Alev Aksungur ise erkek \u00e7ocuklar\u0131n geleneksel yap\u0131 i\u00e7inde bu t\u00fcr eylemleri ifade etmekte zorluk \u00e7ekmesinin normal oldu\u011funu belirtirken, \u201cYakla\u015f\u0131k bir y\u0131ld\u0131r bu konu ile ilgili kamuoyu olu\u015fturmaya \u00e7al\u0131\u015ft\u0131k ama ne yaz\u0131k ki ba\u015far\u0131l\u0131 olamad\u0131k. Olay\u0131n kamuoyunda sadece \u2018Tecav\u00fcz var m\u0131?\u2019 diye sorgulanmas\u0131 yerine bu \u00e7ocuklar\u0131n i\u00e7inde bulunduklar\u0131 durumun tam olarak anla\u015f\u0131lmas\u0131 daha \u00f6nemli\u201d dedi.<\/p>\n<p style=\"text-align: justify;\"><strong>GELECEKLER\u0130NE ETK\u0130S\u0130<\/strong><\/p>\n<p style=\"text-align: justify;\">Aksungur\u2019un s\u00f6zleri \u00e7ocuklar\u0131n ya\u015fad\u0131\u011f\u0131 travman\u0131n geleceklerine etkisiyle ilgili ciddi ipu\u00e7lar\u0131n\u0131 da bar\u0131nd\u0131r\u0131yor. Bu konuda cezaevinden \u00e7\u0131kan \u00e7ocuklarla \u2018travmayla ba\u015f etme\u2019 \u00e7al\u0131\u015fmalar\u0131n\u0131 y\u00fcr\u00fcten Akdeniz Belediyesi \u0130\u015eTAR Kad\u0131n Dan\u0131\u015fmanl\u0131k Merkezi uzman\u0131 Didem Gediz Gelegen, \u201cCezaevi deneyimleri \u00e7ocuklar\u0131n ya\u015fam\u0131n\u0131 parampar\u00e7a ediyor. Sonras\u0131nda madde ba\u011f\u0131ml\u0131l\u0131\u011f\u0131, \u015fiddet davran\u0131\u015flar\u0131, aieleriyle ili\u015fkilerinde bozukluklar gibi pek \u00e7ok s\u0131k\u0131nt\u0131lar\u0131 var\u201d diyerek Aksungur\u2019u destekliyor.<\/p>\n<p style=\"text-align: justify;\"><strong>ANLATAN \u00c7OCUKLARA POL\u0130S BASKISI<\/strong><\/p>\n<p style=\"text-align: justify;\">\u0130HD Mersin \u015eube Ba\u015fkan\u0131 Ali Tanr\u0131verdi bir iddiay\u0131 daha g\u00fcndeme ta\u015f\u0131d\u0131. Tanr\u0131verdi, Adalet Bakanl\u0131\u011f\u0131\u2019na dilek\u00e7e verilmesinin ard\u0131ndan, \u00e7ocuklar\u0131n polisten bask\u0131 g\u00f6rd\u00fc\u011f\u00fcn\u00fc \u00f6ne s\u00fcrd\u00fc: \u201c\u00c7ocuklar Mersin\u2019de karakola \u00e7a\u011fr\u0131ld\u0131klar\u0131 ve \u0130HD\u2019ye verdikleri beyanlar\u0131n geri \u00e7ekilmesi i\u00e7in bask\u0131 kuruldu\u011funu i\u00e7eren ba\u015fvurular yapt\u0131. \u2018\u0130fadenizi geri al\u0131n, yoksa yeniden cezaevine girersiniz\u2019 bask\u0131s\u0131 yap\u0131lm\u0131\u015f ve \u2018\u0130HD\u2019ye beyan\u0131 tan\u0131mad\u0131\u011f\u0131m \u015fah\u0131slar taraf\u0131ndan kand\u0131r\u0131larak yazd\u0131m ve tehditle imzalat\u0131ld\u0131. \u015eik\u00e2yetimi geri \u00e7ekiyorum\u2019 \u015feklinde ka\u011f\u0131t imzat\u0131lm\u0131\u015f.\u201d<\/p>\n<p style=\"text-align: justify;\">Tanr\u0131verdi ayr\u0131ca, Pozant\u0131\u2019dan Mersin E Tipi Cezaevi\u2019ne nakledilen \u00e7ocuklardan birinin kaleme ald\u0131\u011f\u0131 ihbar mektubunun cezaevi disiplin kurulunca \u2018sak\u0131ncal\u0131\u2019 kategorisine al\u0131narak, \u0130HD\u2019ye g\u00f6nderilmedi\u011fini s\u00f6yledi. \u00d6te yandan Adalet Bakanl\u0131\u011f\u0131 M\u00fcste\u015far Yard\u0131mc\u0131s\u0131 Sefa Mermerci ile Ceza ve Tevkifevleri Genel M\u00fcd\u00fcr\u00fc Mustafa Onuk d\u00fcn il\u00e7eye giderek incelemelerde bulundu.<\/p>\n<p style=\"text-align: justify;\"><a href=\"http:\/\/www.gazeteport.com\/haber\/82284\/cocuklar_tecavuzu_anlatti\" target=\"_blank\">Kaynak : GAZETEPORT<\/a><\/p>\n","protected":false},"excerpt":{"rendered":"<p style=\"text-align: center;\">\n<p style=\"text-align: justify;\">Pozant\u0131 Cezaevi&#8217;nde kalan \u00e7ocuklar tacizi ve tecav\u00fcz\u00fc anlatt\u0131: &#8220;Arkada\u015f\u0131ma oldu.&#8221; \u0130HD Mersin \u015eube Ba\u015fkan\u0131, \u00e7ocuklar\u0131n kendi ba\u015f\u0131na gelen \u015feyleri ba\u015fkas\u0131 ya\u015fam\u0131\u015f gibi anlatt\u0131klar\u0131n\u0131 farketince yasal giri\u015fimlerde bulundu\u011funu s\u00f6yledi.<\/p>\n<p style=\"text-align: justify;\">MERS\u0130N- Tutuklu ve h\u00fck\u00fcml\u00fc \u00e7ocuklar\u0131n kald\u0131\u011f\u0131 Pozant\u0131 M Tipi \u00c7ocuk ve Gen\u00e7lik Cezaevi\u2019yle ilgili her g\u00fcn bir ba\u015fka skandal g\u00fcndeme <\/p>\n","protected":false},"author":1,"featured_media":0,"comment_status":"open","ping_status":"open","sticky":false,"template":"","format":"standard","meta":{"footnotes":""},"categories":[105],"tags":[],"class_list":["post-49130","post","type-post","status-publish","format-standard","hentry","category-gundem","odd"],"_links":{"self":[{"href":"http:\/\/www.korhanyilmaz.com\/index.php?rest_route=\/wp\/v2\/posts\/49130","targetHints":{"allow":["GET"]}}],"collection":[{"href":"http:\/\/www.korhanyilmaz.com\/index.php?rest_route=\/wp\/v2\/posts"}],"about":[{"href":"http:\/\/www.korhanyilmaz.com\/index.php?rest_route=\/wp\/v2\/types\/post"}],"author":[{"embeddable":true,"href":"http:\/\/www.korhanyilmaz.com\/index.php?rest_route=\/wp\/v2\/users\/1"}],"replies":[{"embeddable":true,"href":"http:\/\/www.korhanyilmaz.com\/index.php?rest_route=%2Fwp%2Fv2%2Fcomments&post=49130"}],"version-history":[{"count":0,"href":"http:\/\/www.korhanyilmaz.com\/index.php?rest_route=\/wp\/v2\/posts\/49130\/revisions"}],"wp:attachment":[{"href":"http:\/\/www.korhanyilmaz.com\/index.php?rest_route=%2Fwp%2Fv2%2Fmedia&parent=49130"}],"wp:term":[{"taxonomy":"category","embeddable":true,"href":"http:\/\/www.korhanyilmaz.com\/index.php?rest_route=%2Fwp%2Fv2%2Fcategories&post=49130"},{"taxonomy":"post_tag","embeddable":true,"href":"http:\/\/www.korhanyilmaz.com\/index.php?rest_route=%2Fwp%2Fv2%2Ftags&post=49130"}],"curies":[{"name":"wp","href":"https:\/\/api.w.org\/{rel}","templated":true}]}}