{"id":49122,"date":"2012-03-01T21:02:53","date_gmt":"2012-03-01T19:02:53","guid":{"rendered":"http:\/\/www.korhanyilmaz.com\/?p=49122"},"modified":"2012-03-02T11:33:00","modified_gmt":"2012-03-02T09:33:00","slug":"simge-cipaya-benziyor-guvenli-limani-saklama-aracini-temsil-ediyor","status":"publish","type":"post","link":"http:\/\/www.korhanyilmaz.com\/?p=49122","title":{"rendered":"Simge \u00e7\u0131paya benziyor g\u00fcvenli liman\u0131, saklama arac\u0131n\u0131 temsil ediyor"},"content":{"rendered":"<p style=\"text-align: center;\"><a href=\"http:\/\/www.korhanyilmaz.com\/wp-content\/uploads\/2012\/03\/9047.jpg\"  class=\"lightview\"><img loading=\"lazy\" decoding=\"async\" class=\"aligncenter  wp-image-49127\" src=\"http:\/\/www.korhanyilmaz.com\/wp-content\/uploads\/2012\/03\/9047.jpg\" alt=\"\" width=\"420\" height=\"210\" \/><\/a><\/p>\n<p style=\"text-align: justify;\">Art\u0131k T\u00fcrk Liras\u0131\u2019n\u0131n da dolar, euro, sterlin gibi bir simgesi var. Simgeyi be\u011fenen kadar be\u011fenmeyen de oldu. Simgeyi tan\u0131tan Ba\u015fbakan Erdo\u011fan, \u201cSimgenin bir \u00e7\u0131paya benzemesi param\u0131z\u0131n k\u0131ymet saklama arac\u0131 olarak g\u00fcvenli liman oldu\u011funu vurguluyor. Yukar\u0131 do\u011fru k\u0131vr\u0131ml\u0131 \u00e7izgiler y\u00fckselen de\u011fer oldu\u011funu sembolize ediyor\u201d dedi.\u00a0<!--more--><\/p>\n<p style=\"text-align: justify;\">T\u00fcrk Liras\u0131\u2019n\u0131n da art\u0131k dolar, euro, sterlin ya da Japon Yeni gibi bir simgesi oldu. S\u00f6z konusu simge bilgisayarlarda da \u00e7\u0131kacak. Yeni simgenin tan\u0131t\u0131m\u0131 d\u00fcn Merkez Bankas\u0131\u2019nda Ba\u015fbakan Recep Tayyip Erdo\u011fan taraf\u0131ndan yap\u0131ld\u0131. Erdo\u011fan, yeni simgeyi tan\u0131t\u0131rken, \u201d\u015eu andaki param\u0131z itibar\u0131 temsil ediyor. \u015eu andaki param\u0131z, g\u00fcc\u00fc, ba\u011f\u0131ms\u0131zl\u0131\u011f\u0131, gururu temsil ediyor. Bug\u00fcn art\u0131k T\u00fcrkiye Cumhuriyeti vatanda\u015flar\u0131 ay y\u0131ld\u0131zl\u0131 bayra\u011f\u0131m\u0131zla, pasaportumuzla oldu\u011fu kadar cebindeki, c\u00fczdan\u0131ndaki paras\u0131yla da gurur duyuyor\u201d dedi. T\u00fcrk Liras\u0131\u2019na itibar kazand\u0131rd\u0131klar\u0131na dikkat \u00e7eken Ba\u015fbakan Erdo\u011fan, buna \u00f6rnek olarak da say\u0131lar\u0131 h\u0131zla azalan d\u00f6viz b\u00fcfelerini g\u00f6sterdi. Erdo\u011fan, \u201cHat\u0131rlay\u0131n o d\u00f6viz b\u00fcrolar\u0131n\u0131&#8230; Her k\u00f6\u015fe ba\u015f\u0131nda d\u00f6viz b\u00fcrolar\u0131 yok muydu? Niye d\u00f6viz b\u00fcrolar\u0131 vard\u0131? \u00c7\u00fcnk\u00fc bizim param\u0131z\u0131n de\u011feri yoktu. Maa\u015f\u0131 alan d\u00f6viz b\u00fcrosuna ko\u015fuyordu, para de\u011fer kaybetmesin diye. Ak\u015famdan sabaha para de\u011fer kaybediyordu. \u015eimdi o d\u00f6viz b\u00fcrolar\u0131n\u0131n neredeyse tamam\u0131na yak\u0131n\u0131 kapand\u0131. Art\u0131k onlara ihtiya\u00e7 yok. \u00c7\u00fcnk\u00fc param\u0131z\u0131n g\u00fcc\u00fc var, onuru var, haysiyeti var\u201d diye konu\u015ftu. T\u00fcm d\u00fcnya kullanacak Yeni simgeye de\u011finen Erdo\u011fan, T\u00fcrk Liras\u0131\u2019na simge belirlenmesini tarihi bir ad\u0131m olarak nitelendirdi. Erdo\u011fan, \u015f\u00f6yle devam etti: \u201cTL\u2019ye \u00fclkemizde oldu\u011fu gibi t\u00fcm d\u00fcnyada kullan\u0131lacak, yeni bir simge kazand\u0131r\u0131yoruz. T\u0131pk\u0131 ABD Dolar\u0131\u2019n\u0131n oldu\u011fu gibi, t\u0131pk\u0131 Euro\u2019nun, Yen\u2019in oldu\u011fu gibi, art\u0131k T\u00fcrk Liras\u0131\u2019n\u0131n da bir simgesi var. Simgenin bir \u00e7\u0131paya benzemesi, param\u0131z\u0131n, k\u0131ymet saklama arac\u0131 olarak g\u00fcvenli bir liman oldu\u011funu vurguluyor. Yukar\u0131 do\u011fru k\u0131vr\u0131ml\u0131 \u00e7izgiler de param\u0131z\u0131n y\u00fckselen bir de\u011fer oldu\u011funu sembolize ediyor. \u0130n\u015fallah, ba\u015fta Merkez Bankam\u0131z olmak \u00fczere t\u00fcm kurumlar\u0131m\u0131z\u0131n, medyam\u0131z\u0131n, sivil toplumun, tek tek vatanda\u015flar\u0131m\u0131z\u0131n \u00e7abas\u0131yla, bu simgeyi t\u00fcm d\u00fcnyada tan\u0131nan bir simge haline getirece\u011fiz. Bilgisayarlarda art\u0131k bu simgenin \u00e7\u0131kt\u0131\u011f\u0131 tu\u015flar olacak. Y\u0131l boyunca y\u00fcr\u00fct\u00fclecek kampanya neticesinde, umuyorum ki bu simge de zihinlere yerle\u015fmi\u015f olacak. Paradan s\u0131f\u0131rlar\u0131n at\u0131lmas\u0131, paraya bir simge kazand\u0131r\u0131lmas\u0131, alt\u0131n\u0131 \u00e7izerek s\u00f6yl\u00fcyorum, asla ve asla sadece teknik bir operasyon de\u011fildir. Param\u0131za yeniden itibar ve de\u011fer kazand\u0131r\u0131lmas\u0131, bir milletin, bir \u00fclkenin yeniden uyanmas\u0131, \u015fahlanmas\u0131 ve \u2019ben de var\u0131m\u2019 diyerek k\u00fcresel bir akt\u00f6r olarak \u00f6ne \u00e7\u0131kmas\u0131d\u0131r.\u201d<\/p>\n<p style=\"text-align: justify;\"><strong>Babacan: Bu 9.5 y\u0131ll\u0131k kazan\u0131m\u0131n istikrar\u0131n simgesi<\/strong><\/p>\n<p style=\"text-align: justify;\">Ba\u015fbakan Yard\u0131mc\u0131s\u0131 Ali Babacan da TL\u2019nin simgesinin asl\u0131nda 9,5 y\u0131ll\u0131k d\u00f6nemde T\u00fcrkiye\u2019nin elde etti\u011fi ba\u015far\u0131lar\u0131n ve istikrar\u0131n da \u00f6nemli bir simgesi oldu\u011funu belirterek, \u201dGelece\u011fe bak\u0131yoruz, istikrardan y\u00fckselen bir ekonomiden bahsediyoruz. Ama inan\u0131n bug\u00fcnlerde d\u00fcnyan\u0131n pek \u00e7ok \u00fclkesi derin krizleri nas\u0131l atlataca\u011f\u0131z, sorunlara nas\u0131l \u00e7\u00f6z\u00fcm bulaca\u011f\u0131z, k\u0131sa vadede ne yapmal\u0131y\u0131z ki bu problemleri atlatabilmenin derdi i\u00e7erisinde. Bizim \u00e7ok \u015f\u00fck\u00fcr ge\u00e7ti\u011fimiz d\u00f6nemde yapm\u0131\u015f olduklar\u0131m\u0131z, yap\u0131yor olduklar\u0131m\u0131z, T\u00fcrkiye\u2019deki siyasi istikrar\u0131n sa\u011flam bir noktada olmas\u0131, bizi ay\u0131ran en \u00f6nemli konular olarak ortaya \u00e7\u0131k\u0131yor\u201d diye konu\u015ftu.<\/p>\n<p style=\"text-align: justify;\"><strong>Enflasyon modern h\u0131rs\u0131zl\u0131k\u00a0<\/strong><\/p>\n<p style=\"text-align: justify;\">Erdo\u011fan konu\u015fmas\u0131nda 9 y\u0131ld\u0131r paran\u0131n ayar\u0131 ile oynanmas\u0131na izin vermediklerini, zira para basman\u0131n modern h\u0131rs\u0131zl\u0131k oldu\u011funu vurgulad\u0131. Enflasyonu da faizleri de tarihi d\u00fc\u015f\u00fck seviyelere \u00e7ektiklerini kaydeden Erdo\u011fan \u201cEnflasyon y\u00fczde 30 seviyesinden bug\u00fcn, k\u00fcresel krize ra\u011fmen y\u00fczde 10.5 seviyesine d\u00fc\u015fm\u00fc\u015f durumda. Gecelik bor\u00e7 verme faiz oran\u0131 2002\u2019de y\u00fczde 51 iken bug\u00fcn y\u00fczde 11.5. Politika faizi y\u00fczde 5.75. G\u00f6sterge faiz ise 2002 y\u0131l\u0131nda y\u00fczde 62.7 seviyesindeyken, bug\u00fcn y\u00fczde 9.5. Biz \u015fu andaki faiz oranlar\u0131n\u0131 da y\u00fcksek buluyoruz. Bunun daha da d\u00fc\u015fmesi laz\u0131m\u201d dedi.<\/p>\n<p style=\"text-align: justify;\"><strong>Finale 7 tasar\u0131m kald\u0131, sembolde r\u00f6tu\u015f hakk\u0131 vard\u0131<\/strong><\/p>\n<p style=\"text-align: justify;\">Simge yar\u0131\u015fma s\u00fcrecini anlatan Merkez Bankas\u0131 Ba\u015fkan\u0131 Erdem Ba\u015f\u00e7\u0131 yar\u0131\u015fma s\u00fcreci i\u00e7inde bir\u00e7ok kez toplanan de\u011ferlendirme j\u00fcrisinin \u00e7al\u0131\u015fmalar\u0131 sonucunda, finale kalan 7 tasar\u0131m\u0131n banka y\u00f6netimine sunuldu\u011funu s\u00f6yledi. Ba\u015f\u00e7\u0131, \u015f\u00f6yle devam etti: \u201cBankam\u0131z y\u00f6netimi titiz bir de\u011ferlendirme s\u00fcreci sonucunda, bu 7 tasar\u0131m i\u00e7inden birincilik \u00f6d\u00fcl\u00fcne lay\u0131k g\u00f6r\u00fclen eser ile te\u015fvik \u00f6d\u00fcl\u00fcne lay\u0131k g\u00f6r\u00fclen 3 \u00e7al\u0131\u015fmay\u0131 belirlemi\u015ftir. Birincilik \u00f6d\u00fcl\u00fcne lay\u0131k g\u00f6r\u00fclen tasar\u0131m T\u00fclay Lale\u2019ye, te\u015fvik \u00f6d\u00fcl\u00fcne lay\u0131k g\u00f6r\u00fclen tasar\u0131mlar ise Hamdi Akg\u00f6zl\u00fc, \u00d6zlem \u00d6zkal ve H\u00fcseyin Artuk\u2019a aittir. \u00d6d\u00fcl kazanan tasar\u0131m sahipleri Nisan ay\u0131nda yap\u0131lacak olan Banka Genel Kurulu\u2019na davet edilecek, sertifikalar\u0131 kendilerine takdim edilecektir.\u201d Ba\u015f\u00e7\u0131, yar\u0131\u015fma ilan edilirken, TL Simge Yar\u0131\u015fmas\u0131 \u015fartnamesinin ilgili h\u00fckm\u00fc ile birincilik \u00f6d\u00fcl\u00fcne lay\u0131k g\u00f6r\u00fclen tasar\u0131m \u00fczerinde de\u011fi\u015fiklik yapma hakk\u0131n\u0131n sakl\u0131 tutuldu\u011funu kaydederek, bu \u00e7er\u00e7evede, banka y\u00f6netiminin \u00f6nerileri do\u011frultusunda birinci se\u00e7ilen tasar\u0131m\u0131n banka grafikerlerinin \u00e7al\u0131\u015fmalar\u0131 ile geometrik a\u00e7\u0131dan estetik bir temele oturtuldu\u011funu bildirdi. Yar\u0131\u015fmaya binlerce ba\u015fvuru gelirken cezaevinden bile ba\u015fvuru yap\u0131ld\u0131\u011f\u0131 ve kamuoyunun yar\u0131\u015fmaya b\u00fcy\u00fck ilgi g\u00f6sterdi\u011fi \u00f6\u011frenildi.<\/p>\n<p style=\"text-align: justify;\"><strong>Merkez\u2019den y\u00fcklenecek AltGr+T tu\u015fundan \u00e7\u0131kacak\u00a0<\/strong><\/p>\n<p style=\"text-align: justify;\">Merkez Bankas\u0131 Ba\u015fkan\u0131 Erdem Ba\u015f\u00e7\u0131, haz\u0131rlanan \u00f6zel programla TL simgesinin bilgisayarlara y\u00fcklenerek, AltGr+T tu\u015flar\u0131na bas\u0131ld\u0131\u011f\u0131nda \u00e7\u0131kaca\u011f\u0131n\u0131 s\u00f6yledi. S\u00f6zkonusu program Merkez Bankas\u0131 web sitesinden indirilebilecek.<\/p>\n<p style=\"text-align: justify;\"><a href=\"http:\/\/www.korhanyilmaz.com\/wp-content\/uploads\/2012\/03\/9048.jpg\"  class=\"lightview\"><img loading=\"lazy\" decoding=\"async\" class=\"size-full wp-image-49123 alignleft\" style=\"margin-left: 10px; margin-right: 10px;\" src=\"http:\/\/www.korhanyilmaz.com\/wp-content\/uploads\/2012\/03\/9048.jpg\" alt=\"\" width=\"320\" height=\"100\" \/><\/a><\/p>\n<p style=\"text-align: justify;\"><strong>\u2018Ben \u00e7\u0131pa diye d\u00fc\u015f\u00fcnmedim\u2019<\/strong><\/p>\n<p style=\"text-align: justify;\">Kamuoyuna tan\u0131t\u0131lan T\u00fcrk Liras\u0131\u2019n\u0131n simgesi 8.362 ba\u015fvuru aras\u0131ndan se\u00e7ildi. TL\u2019nin simgesini tasarlayan \u0130z Grup \u015firketinin kurucusu ve y\u00f6neticisi T\u00fclay Lale, VATAN\u2019\u0131n sorular\u0131n\u0131 yan\u0131tlad\u0131. Lale, \u00f6ncelikle kendi isminin ba\u015fharflerinin de T ve L olmas\u0131 nedeniyle, yap\u0131lan baz\u0131 yorumlarda kazanan projenin \u201ckendi ismi i\u00e7in yapt\u0131\u011f\u0131 \u00e7al\u0131\u015fma\u201d oldu\u011fu ele\u015ftirilerinin do\u011fru olmad\u0131\u011f\u0131n\u0131 s\u00f6yledi. Lale, \u201cB\u00f6yle bir durumla ilgisi yok. Ya da Ba\u015fbakan Tayyip Erdo\u011fan\u2019\u0131n T ve E\u2019si var yorumlar\u0131 da yap\u0131ld\u0131. B\u00f6yle bir \u015fey de yok. Ba\u011fda\u015ft\u0131r\u0131l\u0131yorsa da bunun benimle bir alakas\u0131 yok\u201d dedi. Lale, Sel\u00e7uk \u00dcniversitesi mezunu bir jeoloji m\u00fchendisi oldu\u011funu belirtirken, simgenin do\u011fu\u015funu \u015f\u00f6yle anlatt\u0131: \u201cBu logo bir ekip i\u015fi. \u015eirkette \u00f6nce ara\u015ft\u0131rma i\u00e7ine girdik. Para simgelerinin hepsinde \u00e7izgilerin oldu\u011funu g\u00f6rd\u00fck. Biz bu \u00e7izgilere anlam katmak i\u00e7in u\u011fra\u015ft\u0131k. Bu sembol\u00fcn bir taraf\u0131 do\u011fuyu, bir taraf\u0131 bat\u0131y\u0131 temsil ediyor. Yatay \u00e7izgiler de bu iki taraf aras\u0131nda T\u00fcrkiye\u2019nin k\u00f6pr\u00fc olmas\u0131n\u0131 simgeliyor. Merkez Bankas\u0131 Ba\u015fkan\u0131 da Ba\u015fbakan\u0131m\u0131z da burada bir \u00e7\u0131pa oldu\u011funu s\u00f6yledi ama biz b\u00f6yle bir \u015fey hedeflemedik. Biz \u00f6yle d\u00fc\u015f\u00fcnmemi\u015ftik. Biz sadece T ve L\u2019yi anlaml\u0131 \u015fekilde yanyana getirmeyi ve bir de kullan\u0131mda \u00e7ok rahat olmas\u0131n\u0131 hedefledik.<\/p>\n<p style=\"text-align: justify;\"><strong>Tasar\u0131mc\u0131s\u0131 T\u00fclay Lale 25 bin TL \u00f6d\u00fcl kazand\u0131\u00a0<\/strong><\/p>\n<p style=\"text-align: justify;\">Simgenin yarat\u0131c\u0131s\u0131 1977 do\u011fumlu T\u00fclay Lale \u201cMerkez Bankas\u0131 beni aray\u0131p yar\u0131\u015fma sonucunu bildirmedi. Ben sizden bile sonra \u00f6\u011frendim. Arabadayd\u0131m, bir g\u00f6r\u00fc\u015fmeden \u00e7\u0131km\u0131\u015ft\u0131m, telefonum \u00e7ald\u0131. Bir bas\u0131n mensubu s\u00f6yledi. Ben \u2018nas\u0131l?\u2019 dedim. Sonu\u00e7 a\u00e7\u0131klanm\u0131\u015f, herkes \u00f6\u011frenmi\u015f, benim daha haberim yok. \u00c7ok \u015fa\u015fk\u0131n ve mutluyum. Tarihe ge\u00e7tim. \u015eu anda ne diyece\u011fimi de ne hissedece\u011fimi de bilemiyorum.\u201d dedi. Lale yar\u0131\u015fma prosed\u00fcr\u00fc gere\u011fi 25 bin TL\u2019lik \u00f6d\u00fcl\u00fcn de sahibi oldu.<\/p>\n<p style=\"text-align: justify;\"><strong>TL&#8217;nin simgesiyle ilgili bomba iddia<\/strong><\/p>\n<p style=\"text-align: justify;\"><a href=\"http:\/\/www.korhanyilmaz.com\/wp-content\/uploads\/2012\/03\/9050.jpg\"  class=\"lightview\"><img loading=\"lazy\" decoding=\"async\" class=\"alignleft  wp-image-49124\" style=\"margin-left: 10px; margin-right: 10px;\" src=\"http:\/\/www.korhanyilmaz.com\/wp-content\/uploads\/2012\/03\/9050.jpg\" alt=\"\" width=\"360\" height=\"109\" \/><\/a>Sosyal medya T\u00fcrk Liras\u0131n\u0131n simgesi ile ilgili \u00e7ok \u00e7arp\u0131c\u0131 bir iddia ortaya at\u0131ld\u0131. \u0130\u015fte o iddia&#8230;<\/p>\n<p style=\"text-align: justify;\">T\u00fcrk Liras\u0131n\u0131n yeni sembol\u00fc pek \u00e7ok tart\u0131\u015fmaya a\u00e7\u0131k. Be\u011fenen de var be\u011fenmeyen de. Ama bu iddia \u00e7ok tart\u0131\u015f\u0131lacak. \u0130ddialara g\u00f6re Ermeni para biriminin sembol\u00fcn\u00fc ters \u00e7evirince T\u00fcrk Liras\u0131 i\u00e7in tasarlanan sembol ile kar\u015f\u0131la\u015f\u0131yoruz.<\/p>\n<p style=\"text-align: justify;\">Ermeni Drahmisi i\u00e7in kullan\u0131lan bu sembole (Wikipedia&#8217;daki bilgilere g\u00f6re) ilk kez 10. y\u00fczy\u0131lda rastland\u0131. Ba\u011f\u0131ms\u0131zl\u0131k ilan edildikten sonra Ruble yerine kullan\u0131lan parada sembol tekrar kullan\u0131lmaya ba\u015fland\u0131.<\/p>\n<p style=\"text-align: justify;\">Sosyal medyada Ermeni Soyk\u0131r\u0131m\u0131 ile ili\u015fkilendirilen ancak asl\u0131nda Ermeni Drahmi&#8217;sinin sembol\u00fc ve T\u00fcrk Liras\u0131n\u0131n yeni sembol\u00fc.<\/p>\n<p style=\"text-align: justify;\"><strong>&#8216;Bu TL Tayyip Erdo\u011fan olmas\u0131n!&#8217;<\/strong><\/p>\n<p style=\"text-align: justify;\"><a href=\"http:\/\/www.korhanyilmaz.com\/wp-content\/uploads\/2012\/03\/9053.jpg\"  class=\"lightview\"><img loading=\"lazy\" decoding=\"async\" class=\"alignleft size-full wp-image-49125\" style=\"margin-left: 10px; margin-right: 10px;\" src=\"http:\/\/www.korhanyilmaz.com\/wp-content\/uploads\/2012\/03\/9053.jpg\" alt=\"\" width=\"200\" height=\"150\" \/><\/a>TL&#8217;nin yeni simgesi sosyal medyada da geni\u015f yank\u0131 buldu. Kimi simgeyi \u015femsiyeye benzetti, kimi i\u00e7inde illuminatinin g\u00f6z\u00fcn\u00fc g\u00f6rd\u00fc, kimi de yeni sembolu Tayyip Erdo\u011fan&#8217;\u0131n ba\u015fharflerine benzetti.<\/p>\n<p style=\"text-align: justify;\">Daha a\u00e7\u0131klanmadan hakk\u0131nda onlarca fikir \u00fcretilen yeni T\u00fcrk Liras\u0131 simgesi, a\u00e7\u0131klanmas\u0131yla sosyal medyan\u0131n da g\u00fcndemine oturdu. Twitter&#8217;da sadece T\u00fcrkiye de\u011fil d\u00fcnya trendleri aras\u0131na da girmeyi ba\u015faran T\u00fclay Lale imzal\u0131 tasar\u0131m\u0131 kimileri \u00e7ok be\u011fendi, kimileri Euro&#8217;ya benzetti. Simge baz\u0131lar\u0131na dire\u011fi, baz\u0131lar\u0131na golf sopas\u0131n\u0131 hatta baz\u0131lar\u0131naysa yaln\u0131zl\u0131\u011f\u0131 hat\u0131rlatt\u0131. Twitter ve Ek\u015fi S\u00f6zl\u00fck&#8217;teki b\u00fcy\u00fck bir \u00e7o\u011funluksa nefesini tutmu\u015f konuyla ilgili Demet Akal\u0131n&#8217;\u0131n yorumunu bekliyor.<\/p>\n<p style=\"text-align: justify;\">&#8211; tl&#8217;nin yeni simgesi tayyip erdoganin basharfleri olmasin<\/p>\n<p style=\"text-align: justify;\">@m3lihtr T\u00fcrk Liras\u0131&#8217;n\u0131n yeni simgesi bildi\u011fin eski tip \u00e7at\u0131 anteni.<\/p>\n<p style=\"text-align: justify;\">@dilgetimocin Yeni T\u00fcrk Liras\u0131: Diyez ile Bemol aras\u0131 :))<\/p>\n<p style=\"text-align: justify;\">@Niyans T\u00fcrk Liras\u0131&#8217;n\u0131n yeni simgesinnin Temel Reis&#8217;in d\u00f6vmesi ile inan\u0131lmaz benzerli\u011fi g\u00f6renleri \u015fa\u015fk\u0131na \u00e7evirdi.<\/p>\n<p style=\"text-align: justify;\">@Niyans<\/p>\n<p style=\"text-align: justify;\">T\u00fcrk Liras\u0131&#8217;n\u0131n yeni simgesinnin Temel Reis&#8217;in d\u00f6vmesi ile inan\u0131lmaz benzerli\u011fi g\u00f6renleri \u015fa\u015fk\u0131na \u00e7evirdi.<\/p>\n<p style=\"text-align: justify;\">@TolgaARACI<\/p>\n<p style=\"text-align: justify;\">T\u00fcrk Liras\u0131 simgesi \u20ac ve \u00a3&#8217;un yasak ili\u015fki sonucu ortaya \u00e7\u0131kan gayri me\u015fru \u00e7ocu\u011fu gibi.<\/p>\n<p style=\"text-align: justify;\">@kompradoravukat<\/p>\n<p style=\"text-align: justify;\">t\u00fcrk liras\u0131 i\u00e7in yap\u0131lan yeni simge \u20ac -euro- \u00a3 -sterlin- k\u0131rmas\u0131 bi&#8217;\u015fey olmu\u015f ama \u00e7ok iyi de olmu\u015f \u00e7ok g\u00fczel, iyi olmu\u015f tamam m\u0131?<\/p>\n<p style=\"text-align: justify;\">@synr_<\/p>\n<p style=\"text-align: justify;\">T\u00fcrk Liras\u0131 simgesi \u00e7ok basit olmu\u015f yapan \u00e7ocu\u011funa yapt\u0131rm\u0131\u015f belli art\u0131kta se\u00e7endede mi hi\u00e7 g\u00f6z nizamn yok yau<\/p>\n<p style=\"text-align: justify;\">\u200f@istiklalAkarsu<\/p>\n<p style=\"text-align: justify;\">D.Akal\u0131n&#8217;\u0131n T\u00fcrk Liras\u0131&#8217;n\u0131n yeni simgesini \u00e7ok be\u011fenmesi \u00fczerine Merkez Bankas\u0131 panikler:he..hemen de\u011fi\u015ftiriyoruz simgeyi dur!!<\/p>\n<p style=\"text-align: justify;\">@siyahdelisi<\/p>\n<p style=\"text-align: justify;\">T\u00fcrk Liras\u0131 simgesini yaln\u0131zl\u0131kla ba\u011fda\u015ft\u0131racak kadar m\u0131 melankoli\u011fim ben? Ebru G\u00fcnde\u015f geldi akl\u0131ma,bir \u015fark\u0131s\u0131 vard\u0131-Demir Att\u0131m Yaln\u0131zl\u0131\u011fa<\/p>\n<p style=\"text-align: justify;\">@Senfo10<\/p>\n<p style=\"text-align: justify;\">ben \u015fahsen yeni T\u00fcrk Liras\u0131 simgesini be\u011fendim, oransal a\u00e7\u0131dan g\u00fczel olmu\u015f diye d\u00fc\u015f\u00fcn\u00fcyorum. b\u00f6yle konulara siyaset kar\u0131\u015ft\u0131rmamak laz\u0131m.<\/p>\n<p style=\"text-align: justify;\">@bekirdursun<\/p>\n<p style=\"text-align: justify;\">T\u00fcrk Liras\u0131 simgesi tam bir \u20ac \u00f6zentisi olmu\u015f.<\/p>\n<p style=\"text-align: justify;\">\u200f@MVCHO<\/p>\n<p style=\"text-align: justify;\">T\u00fcrk Liras\u0131&#8217;nin simgesi de belli olduguna gore, i\u015fsizli\u011fi, t\u00fcm Avrupa&#8217;dan d\u00fc\u015f\u00fck olan GMH&#8217;yi de\u011fi\u015fecektir! Herhalde mon\u015fer::.<\/p>\n<p style=\"text-align: justify;\">\u200f@ismail_bilici<\/p>\n<p style=\"text-align: justify;\">T\u00fcrk Liras\u0131 Cebimde fazla kalmad\u0131\u011f\u0131 i\u00e7in \u00e7okta umrumda de\u011fil.<\/p>\n<p style=\"text-align: justify;\">@cemtheman<\/p>\n<p style=\"text-align: justify;\">T\u00fcrk Liras\u0131 simgesini katlay\u0131p tersten bak\u0131nca piramit ve g\u00f6z \u00e7\u0131k\u0131yormu\u015f. illuminati i\u015f ba\u015f\u0131nda. r\u0131nr\u0131n r\u0131nr\u0131n r\u0131nr\u0131n<\/p>\n<p style=\"text-align: justify;\">\u200f@pasa19o7<\/p>\n<p style=\"text-align: justify;\">T\u00fcrk Liras\u0131&#8217;n\u0131n yeni simgesi bildi\u011fin eski tip \u00e7at\u0131 anteni.<\/p>\n<p style=\"text-align: justify;\">@mervedunyasu<\/p>\n<p style=\"text-align: justify;\">T\u00fcrk Liras\u0131 fenaa olmam\u0131\u015f ne yani biraz g\u00fcncellenmek bu kadar k\u00f6t\u00fc bi\u015fey mi<\/p>\n<p style=\"text-align: justify;\">@gizlibahceee<\/p>\n<p style=\"text-align: justify;\">Keske T\u00fcrk Liras\u0131 simgesi icinde anket yapilsaydi.. \u20ac bunun cakmasi..<\/p>\n<p style=\"text-align: justify;\">@NinaKlubnika<\/p>\n<p style=\"text-align: justify;\">Bu simge \u00e7ince fakir demekmi\u015f ya #TLninsimgesi<\/p>\n<p style=\"text-align: justify;\">@moztas67<\/p>\n<p style=\"text-align: justify;\">#TLninsimgesi Golf sopas\u0131 sanki<\/p>\n<p style=\"text-align: justify;\">@peynirlipide<\/p>\n<p style=\"text-align: justify;\">#tlninsimgesi &#8216;ni tasarlayan\u0131 tebrik ediyorum. \u00c7ok basit ama \u00e7ok \u015fey anlat\u0131yor. \u015eimdi bunu T\u00fcrkiye&#8217;de \u00fcretilen t\u00fcm klavyelere koymak laz\u0131m.<\/p>\n<p style=\"text-align: justify;\">raki masasinin degismez adami<\/p>\n<p style=\"text-align: justify;\">dedemin \u015femsiyesini koysak daha \u00e7ekici ve zengin durur yeminlen.<\/p>\n<p style=\"text-align: justify;\">al andalus<\/p>\n<p style=\"text-align: justify;\">simgenin orjinali \u00fczerinde de\u011fi\u015fiklik yap\u0131lm\u0131\u015f, de\u011fi\u015fiklik hakk\u0131 sakl\u0131ym\u0131\u015f.<\/p>\n<p style=\"text-align: justify;\">lakin di\u011fer 6 aday i\u00e7inde daha iyileri vard\u0131 sanki<\/p>\n<p style=\"text-align: justify;\">alorak<\/p>\n<p style=\"text-align: justify;\">klavye k\u0131sayolu olup olmad\u0131\u011f\u0131n\u0131 merak etti\u011fim simge.<\/p>\n<p style=\"text-align: justify;\">blueme<\/p>\n<p style=\"text-align: justify;\">\u20ac $ \u00a3 art\u0131k bunlar\u0131n yan\u0131nda biz de bir simgeye sahibiz. tipiyle ilgili s\u00f6ylenenler s\u00f6ylenmi\u015f zaten ama tl&#8217;nin de bir simgesi olmas\u0131 ho\u015f.<\/p>\n<p style=\"text-align: justify;\">elektriklerkesildi<\/p>\n<p style=\"text-align: justify;\">yabanc\u0131lar\u0131n paralar\u0131n\u0131n simgelerini g\u00f6r\u00fcnce biz de niye yok diyorduk yapt\u0131k oldu<\/p>\n<p style=\"text-align: justify;\">bmw de onnumara yag yakan adam<\/p>\n<p style=\"text-align: justify;\">bug\u00fcne kadar eksikli\u011fini duydu\u011fumuz simge. \u00e7ift \u00e7izginin olmas\u0131 iyi olmu\u015f ama ke\u015fke b\u00fcy\u00fck harf ile &#8216;t&#8217; nin alt\u0131na olsayd\u0131 \u00e7ift \u00e7izgi. olsun ama iyi de olsa k\u00f6t\u00fc de olsa bir eksi\u011fimiz kapand\u0131.<\/p>\n<p style=\"text-align: justify;\">drittes reich<\/p>\n<p style=\"text-align: justify;\">g\u00f6kt\u00fcrk alfabesini \u00e7a\u011fr\u0131\u015ft\u0131ran simge&#8230;kim d\u00fc\u015f\u00fcnm\u00fc\u015fse iyi etmi\u015f.<\/p>\n<p style=\"text-align: justify;\">meeneesee<\/p>\n<p style=\"text-align: justify;\">hafiften bir orak \u00e7eki\u00e7 kokmuyor da diil..<\/p>\n<p style=\"text-align: justify;\">nutella yerken sandalyeden dusup geldim<\/p>\n<p style=\"text-align: justify;\">sol tarafa bakan zorro&#8217;ya benzeyendir.<\/p>\n<p style=\"text-align: justify;\">avcikurt<\/p>\n<p style=\"text-align: justify;\">arap\u00e7a harfleri de i\u00e7ermektedir. arap\u00e7a te harfi ve arap\u00e7a ters lam harfi simgede vard\u0131r.<\/p>\n<p style=\"text-align: justify;\">iclik<\/p>\n<p style=\"text-align: justify;\">\u00f6zg\u00fcr mumcu&#8217;nun &#8220;yeni tl simgesinde hac var diyerek, ortaligi birbirine katacak ilk kisiyi bekliyoruz&#8221; diyerek esprili sekilde yaklastigi t\u00fcrk lirasinin yeni simgesine hosgeldin demekten baska bir sey yapamiyoruz. ne kadar tutulacagini zaman g\u00f6sterecek ama bir m\u00fcddet pound ile karistirilabilir.<\/p>\n<p style=\"text-align: justify;\">techfash<\/p>\n<p style=\"text-align: justify;\">bana para biriminden \u00e7ok elektrik dire\u011fini \u00e7a\u011fr\u0131\u015ft\u0131r\u0131y\u0131or.<\/p>\n<p style=\"text-align: justify;\">acikdeli<\/p>\n<p style=\"text-align: justify;\">kalemle kolay yaz\u0131labilir bir simge olmas\u0131 a\u00e7\u0131s\u0131ndan iyidir. herhangi bir ilave program y\u00fcklenmeden do\u011frudan klavyeden alt gr + t ile kullan\u0131labildi\u011fi g\u00fcn ger\u00e7ekten tl nin simgesi olacakt\u0131r.<\/p>\n<p style=\"text-align: justify;\">yak\u0131n zamanda elle yaz\u0131lan her tl simgesinde .kavisli bereket tanr\u0131s\u0131 g\u00f6ndermesinin kavisten kurtulup d\u00fcz bir halde \u00e7izildi\u011fini g\u00f6rebiliriz.<\/p>\n<p style=\"text-align: justify;\">mvltyldz<\/p>\n<p style=\"text-align: justify;\">arap motifleriyle s\u00fcsl\u00fc bir simge beklerken \u00e7apaya benzerli\u011fiyle beni \u015fa\u015f\u0131rtm\u0131\u015f simgedir. hi\u00e7 yoktan iyidir diyor, 10 \u00fczerinden 7.5 veriyoruz.<\/p>\n<p style=\"text-align: justify;\">coder<\/p>\n<p style=\"text-align: justify;\">japonca&#8217;da kullan\u0131lan hiragana alfabesindeki &#8220;mo&#8221; harfine benzemi\u015f.<\/p>\n<p style=\"text-align: justify;\">modesttiago<\/p>\n<p style=\"text-align: justify;\">euro&#8217;ya ge\u00e7erken zorlanmayal\u0131m diye bir ara form t\u00fcretmi\u015fler. (NTV)<\/p>\n<p style=\"text-align: justify;\"><strong><a href=\"http:\/\/www.korhanyilmaz.com\/wp-content\/uploads\/2012\/03\/9054.jpg\"  class=\"lightview\"><img loading=\"lazy\" decoding=\"async\" class=\"alignleft size-full wp-image-49126\" style=\"margin-left: 10px; margin-right: 10px;\" src=\"http:\/\/www.korhanyilmaz.com\/wp-content\/uploads\/2012\/03\/9054.jpg\" alt=\"\" width=\"300\" height=\"138\" \/><\/a>RAD\u0130KAL&#8217;DEN U\u011eUR G\u00dcRSES&#8217;TEN ELE\u015eT\u0130R\u0130\u00a0<\/strong><\/p>\n<p style=\"text-align: justify;\">Simgenin \u00e7ok basit olmad\u0131\u011f\u0131n\u0131 d\u00fc\u015f\u00fcn\u00fcyorum. Bilgisayarlar tamam da, halk\u0131n parasal miktarlar\u0131n ba\u015f\u0131na simgeyi yazmas\u0131n\u0131n kolay olmayaca\u011f\u0131 a\u00e7\u0131k. Ayr\u0131ca, belirlenen simgenin itibar sa\u011flamas\u0131 beklenirken, bi\u00e7im olarak \u2018fallus\u2019u and\u0131rmas\u0131 nedeniyle halk aras\u0131nda dalga ge\u00e7ilmesine yol a\u00e7aca\u011f\u0131 da \u015fimdiden belli.<\/p>\n<p style=\"text-align: justify;\"><strong>\u00dcNL\u00dcLER YORUMLADI\u00a0<\/strong><\/p>\n<p style=\"text-align: justify;\">Bu sabah T\u00fcrk Liras\u0131&#8217;n\u0131n yeni simgesinin a\u00e7\u0131klanmas\u0131n\u0131n ard\u0131ndan \u00fcnl\u00fc isimler de yeni simge hakk\u0131nda yorumlar\u0131n\u0131 twitter sayfalar\u0131ndan dile getirdiler.<\/p>\n<p style=\"text-align: justify;\">\u0130\u015fte \u00fcnl\u00fclerden ilk yorumlar&#8230;<\/p>\n<p style=\"text-align: justify;\"><strong>B\u0130R\u0130C\u0130K SUDEN\u00a0<\/strong><\/p>\n<p style=\"text-align: justify;\">Yeni TL simgesinden \u00e7ok \u015f\u0131k kemer tokas\u0131 olurmu\u015f<\/p>\n<p style=\"text-align: justify;\"><strong>HAMD\u0130 ALKAN\u00a0<\/strong><\/p>\n<p style=\"text-align: justify;\">\u00d6nemli olan TL&#8217;nin simgesi de\u011fil, TL&#8217;nin cebinde olup olmamas\u0131d\u0131r.<\/p>\n<p style=\"text-align: justify;\"><strong>\u015eEBNEM BOZOKLU\u00a0<\/strong><\/p>\n<p style=\"text-align: justify;\">TL&#8217;nin simgesini be\u011fendim. Denizcilik \u00e7a\u011fr\u0131\u015f\u0131ml\u0131 ve zarif.<\/p>\n<p style=\"text-align: justify;\"><strong>NAZLI \u00c7EL\u0130K \u00d6ZTARHAN\u00a0<\/strong><\/p>\n<p style=\"text-align: justify;\">TL&#8217;nin yeni simgesinin \u00e7izerinin ad\u0131n\u0131n &#8216;T&#8217;\u00fclay &#8216; L&#8217;ale olmas\u0131 nas\u0131l ilgin\u00e7 bir tesad\u00fcft\u00fcr.<\/p>\n<p style=\"text-align: justify;\"><strong>\u00d6MER FARUK SORAK\u00a0<\/strong><\/p>\n<p style=\"text-align: justify;\">TL&#8217;nin yeni simgesi ile ilgili \u00e7al\u0131nt\u0131 s\u00f6ylentileri \u00e7\u0131kacak m\u0131 acaba?<\/p>\n<p style=\"text-align: justify;\"><strong>CAN BONOMO\u00a0<\/strong><\/p>\n<p style=\"text-align: justify;\">T\u00fcrk Liras\u0131 simgesini bile ele\u015ftiren var. Bir otur yerinde arkada\u015f, ele\u015ftirmeye mi geldin ya sen.<\/p>\n<p style=\"text-align: justify;\"><strong>CEM DAVRAN\u00a0<\/strong><\/p>\n<p style=\"text-align: justify;\">Neyse, yeni simge hay\u0131rl\u0131 olsun bari.<\/p>\n<p style=\"text-align: justify;\"><strong>\u015eAFAK ONGAN\u00a0<\/strong><\/p>\n<p style=\"text-align: justify;\">Yeni TL simgesi &#8220;tol anahtar\u0131&#8221; gibi olmu\u015f. (Evet k\u00f6t\u00fc. Simge de\u011fil, espri.)<\/p>\n<p style=\"text-align: justify;\"><a href=\"http:\/\/haber.gazetevatan.com\/simge-cipaya-benziyor-guvenli-limani-saklama-aracini-temsil-ediyor\/434223\/2\/Ekonomi\" target=\"_blank\">Kaynak : VATAN Gazetesi<\/a><\/p>\n","protected":false},"excerpt":{"rendered":"<p style=\"text-align: center;\">\n<p style=\"text-align: justify;\">Art\u0131k T\u00fcrk Liras\u0131\u2019n\u0131n da dolar, euro, sterlin gibi bir simgesi var. Simgeyi be\u011fenen kadar be\u011fenmeyen de oldu. Simgeyi tan\u0131tan Ba\u015fbakan Erdo\u011fan, \u201cSimgenin bir \u00e7\u0131paya benzemesi param\u0131z\u0131n k\u0131ymet saklama arac\u0131 olarak g\u00fcvenli liman oldu\u011funu vurguluyor. Yukar\u0131 do\u011fru k\u0131vr\u0131ml\u0131 \u00e7izgiler y\u00fckselen de\u011fer oldu\u011funu sembolize ediyor\u201d dedi. <\/p>\n","protected":false},"author":1,"featured_media":0,"comment_status":"open","ping_status":"open","sticky":false,"template":"","format":"standard","meta":{"footnotes":""},"categories":[105],"tags":[],"class_list":["post-49122","post","type-post","status-publish","format-standard","hentry","category-gundem","odd"],"_links":{"self":[{"href":"http:\/\/www.korhanyilmaz.com\/index.php?rest_route=\/wp\/v2\/posts\/49122","targetHints":{"allow":["GET"]}}],"collection":[{"href":"http:\/\/www.korhanyilmaz.com\/index.php?rest_route=\/wp\/v2\/posts"}],"about":[{"href":"http:\/\/www.korhanyilmaz.com\/index.php?rest_route=\/wp\/v2\/types\/post"}],"author":[{"embeddable":true,"href":"http:\/\/www.korhanyilmaz.com\/index.php?rest_route=\/wp\/v2\/users\/1"}],"replies":[{"embeddable":true,"href":"http:\/\/www.korhanyilmaz.com\/index.php?rest_route=%2Fwp%2Fv2%2Fcomments&post=49122"}],"version-history":[{"count":0,"href":"http:\/\/www.korhanyilmaz.com\/index.php?rest_route=\/wp\/v2\/posts\/49122\/revisions"}],"wp:attachment":[{"href":"http:\/\/www.korhanyilmaz.com\/index.php?rest_route=%2Fwp%2Fv2%2Fmedia&parent=49122"}],"wp:term":[{"taxonomy":"category","embeddable":true,"href":"http:\/\/www.korhanyilmaz.com\/index.php?rest_route=%2Fwp%2Fv2%2Fcategories&post=49122"},{"taxonomy":"post_tag","embeddable":true,"href":"http:\/\/www.korhanyilmaz.com\/index.php?rest_route=%2Fwp%2Fv2%2Ftags&post=49122"}],"curies":[{"name":"wp","href":"https:\/\/api.w.org\/{rel}","templated":true}]}}