{"id":49118,"date":"2012-03-02T09:52:51","date_gmt":"2012-03-02T07:52:51","guid":{"rendered":"http:\/\/www.korhanyilmaz.com\/?p=49118"},"modified":"2012-03-02T10:12:12","modified_gmt":"2012-03-02T08:12:12","slug":"cihaner-ve-berkin-iddianamesi-kabul-edildi","status":"publish","type":"post","link":"http:\/\/www.korhanyilmaz.com\/?p=49118","title":{"rendered":"Cihaner ve Berk&#8217;in iddianamesi kabul edildi"},"content":{"rendered":"<p style=\"text-align: center;\"><a href=\"http:\/\/www.korhanyilmaz.com\/wp-content\/uploads\/2012\/03\/9046.jpg\"  class=\"lightview\"><img loading=\"lazy\" decoding=\"async\" class=\"aligncenter  wp-image-49119\" src=\"http:\/\/www.korhanyilmaz.com\/wp-content\/uploads\/2012\/03\/9046.jpg\" alt=\"\" width=\"322\" height=\"241\" \/><\/a><\/p>\n<p style=\"text-align: justify;\">Yarg\u0131tay, EDOK eski Komutan\u0131 emekli Orgeneral Sald\u0131ray Berk ve CHP Denizli Milletvekili \u0130lhan Cihaner hakk\u0131nda &#8220;silahl\u0131 ter\u00f6r \u00f6rg\u00fct\u00fc kurma veya y\u00f6netme&#8221; su\u00e7lamas\u0131yla haz\u0131rlanan iddianameyi kabul etti.<\/p>\n<p style=\"text-align: justify;\">Ankara- Yarg\u0131tay, EDOK eski Komutan\u0131 emekli Orgeneral Sald\u0131ray Berk ve CHP Denizli Milletvekili \u0130lhan Cihaner hakk\u0131nda &#8220;silahl\u0131 ter\u00f6r \u00f6rg\u00fct\u00fc kurma veya y\u00f6netme&#8221; su\u00e7lamas\u0131yla haz\u0131rlanan iddianameyi kabul etti. Berk ve Cihaner&#8217;in yarg\u0131lanmas\u0131na \u00f6n\u00fcm\u00fczdeki g\u00fcnlerde ba\u015flanacak.\u00a0<!--more--><\/p>\n<p style=\"text-align: justify;\">Eski Erzincan Ba\u015fsavc\u0131s\u0131 \u0130lhan Cihaner, Erzincan&#8217;daki faaliyetleri nedeniyle aralar\u0131nda emekli Orgeneral Sald\u0131ray Berk&#8217;in de bulundu\u011fu 14 san\u0131k ile &#8220;Ergenekon ter\u00f6r \u00f6rg\u00fct\u00fcne \u00fcye olma, resmi belgede sahtecililik, birden fazla ki\u015fi ile tehdit, hukuka ayk\u0131r\u0131 olarak ki\u015fisel verileri kaydetme&#8221; su\u00e7lar\u0131ndan yarg\u0131lan\u0131yordu. Davaya bakan Yarg\u0131tay 11&#8217;inci Ceza Dairesi, birinci s\u0131n\u0131f savc\u0131 olan Cihaner hakk\u0131nda soru\u015fturma yap\u0131lmas\u0131 i\u00e7in HSYK&#8217;n\u0131n izni gerekti\u011fine karar verdi. Bunun \u00fczerine Yarg\u0131tay 11. Ceza Dairesi, Cihaner hakk\u0131nda Hakim ve Savc\u0131lar Kanunu&#8217;na g\u00f6re &#8220;izin al\u0131nmadan&#8221; soru\u015fturma yap\u0131l\u0131p dava a\u00e7\u0131ld\u0131\u011f\u0131na karar verdi ve gerekli iznin al\u0131nmas\u0131 i\u00e7in dosyay\u0131 Adalet Bakanl\u0131\u011f\u0131&#8217;na g\u00f6nderdi.<\/p>\n<p style=\"text-align: justify;\"><strong>Yarg\u0131lama yeniden ba\u015flayacak\u00a0<\/strong><\/p>\n<p style=\"text-align: justify;\">HSYK, Cihaner&#8217;in, Erzincan Cumhuriyet Ba\u015fsavc\u0131l\u0131\u011f\u0131 s\u0131ras\u0131ndaki &#8220;\u0130rtica ile M\u00fccadele Eylem Plan\u0131&#8221; \u00e7er\u00e7evesindeki faaliyetleri deneniyle yarg\u0131lanmas\u0131 gerekti\u011fine karar verdi. Daire, &#8220;\u0130rticai M\u00fccadele Eylem Plan\u0131 ve Ergenekon \u0130ddianamesinde&#8221; yer alan iddialara dikkat \u00e7ekerek, Cihaner hakk\u0131nda kovu\u015fturma a\u00e7\u0131lmas\u0131na izin verdi. Kurul, dosyan\u0131n Tunceli Cumhuriyet Ba\u015fsavc\u0131l\u0131\u011f\u0131&#8217;na g\u00f6nderilmesine karar verdi. Mahkeme de HSYK ile ayn\u0131 y\u00f6nde karar ald\u0131. Karar kesinle\u015fti ve Cihaner hakk\u0131nda iddianame haz\u0131rland\u0131. Tunceli A\u011f\u0131r Ceza Mahkemesi, Cihaner&#8217;in milletvekili dokunulmazl\u0131\u011f\u0131n\u0131n ter\u00f6r su\u00e7u i\u00e7in ge\u00e7erli olmad\u0131\u011f\u0131na karar vererek dosyay\u0131 Yarg\u0131tay&#8217;a g\u00f6nderdi. Ge\u00e7ti\u011fimiz g\u00fcnlerde Yarg\u0131tay&#8217;a gelen Cihaner ve Berk hakk\u0131ndaki iddianame 11. Ceza Dairesi taraf\u0131ndan kabul edildi. Daire \u00f6n\u00fcm\u00fczdeki g\u00fcnlerde dosyaya duru\u015fma g\u00fcn\u00fc verecek ve Cihaner ile Berk&#8217;in yarg\u0131lanmas\u0131na yeniden ba\u015flanacak.<\/p>\n<p style=\"text-align: justify;\"><a href=\"http:\/\/www.cumhuriyet.com.tr\/?hn=319086\" target=\"_blank\">Kaynak : Cumhuriyet Haber Portal\u0131<\/a><\/p>\n","protected":false},"excerpt":{"rendered":"<p style=\"text-align: center;\">\n<p style=\"text-align: justify;\">Yarg\u0131tay, EDOK eski Komutan\u0131 emekli Orgeneral Sald\u0131ray Berk ve CHP Denizli Milletvekili \u0130lhan Cihaner hakk\u0131nda &#8220;silahl\u0131 ter\u00f6r \u00f6rg\u00fct\u00fc kurma veya y\u00f6netme&#8221; su\u00e7lamas\u0131yla haz\u0131rlanan iddianameyi kabul etti.<\/p>\n<p style=\"text-align: justify;\">Ankara- Yarg\u0131tay, EDOK eski Komutan\u0131 emekli Orgeneral Sald\u0131ray Berk ve CHP Denizli Milletvekili \u0130lhan Cihaner hakk\u0131nda &#8220;silahl\u0131 ter\u00f6r \u00f6rg\u00fct\u00fc kurma veya y\u00f6netme&#8221; <\/p>\n","protected":false},"author":1,"featured_media":0,"comment_status":"open","ping_status":"open","sticky":false,"template":"","format":"standard","meta":{"footnotes":""},"categories":[105],"tags":[],"class_list":["post-49118","post","type-post","status-publish","format-standard","hentry","category-gundem","odd"],"_links":{"self":[{"href":"http:\/\/www.korhanyilmaz.com\/index.php?rest_route=\/wp\/v2\/posts\/49118","targetHints":{"allow":["GET"]}}],"collection":[{"href":"http:\/\/www.korhanyilmaz.com\/index.php?rest_route=\/wp\/v2\/posts"}],"about":[{"href":"http:\/\/www.korhanyilmaz.com\/index.php?rest_route=\/wp\/v2\/types\/post"}],"author":[{"embeddable":true,"href":"http:\/\/www.korhanyilmaz.com\/index.php?rest_route=\/wp\/v2\/users\/1"}],"replies":[{"embeddable":true,"href":"http:\/\/www.korhanyilmaz.com\/index.php?rest_route=%2Fwp%2Fv2%2Fcomments&post=49118"}],"version-history":[{"count":0,"href":"http:\/\/www.korhanyilmaz.com\/index.php?rest_route=\/wp\/v2\/posts\/49118\/revisions"}],"wp:attachment":[{"href":"http:\/\/www.korhanyilmaz.com\/index.php?rest_route=%2Fwp%2Fv2%2Fmedia&parent=49118"}],"wp:term":[{"taxonomy":"category","embeddable":true,"href":"http:\/\/www.korhanyilmaz.com\/index.php?rest_route=%2Fwp%2Fv2%2Fcategories&post=49118"},{"taxonomy":"post_tag","embeddable":true,"href":"http:\/\/www.korhanyilmaz.com\/index.php?rest_route=%2Fwp%2Fv2%2Ftags&post=49118"}],"curies":[{"name":"wp","href":"https:\/\/api.w.org\/{rel}","templated":true}]}}