{"id":49114,"date":"2012-03-02T07:39:39","date_gmt":"2012-03-02T05:39:39","guid":{"rendered":"http:\/\/www.korhanyilmaz.com\/?p=49114"},"modified":"2012-03-02T10:08:04","modified_gmt":"2012-03-02T08:08:04","slug":"disislerinde-ikinci-adam-oldu","status":"publish","type":"post","link":"http:\/\/www.korhanyilmaz.com\/?p=49114","title":{"rendered":"D\u0131\u015fi\u015fleri\u2019nde ikinci adam oldu"},"content":{"rendered":"<p style=\"text-align: center;\"><a href=\"http:\/\/www.korhanyilmaz.com\/wp-content\/uploads\/2012\/03\/9045.jpg\"  class=\"lightview\"><img loading=\"lazy\" decoding=\"async\" class=\"aligncenter  wp-image-49115\" src=\"http:\/\/www.korhanyilmaz.com\/wp-content\/uploads\/2012\/03\/9045.jpg\" alt=\"\" width=\"396\" height=\"180\" \/><\/a><\/p>\n<p style=\"text-align: justify;\">Gazeteci Fehmi Koru\u2019nun karde\u015fi olan B\u00fcy\u00fckel\u00e7i Naci Koru, D\u0131\u015fi\u015fleri Bakan\u0131 Ahmet Davuto\u011flu\u2019nun yard\u0131mc\u0131l\u0131\u011f\u0131na getirildi.<\/p>\n<p style=\"text-align: justify;\">\u0130STANBUL &#8211; D\u0131\u015fi\u015fleri Bakanl\u0131\u011f\u0131\u2019nda uzun s\u00fcredir merakla beklenen Bakan Yard\u0131mc\u0131s\u0131 belli oldu.<\/p>\n<p style=\"text-align: justify;\">H\u00fcrriyet gazetesinde yer alan habere g\u00f6re; D\u0131\u015fi\u015fleri Bakan\u0131 Ahmet Davuto\u011flu, M\u00fcste\u015far Yard\u0131mc\u0131s\u0131 B\u00fcy\u00fckel\u00e7i Naci Koru\u2019yu yard\u0131mc\u0131l\u0131\u011f\u0131na getirdi.<!--more--><\/p>\n<p style=\"text-align: justify;\">G\u00f6reve geldi\u011finden bu yana bakanl\u0131k d\u0131\u015f\u0131ndan 9 ismi b\u00fcy\u00fckel\u00e7ilik g\u00f6revine getiren Davuto\u011flu, kendi yard\u0131mc\u0131l\u0131\u011f\u0131 i\u00e7in bakanl\u0131k i\u00e7inden tecr\u00fcbeli bir ismi tercih etti.<\/p>\n<p style=\"text-align: justify;\">Ba\u015fbakan Tayyip Erdo\u011fan da Koru\u2019nun D\u0131\u015fi\u015fleri Bakan Yard\u0131mc\u0131l\u0131\u011f\u0131\u2019n\u0131 onaylad\u0131.<\/p>\n<p style=\"text-align: justify;\">1958 y\u0131l\u0131nda \u0130zmir\u2019de do\u011fan Koru, \u0130zmir \u0130mam Hatip Lisesi ve Ankara \u00dcniversitesi Siyasal Bilgiler Fak\u00fcltesi\u2019ni bitirdikten sonra 1981 y\u0131l\u0131nda D\u0131\u015fi\u015fleri Bakanl\u0131\u011f\u0131\u2019na girdi.<\/p>\n<p style=\"text-align: justify;\">T\u00fcrkiye\u2019nin ABD, Suudi Arabistan, Almanya, Avusturya ve \u0130talya\u2019daki temsilcilikleri ile BM D\u00fcnya G\u0131da ve Tar\u0131m \u00d6rg\u00fct\u00fc (FAO) Daimi Temsilcili\u011fi\u2019nde de\u011fi\u015fik hizmetlerde bulunan Koru, merkezde M\u00fcste\u015far Yard\u0131mc\u0131l\u0131\u011f\u0131\u2019na getirilmeden \u00f6nce T\u00fcrkiye\u2019nin Riyad B\u00fcy\u00fckel\u00e7isi olarak g\u00f6rev yapt\u0131.<\/p>\n<p style=\"text-align: justify;\">Koru, D\u0131\u015fi\u015fleri Bakanl\u0131\u011f\u0131 ile T\u00fcrkiye b\u00fcy\u00fckel\u00e7ilikleri ve ba\u015fkonsolosluklar\u0131n\u0131 ortak bilgisayar a\u011f\u0131yla donatan isim olarak biliniyor. E-Konsolosluk hizmetinin mimar\u0131 olan Koru, AB normlar\u0131na uygun yeni \u00e7ipli pasaportlar\u0131n bas\u0131m\u0131 ve da\u011f\u0131t\u0131m\u0131n\u0131 da ger\u00e7ekle\u015ftirdi.<\/p>\n<p style=\"text-align: justify;\">D\u0131\u015fi\u015fleri Bakanl\u0131\u011f\u0131\u2019n\u0131n internet adresini yeniden d\u00fczenleyen Koru, D\u0131\u015fi\u015fleri\u2019nde m\u00fcste\u015far yard\u0131mc\u0131s\u0131 olarak kamu diplomasisi, protokol m\u00fcd\u00fcrl\u00fc\u011f\u00fc, insan kaynaklar\u0131, mali i\u015fler, bilgi sistemleri dahil bir\u00e7ok alandan sorumluydu.<\/p>\n<p style=\"text-align: justify;\">Evli ve 2 \u00e7ocuk babas\u0131 olan Koru, gazeteci Fehmi Koru\u2019nun da karde\u015fi.<\/p>\n<p style=\"text-align: justify;\"><a href=\"http:\/\/www.gazeteport.com\/haber\/82234\/disisleri\" target=\"_blank\">Kaynak : GAZETEPORT<\/a><\/p>\n","protected":false},"excerpt":{"rendered":"<p style=\"text-align: center;\">\n<p style=\"text-align: justify;\">Gazeteci Fehmi Koru\u2019nun karde\u015fi olan B\u00fcy\u00fckel\u00e7i Naci Koru, D\u0131\u015fi\u015fleri Bakan\u0131 Ahmet Davuto\u011flu\u2019nun yard\u0131mc\u0131l\u0131\u011f\u0131na getirildi.<\/p>\n<p style=\"text-align: justify;\">\u0130STANBUL &#8211; D\u0131\u015fi\u015fleri Bakanl\u0131\u011f\u0131\u2019nda uzun s\u00fcredir merakla beklenen Bakan Yard\u0131mc\u0131s\u0131 belli oldu.<\/p>\n<p style=\"text-align: justify;\">H\u00fcrriyet gazetesinde yer alan habere g\u00f6re; D\u0131\u015fi\u015fleri Bakan\u0131 Ahmet Davuto\u011flu, M\u00fcste\u015far Yard\u0131mc\u0131s\u0131 B\u00fcy\u00fckel\u00e7i Naci Koru\u2019yu yard\u0131mc\u0131l\u0131\u011f\u0131na getirdi.<\/p>\n","protected":false},"author":1,"featured_media":0,"comment_status":"open","ping_status":"open","sticky":false,"template":"","format":"standard","meta":{"footnotes":""},"categories":[105],"tags":[],"class_list":["post-49114","post","type-post","status-publish","format-standard","hentry","category-gundem","odd"],"_links":{"self":[{"href":"http:\/\/www.korhanyilmaz.com\/index.php?rest_route=\/wp\/v2\/posts\/49114","targetHints":{"allow":["GET"]}}],"collection":[{"href":"http:\/\/www.korhanyilmaz.com\/index.php?rest_route=\/wp\/v2\/posts"}],"about":[{"href":"http:\/\/www.korhanyilmaz.com\/index.php?rest_route=\/wp\/v2\/types\/post"}],"author":[{"embeddable":true,"href":"http:\/\/www.korhanyilmaz.com\/index.php?rest_route=\/wp\/v2\/users\/1"}],"replies":[{"embeddable":true,"href":"http:\/\/www.korhanyilmaz.com\/index.php?rest_route=%2Fwp%2Fv2%2Fcomments&post=49114"}],"version-history":[{"count":0,"href":"http:\/\/www.korhanyilmaz.com\/index.php?rest_route=\/wp\/v2\/posts\/49114\/revisions"}],"wp:attachment":[{"href":"http:\/\/www.korhanyilmaz.com\/index.php?rest_route=%2Fwp%2Fv2%2Fmedia&parent=49114"}],"wp:term":[{"taxonomy":"category","embeddable":true,"href":"http:\/\/www.korhanyilmaz.com\/index.php?rest_route=%2Fwp%2Fv2%2Fcategories&post=49114"},{"taxonomy":"post_tag","embeddable":true,"href":"http:\/\/www.korhanyilmaz.com\/index.php?rest_route=%2Fwp%2Fv2%2Ftags&post=49114"}],"curies":[{"name":"wp","href":"https:\/\/api.w.org\/{rel}","templated":true}]}}