{"id":49110,"date":"2012-03-02T00:03:03","date_gmt":"2012-03-01T22:03:03","guid":{"rendered":"http:\/\/www.korhanyilmaz.com\/?p=49110"},"modified":"2012-03-02T10:03:46","modified_gmt":"2012-03-02T08:03:46","slug":"be-vicdansiz-simdi-hepimiz-sigir-cobaniydik","status":"publish","type":"post","link":"http:\/\/www.korhanyilmaz.com\/?p=49110","title":{"rendered":"&#8220;Be vicdans\u0131z&#8230; \u015eimdi hepimiz s\u0131\u011f\u0131r \u00e7oban\u0131yd\u0131k&#8221;"},"content":{"rendered":"<p style=\"text-align: center;\"><a href=\"http:\/\/www.korhanyilmaz.com\/wp-content\/uploads\/2012\/03\/9044.jpg\"  class=\"lightview\"><img loading=\"lazy\" decoding=\"async\" class=\"aligncenter  wp-image-49111\" src=\"http:\/\/www.korhanyilmaz.com\/wp-content\/uploads\/2012\/03\/9044.jpg\" alt=\"\" width=\"396\" height=\"180\" \/><\/a><\/p>\n<p style=\"text-align: justify;\">\u2018\u2019Kemalist diktat\u00f6rl\u00fck\u2019\u2019 ifadesi tutanaklardan \u00e7\u0131kar\u0131lacak. CHP\u2019li Muharrem \u0130nce, bu s\u00f6z\u00fc s\u00f6yleyen BDP\u2019li Altan Tan\u2019a \u2018\u2019Be vicdans\u0131z, Atat\u00fcrk olmasa hepimiz s\u0131\u011f\u0131r \u00e7oban\u0131yd\u0131k\u2019\u2019 dedi.<\/p>\n<p style=\"text-align: justify;\">TBMM\u2019de ya\u015fanan tart\u0131\u015fman\u0131n yank\u0131lar\u0131 s\u00fcr\u00fcyor. Atat\u00fcrk i\u00e7in \u2018\u2019Kemalist diktat\u00f6rl\u00fck\u2019\u2019 ifadesini kullanan ve uyar\u0131 cezas\u0131 verilen BDP Diyarbak\u0131r milletvekili Altan Tan\u2019\u0131n bu s\u00f6zleri tutanaklardan \u00e7\u0131kar\u0131lacak. CHP\u2019li Muharrem \u0130nce, Altan Tan\u2019a \u2018\u2019Be vicdans\u0131z, Atat\u00fcrk olmasa sen milletvekili de\u011fildin. \u015eimdi hepimiz s\u0131\u011f\u0131r \u00e7oban\u0131yd\u0131k\u2019\u2019 dedi.\u00a0<!--more--><\/p>\n<p style=\"text-align: justify;\">Tan ise, kendisine uyar\u0131 cezas\u0131 verilmesini ele\u015ftirdi ve \u2018\u2019A\u011fz\u0131mdan \u00e7\u0131kan her s\u00f6z\u00fcn arkas\u0131nday\u0131m. Ben bir d\u00f6nemi diktat\u00f6rl\u00fck olarak de\u011ferlendiriyorum. \u015eah\u0131slarla polemi\u011fim yok\u2019\u2019 dedi. Meclis\u2019te \u00f6nceki g\u00fcn ya\u015fanan tart\u0131\u015fmada BDP\u2019li Tan, Atat\u00fcrk\u2019\u00fcn ba\u015flatt\u0131\u011f\u0131 Milli M\u00fccadeleye kar\u015f\u0131 faaliyetlerde bulunan ve idam edilen \u0130skilipli At\u0131f Hoca i\u00e7in \u2018\u2019Ma\u011fdur bir M\u00fcsl\u00fcman\u2019d\u0131r. Kemalist diktat\u00f6rl\u00fc\u011f\u00fcn katletti\u011fi insandan biridir\u2019\u2019 demi\u015fti.<\/p>\n<p style=\"text-align: justify;\"><strong>\u2018\u2019SI\u011eIR \u00c7OBANI\u2019\u2019<\/strong><\/p>\n<p style=\"text-align: justify;\">Tart\u0131\u015fmalar devam ederken, CHP\u2019li Emine \u00dclker Tarhan, \u2018\u2019Mustafa Kemal Atat\u00fcrk\u2019e hakaretle kar\u015f\u0131 kar\u015f\u0131yay\u0131z. Sizin \u201cKemalist diktat\u00f6rl\u00fck\u201d dedi\u011finiz \u015fey bizim T\u00fcrk ayd\u0131nlanma devrimimizdir. Bunu y\u0131kamayacaks\u0131n\u0131z\u2019\u2019 dedi.<\/p>\n<p style=\"text-align: justify;\">CHP Grup Ba\u015fkanvekili Muharrem \u0130nce de, Altan Tan\u2019a, \u2018\u2019PKK kontenjan\u0131ndan milletvekilisin. Atat\u00fcrk\u2019\u00fcn Meclisinde hakaret edemezsin. Atat\u00fcrk bu Meclis\u2019i kurmasa sen milletvekili mi olurdun? \u0130ngiliz g\u00f6lgesinde, s\u0131\u011f\u0131r \u00e7oban\u0131yd\u0131k hepimiz. Be vicdans\u0131z be insafs\u0131z. Haddini bil\u2019\u2019 dedi.<\/p>\n<p style=\"text-align: justify;\">MHP\u2019li Oktay Vural ise \u2018\u2019Bu laf\u0131 ve tutanaklar\u0131 sana yediririz. Mill\u00ee Kurtulu\u015f Sava\u015f\u0131m\u0131za bile dil uzat\u0131lma c\u00fcretk\u00e2rl\u0131\u011f\u0131n\u0131 g\u00f6rd\u00fck. Yedi d\u00fcveli, i\u015f birlik\u00e7ileri, mandac\u0131lar\u0131, \u0130ngiliz muhipleri geldi, hepsini tarihin karanl\u0131\u011f\u0131na g\u00f6md\u00fck. Yine g\u00f6meriz. Bu k\u00fcrs\u00fcde millete ve tarihine sayg\u0131 g\u00f6stereceksiniz\u2019\u2019 a\u00e7\u0131klamas\u0131n\u0131 yapt\u0131.<\/p>\n<p style=\"text-align: justify;\"><a href=\"http:\/\/www.gazeteport.com.tr\/haber\/82202\/quotbe_vicdansiz_simdi_hepimiz_sigir_cobaniydikquot\" target=\"_blank\">Kaynak : GAZETEPORT<\/a><\/p>\n","protected":false},"excerpt":{"rendered":"<p style=\"text-align: center;\">\n<p style=\"text-align: justify;\">\u2018\u2019Kemalist diktat\u00f6rl\u00fck\u2019\u2019 ifadesi tutanaklardan \u00e7\u0131kar\u0131lacak. CHP\u2019li Muharrem \u0130nce, bu s\u00f6z\u00fc s\u00f6yleyen BDP\u2019li Altan Tan\u2019a \u2018\u2019Be vicdans\u0131z, Atat\u00fcrk olmasa hepimiz s\u0131\u011f\u0131r \u00e7oban\u0131yd\u0131k\u2019\u2019 dedi.<\/p>\n<p style=\"text-align: justify;\">TBMM\u2019de ya\u015fanan tart\u0131\u015fman\u0131n yank\u0131lar\u0131 s\u00fcr\u00fcyor. Atat\u00fcrk i\u00e7in \u2018\u2019Kemalist diktat\u00f6rl\u00fck\u2019\u2019 ifadesini kullanan ve uyar\u0131 cezas\u0131 verilen BDP Diyarbak\u0131r milletvekili Altan Tan\u2019\u0131n bu s\u00f6zleri tutanaklardan \u00e7\u0131kar\u0131lacak. CHP\u2019li Muharrem <\/p>\n","protected":false},"author":1,"featured_media":0,"comment_status":"open","ping_status":"open","sticky":false,"template":"","format":"standard","meta":{"footnotes":""},"categories":[105],"tags":[],"class_list":["post-49110","post","type-post","status-publish","format-standard","hentry","category-gundem","odd"],"_links":{"self":[{"href":"http:\/\/www.korhanyilmaz.com\/index.php?rest_route=\/wp\/v2\/posts\/49110","targetHints":{"allow":["GET"]}}],"collection":[{"href":"http:\/\/www.korhanyilmaz.com\/index.php?rest_route=\/wp\/v2\/posts"}],"about":[{"href":"http:\/\/www.korhanyilmaz.com\/index.php?rest_route=\/wp\/v2\/types\/post"}],"author":[{"embeddable":true,"href":"http:\/\/www.korhanyilmaz.com\/index.php?rest_route=\/wp\/v2\/users\/1"}],"replies":[{"embeddable":true,"href":"http:\/\/www.korhanyilmaz.com\/index.php?rest_route=%2Fwp%2Fv2%2Fcomments&post=49110"}],"version-history":[{"count":0,"href":"http:\/\/www.korhanyilmaz.com\/index.php?rest_route=\/wp\/v2\/posts\/49110\/revisions"}],"wp:attachment":[{"href":"http:\/\/www.korhanyilmaz.com\/index.php?rest_route=%2Fwp%2Fv2%2Fmedia&parent=49110"}],"wp:term":[{"taxonomy":"category","embeddable":true,"href":"http:\/\/www.korhanyilmaz.com\/index.php?rest_route=%2Fwp%2Fv2%2Fcategories&post=49110"},{"taxonomy":"post_tag","embeddable":true,"href":"http:\/\/www.korhanyilmaz.com\/index.php?rest_route=%2Fwp%2Fv2%2Ftags&post=49110"}],"curies":[{"name":"wp","href":"https:\/\/api.w.org\/{rel}","templated":true}]}}