{"id":49107,"date":"2012-03-02T08:26:05","date_gmt":"2012-03-02T06:26:05","guid":{"rendered":"http:\/\/www.korhanyilmaz.com\/?p=49107"},"modified":"2012-03-02T09:29:45","modified_gmt":"2012-03-02T07:29:45","slug":"davalara-cozum-aihm-suzgeci","status":"publish","type":"post","link":"http:\/\/www.korhanyilmaz.com\/?p=49107","title":{"rendered":"Davalara \u00e7\u00f6z\u00fcm A\u0130HM s\u00fczgeci"},"content":{"rendered":"<p style=\"text-align: center;\"><a href=\"http:\/\/www.korhanyilmaz.com\/wp-content\/uploads\/2012\/03\/9043.jpg\"  class=\"lightview\"><img loading=\"lazy\" decoding=\"async\" class=\"aligncenter  wp-image-49104\" title=\"9043\" src=\"http:\/\/www.korhanyilmaz.com\/wp-content\/uploads\/2012\/03\/9043.jpg\" alt=\"\" width=\"280\" height=\"224\" \/><\/a><\/p>\n<p style=\"text-align: justify;\">Strasbourg ile Ankara, uzun s\u00fcren davalardan ma\u011fdur olanlar\u0131n A\u0130HM\u2019ye ba\u015fvurmas\u0131ndan \u00f6nce T\u00fcrkiye\u2019de olu\u015fturulacak bir \u2018\u00f6zel komisyon\u2019a gidilmesinin yolunu a\u00e7an mutabakata vard\u0131lar. A\u0130HM \u00f6zel komisyonda ele al\u0131nmayan dava dosyalar\u0131n\u0131 kabul etmeyecek. B\u00f6ylece hem A\u0130HM\u2019nin dosya y\u00fck\u00fc azalacak, hem de T\u00fcrkiye davalar\u0131 kendi i\u00e7inde \u00e7\u00f6zme imk\u00e2n\u0131na kavu\u015facak.\u00a0<!--more--><\/p>\n<p style=\"text-align: justify;\">T\u00dcRK\u0130YE, uzun yarg\u0131lamalar nedeniyle Avrupa \u0130nsan Haklar\u0131 Mahkemesi\u2019ne (A\u0130HM) gidecek davalar i\u00e7in \u2018s\u00fczge\u00e7\u2019 y\u00f6ntemi uygulamaya ba\u015flayacak. Bu konuda, Ankara ile Strasbourg aras\u0131nda yap\u0131lan g\u00f6r\u00fc\u015fmeler olumlu sonu\u00e7land\u0131. Strasbourg Mahkemesi, uzun yarg\u0131lamalar sonucu A\u0130HM\u2019ye bir \u2018\u015fik\u00e2yet ba\u015fvurusu\u2019nun ula\u015fmas\u0131ndan \u00f6nce T\u00fcrkiye\u2019de kurulacak bir komisyonun davaya bakmas\u0131na s\u0131cak bakt\u0131 ve bu komisyonun \u2018i\u00e7 hukuk yolu\u2019 olmas\u0131n\u0131n yolunu a\u00e7t\u0131. Bu karar\u0131n uygulanabilmesi i\u00e7in belirlenen bir pilot dava, olu\u015fturulacak \u2018\u00f6zel komisyon\u2019da g\u00f6r\u00fclecek ve Strasbourg\u2019un bu davay\u0131 \u2018adil\u2019 bulmas\u0131 halinde, T\u00fcrk hukuk sistemine A\u0130HM \u00f6ncesi olu\u015fturulacak \u2018s\u00fczge\u00e7\u2019 y\u00f6ntemi devreye girecek.<\/p>\n<p style=\"text-align: justify;\"><strong>Ba\u015fvuru 3 bini a\u015ft\u0131\u00a0<\/strong><\/p>\n<p style=\"text-align: justify;\">Konuyla ilgili ayr\u0131nt\u0131l\u0131 bilgi, \u2018Bab\u0131\u00e2li Toplant\u0131lar\u0131\u2019na kat\u0131lan Adalet Bakan\u0131 Sadullah Ergin taraf\u0131ndan duyuruldu. Strasbourg\u2019daki A\u0130HM kaynaklar\u0131 da Ankara ile Strasbourg aras\u0131ndaki bu mutabakat\u0131 teyit ettiler. 3 bin\u2019i a\u015fk\u0131n T\u00fcrk vatanda\u015f\u0131n\u0131n A\u0130HM\u2019ye ba\u015fvurdu\u011fu, bu say\u0131n\u0131n giderek artacak olmas\u0131 nedeniyle, Strasbourg ile Ankara aras\u0131nda bir mutabakata var\u0131ld\u0131\u011f\u0131 a\u00e7\u0131kland\u0131. K\u0131br\u0131s\u2019taki m\u00fclkiyet davalar\u0131 i\u00e7in KKTC\u2019de olu\u015fturulan \u2018Tazmin Komisyonu\u2019na benzer bir y\u00f6ntemle olu\u015fturulacak olan \u2018s\u00fczge\u00e7\u2019 sistemi \u015f\u00f6yle uygulanacak:<\/p>\n<p style=\"text-align: justify;\"><strong>Ama\u00e7 dosyay\u0131 azaltmak\u00a0<\/strong><\/p>\n<p style=\"text-align: justify;\">* A\u0130HM T\u00fcrkiye\u2019ye bir pilot dava \u00f6nerdi. Bu \u00f6neri T\u00fcrkiye taraf\u0131ndan kabul edildi.<\/p>\n<p style=\"text-align: justify;\">* Strasbourg pilot davayla ilgili T\u00fcrkiye\u2019ye \u00f6n\u00fcm\u00fczdeki g\u00fcnlerde bir takvim sunacak. Davan\u0131n sa\u011fl\u0131kl\u0131 sonu\u00e7land\u0131r\u0131ld\u0131\u011f\u0131 kanaati olu\u015fursa, uzun yarg\u0131 s\u00fcrecine y\u00f6nelik davalar i\u00e7in T\u00fcrkiye\u2019de olu\u015fturulacak \u2018\u00f6zel komisyon\u2019 A\u0130HS taraf\u0131ndan \u2018etkin i\u00e7 hukuk yolu\u2019 olarak kabul edilecek.<\/p>\n<p style=\"text-align: justify;\">* Uzun yarg\u0131lama s\u00fcrecinden ma\u011fdur oldu\u011funu d\u00fc\u015f\u00fcnen bireyler, A\u0130HM\u2019ye ba\u015fvurmadan \u00f6nce olu\u015fturulacak olan bu \u2018\u00f6zel komisyon\u2019a ba\u015fvuracak. A\u0130HM ise bu t\u00fcrl\u00fc davalar\u0131, \u00f6zel komisyonda ele al\u0131nmadan \u00f6nce kabul etmeyecek.<\/p>\n<p style=\"text-align: justify;\"><strong>Bireysel ba\u015fvuru\u00a0<\/strong><\/p>\n<p style=\"text-align: justify;\">* A\u0130HM, halen 3 bin\u2019i a\u015fm\u0131\u015f olan \u2018uzun yarg\u0131lama s\u00fcreci\u2019ne y\u00f6nelik dava dosyalar\u0131n\u0131n t\u00fcm\u00fcn\u00fc bu \u00f6zel komisyona y\u00f6nlendirecek.<\/p>\n<p style=\"text-align: justify;\">* B\u00f6ylelikle hem A\u0130HM\u2019nin dava dosya y\u00fck\u00fc azalacak, hem de T\u00fcrkiye bu davalar\u0131 kendi i\u00e7inde \u00e7\u00f6zme imkan\u0131na kavu\u015facak.<\/p>\n<p style=\"text-align: justify;\">* T\u00fcrkiye ayr\u0131ca A\u0130HM\u2019ye gidebilecek olan t\u00fcm \u015fikayetleri ele alabilecek olan ve bizzat \u2018bireysel ba\u015fvurular\u0131n\u2019 yap\u0131labilece\u011fi Anayasa Mahkemesi\u2019nde olu\u015fturulacak olan \u2018bireysel ba\u015fvuru\u2019 sistemini ise 23 Eyl\u00fcl\u2019den itibaren hizmete sokacak.<\/p>\n<p style=\"text-align: justify;\"><a href=\"http:\/\/www.hurriyet.com.tr\/planet\/20039382.asp\" target=\"_blank\">Kaynak : Zeynep L\u00fcle &#8211; H\u00fcrriyet.com.tr<\/a><\/p>\n","protected":false},"excerpt":{"rendered":"<p style=\"text-align: center;\">\n<p style=\"text-align: justify;\">Strasbourg ile Ankara, uzun s\u00fcren davalardan ma\u011fdur olanlar\u0131n A\u0130HM\u2019ye ba\u015fvurmas\u0131ndan \u00f6nce T\u00fcrkiye\u2019de olu\u015fturulacak bir \u2018\u00f6zel komisyon\u2019a gidilmesinin yolunu a\u00e7an mutabakata vard\u0131lar. A\u0130HM \u00f6zel komisyonda ele al\u0131nmayan dava dosyalar\u0131n\u0131 kabul etmeyecek. B\u00f6ylece hem A\u0130HM\u2019nin dosya y\u00fck\u00fc azalacak, hem de T\u00fcrkiye davalar\u0131 kendi i\u00e7inde \u00e7\u00f6zme imk\u00e2n\u0131na kavu\u015facak. <\/p>\n","protected":false},"author":1,"featured_media":0,"comment_status":"open","ping_status":"open","sticky":false,"template":"","format":"standard","meta":{"footnotes":""},"categories":[105],"tags":[],"class_list":["post-49107","post","type-post","status-publish","format-standard","hentry","category-gundem","odd"],"_links":{"self":[{"href":"http:\/\/www.korhanyilmaz.com\/index.php?rest_route=\/wp\/v2\/posts\/49107","targetHints":{"allow":["GET"]}}],"collection":[{"href":"http:\/\/www.korhanyilmaz.com\/index.php?rest_route=\/wp\/v2\/posts"}],"about":[{"href":"http:\/\/www.korhanyilmaz.com\/index.php?rest_route=\/wp\/v2\/types\/post"}],"author":[{"embeddable":true,"href":"http:\/\/www.korhanyilmaz.com\/index.php?rest_route=\/wp\/v2\/users\/1"}],"replies":[{"embeddable":true,"href":"http:\/\/www.korhanyilmaz.com\/index.php?rest_route=%2Fwp%2Fv2%2Fcomments&post=49107"}],"version-history":[{"count":0,"href":"http:\/\/www.korhanyilmaz.com\/index.php?rest_route=\/wp\/v2\/posts\/49107\/revisions"}],"wp:attachment":[{"href":"http:\/\/www.korhanyilmaz.com\/index.php?rest_route=%2Fwp%2Fv2%2Fmedia&parent=49107"}],"wp:term":[{"taxonomy":"category","embeddable":true,"href":"http:\/\/www.korhanyilmaz.com\/index.php?rest_route=%2Fwp%2Fv2%2Fcategories&post=49107"},{"taxonomy":"post_tag","embeddable":true,"href":"http:\/\/www.korhanyilmaz.com\/index.php?rest_route=%2Fwp%2Fv2%2Ftags&post=49107"}],"curies":[{"name":"wp","href":"https:\/\/api.w.org\/{rel}","templated":true}]}}