{"id":49102,"date":"2012-03-01T13:11:56","date_gmt":"2012-03-01T11:11:56","guid":{"rendered":"http:\/\/www.korhanyilmaz.com\/?p=49102"},"modified":"2012-03-01T19:22:02","modified_gmt":"2012-03-01T17:22:02","slug":"aihme-basvuruda-yeni-uygulama","status":"publish","type":"post","link":"http:\/\/www.korhanyilmaz.com\/?p=49102","title":{"rendered":"A\u0130HM&#8217;e ba\u015fvuruda yeni uygulama"},"content":{"rendered":"<p style=\"text-align: justify;\">\n<p style=\"text-align: center;\"><a href=\"http:\/\/www.korhanyilmaz.com\/wp-content\/uploads\/2012\/03\/9043.jpg\"  class=\"lightview\"><img loading=\"lazy\" decoding=\"async\" class=\"aligncenter  wp-image-49104\" src=\"http:\/\/www.korhanyilmaz.com\/wp-content\/uploads\/2012\/03\/9043.jpg\" alt=\"\" width=\"280\" height=\"224\" \/><\/a><\/p>\n<p style=\"text-align: justify;\">T\u00fcrkiye ile A\u0130HM ile yeni bir mutabakata var\u0131ld\u0131. Art\u0131k T\u00fcrkiye\u2019de olu\u015fturulacak komisyonlardan ge\u00e7meyen dosyalara A\u0130HM\u2019in bakmayacak.<\/p>\n<p style=\"text-align: justify;\">Adalet Bakan\u0131 Sadullah Ergin, Avrupa \u0130nsan Haklar\u0131 Mahkemesi&#8217;ne (A\u0130HM) giden dosyalar\u0131 hukuk yoluyla \u00e7\u00f6zmeyi ama\u00e7lad\u0131klar\u0131n\u0131 s\u00f6yledi. .<\/p>\n<p style=\"text-align: justify;\">\u0130stanbul M\u00f6venpick Otel&#8217;de d\u00fczenlenen &#8220;Bab-\u0131 Ali Toplant\u0131lar\u0131&#8221;na kat\u0131lan Adalet Bakan\u0131 Sadullah Ergin \u00f6nemli a\u00e7\u0131klamalarda bulundu.<!--more--><\/p>\n<p style=\"text-align: justify;\">Adalet Bakan\u0131 Ergin, uzun yarg\u0131lamadan ma\u011fdur olan baz\u0131 vatanda\u015flar\u0131n A\u0130HM&#8217;e \u015fikayette bulundu\u011funu hat\u0131rlatt\u0131. A\u0130HM&#8217;de a\u00e7\u0131lan dava say\u0131s\u0131n\u0131n 3 bine yakla\u015ft\u0131\u011f\u0131n\u0131 bildiren Sadullah Ergin, Anayasa Mahkemesi&#8217;nin bireysel ba\u015fvuru kabul edece\u011fi 23 Eyl\u00fcl&#8217;e kadar bu dosya say\u0131s\u0131n\u0131n 3 bin 500&#8217;leri bulabilece\u011fini aktard\u0131. A\u0130HM ile bir mutabakata vard\u0131klar\u0131n\u0131 a\u00e7\u0131klayan Ergin, &#8220;Onlara, &#8216;Bu uzun yarg\u0131lamalardan ma\u011fdur olan vatanda\u015flar\u0131m\u0131zla ilgili olarak biz kendimiz i\u00e7 hukuk yolu olu\u015ftural\u0131m ve vatanda\u015f\u0131m\u0131zla kendimiz bar\u0131\u015fal\u0131m, helalle\u015felim. Bu yarg\u0131lamalar\u0131 siz yapmay\u0131n&#8217; dedik. Mahkeme bu teklifi kabul etti. T\u00fcrkiye&#8217;ye pilot uygulama i\u00e7in bir dosya teklif etti. Bunu kabul ettik ve kabul etti\u011fimizi de A\u0130HM&#8217;e bildirdik. Mart ay\u0131nda, \u00f6n\u00fcm\u00fczdeki 15-20 g\u00fcn i\u00e7inde mahkeme bununla ilgili bir takvim a\u00e7\u0131klayacak ve &#8216;Bu pilot dosyay\u0131 i\u00e7 hukuk yoluyla neticelendirin, bunun etkin bir i\u00e7 hukuk yolu oldu\u011funu g\u00f6rd\u00fc\u011f\u00fcm\u00fcz anda elimizdeki kalan dosya ile ilgili yarg\u0131lamalar\u0131 durduruyoruz, T\u00fcrkiye kendi i\u00e7inde bu meseleyi halletsin&#8217; diye bir karar verecek. Mart ay\u0131 i\u00e7inde A\u0130HM&#8217;den bu karar\u0131 bekliyoruz. Bu karar geldi\u011finde T\u00fcrkiye&#8217;de aynen Ter\u00f6r Ma\u011fdurlar\u0131n\u0131n Zararlar\u0131n\u0131 Kar\u015f\u0131lama Komisyonu gibi ya da Loizidou davas\u0131ndan sonra K\u0131br\u0131s&#8217;ta olu\u015fturdu\u011fumuz Ta\u015f\u0131nmaz Mal Komisyonu gibi, bu komisyonlardan ge\u00e7medik\u00e7e A\u0130HM bu konulardaki dosyalara bakmayacak. Kald\u0131 ki, 23 Eyl\u00fcl&#8217;den sonra Anayasa Mahkemesi&#8217;ne bireysel olarak ba\u015fvuracaklar\u0131 i\u00e7in 2012 sonundan itibaren T\u00fcrkiye&#8217;nin \u015fu andaki A\u0130HM&#8217;deki olumsuz tablosu da \u00f6nemli \u00f6l\u00e7\u00fcde ortadan kalkacak&#8221; \u015feklinde konu\u015ftu.<\/p>\n<p style=\"text-align: justify;\">Adalet Bakan\u0131 Sadullah Ergin, T\u00fcrkiye&#8217;nin hakim ve savc\u0131 say\u0131s\u0131 bak\u0131m\u0131ndan geli\u015fmi\u015f \u00fclkelerin \u00e7ok gerisinde oldu\u011funu ifade etti. \u0130lk derece mahkemelerinde hakim ve savc\u0131 say\u0131s\u0131n\u0131n son derece yetersiz oldu\u011funun alt\u0131n\u0131 \u00e7izen Ergin, &#8220;T\u00fcrkiye&#8217;de maalesef \u015fu anda her 100 bin ki\u015fiye 10,1 hakim d\u00fc\u015f\u00fcyor. Geli\u015fmi\u015f \u00fclkelerdeki ortalama 20 civar\u0131nda. T\u00fcrkiye&#8217;de de her 100 bin ki\u015fiye 20 hakim d\u00fc\u015ferse, bu, problemleri \u00e7\u00f6zme noktas\u0131nda, ilk derece mahkemelerinde de daha seri ve kaliteli kararlarla bulu\u015fma noktas\u0131nda son derece \u00f6nemli. Buna ula\u015fmak i\u00e7in planlamam\u0131z\u0131 yapt\u0131k ve in\u015fallah orta vadede bu hedefe ula\u015fmay\u0131 hedef olarak belirledik&#8221; diye konu\u015ftu.<\/p>\n<p style=\"text-align: justify;\">Tutukluluk ve yarg\u0131lama s\u00fcresinin uzunlu\u011fuyla ilgili de konu\u015fan Bakan Ergin, yap\u0131lan d\u00fczenlemelerle ama\u00e7lanan d\u00fczeye ula\u015f\u0131laca\u011f\u0131n\u0131 belirtti. Yarg\u0131tay&#8217;daki \u00fcye ve daire say\u0131lar\u0131n\u0131n art\u0131r\u0131ld\u0131\u011f\u0131n\u0131 hat\u0131rlatan Ergin, b\u00f6ylelikle i\u015f y\u00fck\u00fcn\u00fcn de azald\u0131\u011f\u0131n\u0131 ve stokta bekleyen dosyalar\u0131n karara ba\u011fland\u0131\u011f\u0131n\u0131 aktard\u0131.<\/p>\n<p style=\"text-align: justify;\"><a href=\"http:\/\/www.sabah.com.tr\/Gundem\/2012\/03\/01\/aihme-basvuruda-yeni-uygulama\" target=\"_blank\">Kaynak : sabah.com.tr<\/a><\/p>\n","protected":false},"excerpt":{"rendered":"<p style=\"text-align: justify;\">\n<p style=\"text-align: center;\">\n<p style=\"text-align: justify;\">T\u00fcrkiye ile A\u0130HM ile yeni bir mutabakata var\u0131ld\u0131. Art\u0131k T\u00fcrkiye\u2019de olu\u015fturulacak komisyonlardan ge\u00e7meyen dosyalara A\u0130HM\u2019in bakmayacak.<\/p>\n<p style=\"text-align: justify;\">Adalet Bakan\u0131 Sadullah Ergin, Avrupa \u0130nsan Haklar\u0131 Mahkemesi&#8217;ne (A\u0130HM) giden dosyalar\u0131 hukuk yoluyla \u00e7\u00f6zmeyi ama\u00e7lad\u0131klar\u0131n\u0131 s\u00f6yledi. .<\/p>\n<p style=\"text-align: justify;\">\u0130stanbul M\u00f6venpick Otel&#8217;de d\u00fczenlenen &#8220;Bab-\u0131 Ali Toplant\u0131lar\u0131&#8221;na kat\u0131lan Adalet Bakan\u0131 <\/p>\n","protected":false},"author":1,"featured_media":0,"comment_status":"open","ping_status":"open","sticky":false,"template":"","format":"standard","meta":{"footnotes":""},"categories":[105],"tags":[],"class_list":["post-49102","post","type-post","status-publish","format-standard","hentry","category-gundem","odd"],"_links":{"self":[{"href":"http:\/\/www.korhanyilmaz.com\/index.php?rest_route=\/wp\/v2\/posts\/49102","targetHints":{"allow":["GET"]}}],"collection":[{"href":"http:\/\/www.korhanyilmaz.com\/index.php?rest_route=\/wp\/v2\/posts"}],"about":[{"href":"http:\/\/www.korhanyilmaz.com\/index.php?rest_route=\/wp\/v2\/types\/post"}],"author":[{"embeddable":true,"href":"http:\/\/www.korhanyilmaz.com\/index.php?rest_route=\/wp\/v2\/users\/1"}],"replies":[{"embeddable":true,"href":"http:\/\/www.korhanyilmaz.com\/index.php?rest_route=%2Fwp%2Fv2%2Fcomments&post=49102"}],"version-history":[{"count":0,"href":"http:\/\/www.korhanyilmaz.com\/index.php?rest_route=\/wp\/v2\/posts\/49102\/revisions"}],"wp:attachment":[{"href":"http:\/\/www.korhanyilmaz.com\/index.php?rest_route=%2Fwp%2Fv2%2Fmedia&parent=49102"}],"wp:term":[{"taxonomy":"category","embeddable":true,"href":"http:\/\/www.korhanyilmaz.com\/index.php?rest_route=%2Fwp%2Fv2%2Fcategories&post=49102"},{"taxonomy":"post_tag","embeddable":true,"href":"http:\/\/www.korhanyilmaz.com\/index.php?rest_route=%2Fwp%2Fv2%2Ftags&post=49102"}],"curies":[{"name":"wp","href":"https:\/\/api.w.org\/{rel}","templated":true}]}}