{"id":49098,"date":"2012-03-01T16:31:13","date_gmt":"2012-03-01T14:31:13","guid":{"rendered":"http:\/\/www.korhanyilmaz.com\/?p=49098"},"modified":"2012-03-01T18:12:46","modified_gmt":"2012-03-01T16:12:46","slug":"ak-partiyi-kuracak-isimler-bizi-aldatti","status":"publish","type":"post","link":"http:\/\/www.korhanyilmaz.com\/?p=49098","title":{"rendered":"AK Partiyi kuracak isimler bizi aldatt\u0131"},"content":{"rendered":"<p style=\"text-align: center;\"><a href=\"http:\/\/www.korhanyilmaz.com\/wp-content\/uploads\/2012\/03\/9041.jpg\"  class=\"lightview\"><img loading=\"lazy\" decoding=\"async\" class=\"aligncenter  wp-image-49099\" src=\"http:\/\/www.korhanyilmaz.com\/wp-content\/uploads\/2012\/03\/9041.jpg\" alt=\"\" width=\"396\" height=\"180\" \/><\/a><\/p>\n<p style=\"text-align: justify;\">Kavak\u00e7\u0131 i\u00e7in ne beni ne Erbakan&#8217;\u0131 dinlediler. Kavak\u00e7\u0131&#8217;y\u0131 salona AK Partiyi kuracak isimler g\u00f6t\u00fcrd\u00fc.<\/p>\n<p style=\"text-align: justify;\">Refahyol d\u00f6neminin \u00f6nemli isimlerinden Asilt\u00fcrk: Merve Kavak\u00e7\u0131&#8217;n\u0131n yemin i\u00e7in TBMM&#8217;ye girmesi Erbakan ve benim bilgimin d\u0131\u015f\u0131ndayd\u0131. Meclis&#8217;i y\u00f6neten Septio\u011flu ile anla\u015fm\u0131\u015ft\u0131k. Kendisi,&#8217; Ba\u015f\u00f6rt\u00fcl\u00fc birinin yeminini engelletmem. Sizden iste\u011fim tenha bir zamanda getirin&#8217; dedi. Bir de bakt\u0131k ki Merve Han\u0131m salona girmi\u015f, nas\u0131l girmi\u015f bilmiyorum. Kavak\u00e7\u0131&#8217;y\u0131 salona AK Parti&#8217;yi kuracak isimler g\u00f6t\u00fcrd\u00fc.\u00a0<!--more--><\/p>\n<p style=\"text-align: justify;\">Radikal Ankara Haber M\u00fcd\u00fcr\u00fc \u00d6mer \u015eahin\u2019in Kanal A daki G\u00f6r\u00fc\u015f Fark\u0131 program\u0131na kat\u0131lan SP\u2019li O\u011fuzhan Asilt\u00fcrk, \u00e7arp\u0131c\u0131 a\u00e7\u0131klamalar yapt\u0131. 28 \u015eubat s\u00fcrecinde Erbakan\u2019\u0131n tavr\u0131na y\u00f6nelik ele\u015ftirilere cevap veren Asilt\u00fcrk, \u201cErbakan tanka \u00e7\u0131kt\u0131 ta haber mi yapmad\u0131k?\u201d diyen gazeteci Fikret Bila\u2019ya y\u00fcklendi. Asilt\u00fcrk, \u201c Tank\u0131n \u00fcst\u00fcne Fikret Bila \u00e7\u0131ks\u0131n. Biz tank\u0131n mank\u0131n \u00fczerine \u00e7\u0131kmay\u0131z ama tank\u0131 y\u00fcr\u00fctenlere \u2018bu i\u015f yanl\u0131\u015f\u2019 deriz\u201d dedi.<\/p>\n<p style=\"text-align: justify;\"><strong>28 \u015eubat\u2019\u0131n 1 numaras\u0131 Demirel<\/strong><\/p>\n<p style=\"text-align: justify;\">Milli G\u00f6r\u00fc\u015f Hareketi\u2019nin \u00f6nemli isimlerinden O\u011fuzhan Asilt\u00fcrk, 28 \u015eubat\u2019\u0131n 1 numaras\u0131 olarak d\u00f6nemin Cumhurba\u015fkan\u0131 S\u00fcleyman Demirel\u2019i g\u00f6sterdi. Erbakan Hoca\u2019n\u0131n 18 maddelik MGK bildirisini g\u00f6r\u00fcnce, \u201cBunu asker yazm\u0131\u015f olamaz. \u0130nanc\u0131 olan bunu yazmaz\u201d dedi\u011fini s\u00f6yleyen Asilt\u00fcrk, daha sonra bu kararlar\u0131n ABD taraf\u0131ndan haz\u0131rland\u0131\u011f\u0131n\u0131n ortaya \u00e7\u0131kt\u0131\u011f\u0131n\u0131 iddia etti. Asilt\u00fcrk, \u201cHoca kriptoyu g\u00f6r\u00fcnce \u2018ben yan\u0131lmam\u0131\u015f\u0131m, bu askerlere kanaatim m\u00fcsbetti\u2019dedi. Yap\u0131lanlar su\u00e7tu ama onlar kendili\u011finden bunu yapmad\u0131lar\u201d diye konu\u015ftu.<\/p>\n<p style=\"text-align: justify;\"><strong>AKP, 28 \u015eubat\u2019ta olsa korkup ka\u00e7ard\u0131<\/strong><\/p>\n<p style=\"text-align: justify;\">Refahyol\u2019un 28 \u015eubat\u2019taki tavr\u0131 ile AK Parti\u2019nin 27 Nisan bildirisine kar\u015f\u0131 duru\u015funu kar\u015f\u0131la\u015ft\u0131ran O\u011fuzhan Asilt\u00fcrk \u015f\u00f6yle devam etti: \u201cBu iktidar o zaman olsayd\u0131 b\u0131rak\u0131p ka\u00e7ard\u0131. \u00d6yle ya\u011fma m\u0131 var. AKP\u2019yi iktidara getiren ABD ve d\u00fcnya siyonizmdir. Bas\u0131n, haber ajanslar\u0131 ellerinde. ABD b\u00fct\u00fcn deste\u011fini askerden \u00e7ekmi\u015f. Bu \u015fartlar alt\u0131nda kabaday\u0131l\u0131k \u00e7ok kolay. O zaman \u201cgerekirse silah kullan\u0131r\u0131z\u201d diyor, ne yapacaks\u0131n\u0131z? Allah\u2019a s\u0131\u011f\u0131nmaktan ba\u015fka bir \u015fey yapamazs\u0131n\u0131z. Siz sertle\u015firseniz, taban\u0131n\u0131z sertle\u015fir. O zaman istenmeyen olaylar olur.\u201d<\/p>\n<p style=\"text-align: justify;\">Asilt\u00fcrk, Genelkurmay Ba\u015fkan\u0131 Orgeneral \u0130smail Hakk\u0131 Karaday\u0131\u2019n\u0131n Erbakan Hoca ile iyi anla\u015ft\u0131\u011f\u0131n\u0131, kuvvet komutanlar\u0131na, \u201cNi\u00e7in onunla u\u011fra\u015f\u0131yorsunuz, ben \u00e7ok iyi anla\u015f\u0131yorum\u201d dedi\u011fini \u00f6ne s\u00fcrd\u00fc.<\/p>\n<p style=\"text-align: justify;\"><strong>Kavak\u00e7\u0131 i\u00e7in ne beni ne Hoca&#8217;y\u0131 dinlediler<\/strong><\/p>\n<p style=\"text-align: justify;\">28 \u015eubat\u2019\u0131n \u00f6nemli olaylar\u0131ndan olan Merve Kavak\u00e7\u0131\u2019n\u0131n Meclis\u2019teki yemin g\u00fcn\u00fcn\u00fc de anlatan O\u011fuzhan Asilt\u00fcrk, Kavak\u00e7\u0131\u2019n\u0131n yemin i\u00e7in salona girmesinin Erbakan ve kendisinin bilgisi d\u0131\u015f\u0131nda oldu\u011funu anlatt\u0131. Kavak\u00e7\u0131\u2019y\u0131 daha sonra AK Parti\u2019yi kuracak olan isimlerin salona g\u00f6t\u00fcrd\u00fc\u011f\u00fcn\u00fc s\u00f6yleyen Asilt\u00fcrk \u015f\u00f6yle konu\u015ftu: \u201cMeclis\u2019i y\u00f6neten Septio\u011flu ile anla\u015fm\u0131\u015ft\u0131k. Kendisi,\u2019 Ba\u015f\u00f6rt\u00fcl\u00fc birinin yeminini engelletmem. Sizden iste\u011fim tenha bir zamanda getirin\u2019 dedi. Bizim arkada\u015flara bunu s\u00f6yledik. Hatta tahrik olmas\u0131nlar diye ben salona bile girmedim. Bir de bakt\u0131k ki Merve Han\u0131m salona girmi\u015f, nas\u0131l girmi\u015f bilmiyorum. Ne Hoca\u2019y\u0131 ne beni dinlemediler.\u201d<\/p>\n<p style=\"text-align: justify;\">Kavak\u00e7\u0131\u2019n\u0131n \u201cBana sahip \u00e7\u0131kmad\u0131lar\u201d sitemine de cevap veren Asilt\u00fcrk, \u201cMerve Han\u0131m\u2019\u0131n evinde milletvekillerine n\u00f6bet tutturduk. Bu nas\u0131l sahip \u00e7\u0131kmamak?\u201d diye sordu.<\/p>\n<p style=\"text-align: justify;\"><strong>Erbakan, Erdo\u011fan,G\u00fcl ve Kurtulmu\u015f\u2019a k\u0131rg\u0131n gitti<\/strong><\/p>\n<p style=\"text-align: justify;\">Erbakan Hoca\u2019n\u0131n \u00f6lmeden \u00f6nce herkese hakk\u0131n\u0131 helal etti\u011fi, eski talebeleri Cumhurba\u015fkan\u0131 G\u00fcl, Ba\u015fbakan Erdo\u011fan ve Numan Kurtulmu\u015f\u2019u da affetti\u011fi s\u00f6ylenmi\u015fti. O\u011fuzhan Asilt\u00fcrk\u2019ten bu konuda farkl\u0131 bir a\u00e7\u0131klama geldi. Asilt\u00fcrk, \u201cBen d\u00fcr\u00fcst hareket eden, dobra dobra konu\u015fan bir insan\u0131m. Hoca k\u0131rg\u0131n gitti\u201d dedi.<\/p>\n<p style=\"text-align: justify;\"><strong>Lav\u0131 Emniyet de\u011fil, CIA buluyor<\/strong><\/p>\n<p style=\"text-align: justify;\">Ergenekon Operasyonunun ABD\u2019nin \u0130ran\u2019a sald\u0131r\u0131s\u0131na kar\u015f\u0131 \u00e7\u0131kan 7 generalin tasfiyesi i\u00e7in yap\u0131ld\u0131\u011f\u0131n\u0131 vurgulayan O\u011fuzhan Asilt\u00fcrk, toprak alt\u0131ndan \u00e7\u0131kan lav silah\u0131 ve m\u00fchimmat\u0131n da ABD taraf\u0131ndan bulundu\u011funu \u00f6ne s\u00fcrd\u00fc. Asilt\u00fcrk, \u201c Da\u011f ba\u015f\u0131na ihbar geliyor, kaz\u0131larda lav silahlar\u0131 bulunuyor. M\u0130T, Emniyet biliyor da haber mi vermedi? Kim , kimi kand\u0131r\u0131yor. B\u00fct\u00fcn bunlar uzaydan g\u00f6zetlenir. ABD, C\u0130A, MOSSAD biliyor uzaydan. Ben y\u00fcksek m\u00fchendisim, master yapm\u0131\u015f insan\u0131m. Beni aldatacak de\u011filler ya? 2 ayr\u0131 h\u00fck\u00fcmette \u0130\u00e7i\u015fleri Bakanl\u0131\u011f\u0131 yapt\u0131m. Bunlar\u0131n ba\u015f\u0131ndayd\u0131m. Bunlar (M\u0130T, Emniyet) kesinlikle bilmezler. Bunlar\u0131 bilseler el koyarlard\u0131\u201d diye konu\u015ftu.<\/p>\n<p style=\"text-align: justify;\"><strong>Fatih Erbakan aday de\u011fil<\/strong><\/p>\n<p style=\"text-align: justify;\">Asilt\u00fcrk, ismi SP\u2019nin muhtemel lider aday\u0131 olarak ge\u00e7en Fatih Erbakan\u2019a ince dokundurmalarda bulundu. \u201cErbakan aday m\u0131?\u201d sorusuna, \u201cHay\u0131r\u201d cevab\u0131n\u0131 veren Asilt\u00fcrk, \u201cTecr\u00fcbe sahibi olur, gelir partiye teslim olur, \u00e7al\u0131\u015f\u0131r, o zaman \u00f6nce ben sahip \u00e7\u0131kar\u0131m. Ayr\u0131 ba\u015f \u00e7ekerse Allah selamet versin,derim\u201d dedi.<\/p>\n<p style=\"text-align: justify;\"><a href=\"http:\/\/www.gazeteport.com\/haber\/82183\/ak_partiyi_kuracak_isimler_bizi_aldatti\" target=\"_blank\">Kaynak : GAZETEPORT<\/a><\/p>\n","protected":false},"excerpt":{"rendered":"<p style=\"text-align: center;\">\n<p style=\"text-align: justify;\">Kavak\u00e7\u0131 i\u00e7in ne beni ne Erbakan&#8217;\u0131 dinlediler. Kavak\u00e7\u0131&#8217;y\u0131 salona AK Partiyi kuracak isimler g\u00f6t\u00fcrd\u00fc.<\/p>\n<p style=\"text-align: justify;\">Refahyol d\u00f6neminin \u00f6nemli isimlerinden Asilt\u00fcrk: Merve Kavak\u00e7\u0131&#8217;n\u0131n yemin i\u00e7in TBMM&#8217;ye girmesi Erbakan ve benim bilgimin d\u0131\u015f\u0131ndayd\u0131. Meclis&#8217;i y\u00f6neten Septio\u011flu ile anla\u015fm\u0131\u015ft\u0131k. Kendisi,&#8217; Ba\u015f\u00f6rt\u00fcl\u00fc birinin yeminini engelletmem. Sizden iste\u011fim tenha bir zamanda getirin&#8217; dedi. Bir <\/p>\n","protected":false},"author":1,"featured_media":0,"comment_status":"open","ping_status":"open","sticky":false,"template":"","format":"standard","meta":{"footnotes":""},"categories":[105],"tags":[],"class_list":["post-49098","post","type-post","status-publish","format-standard","hentry","category-gundem","odd"],"_links":{"self":[{"href":"http:\/\/www.korhanyilmaz.com\/index.php?rest_route=\/wp\/v2\/posts\/49098","targetHints":{"allow":["GET"]}}],"collection":[{"href":"http:\/\/www.korhanyilmaz.com\/index.php?rest_route=\/wp\/v2\/posts"}],"about":[{"href":"http:\/\/www.korhanyilmaz.com\/index.php?rest_route=\/wp\/v2\/types\/post"}],"author":[{"embeddable":true,"href":"http:\/\/www.korhanyilmaz.com\/index.php?rest_route=\/wp\/v2\/users\/1"}],"replies":[{"embeddable":true,"href":"http:\/\/www.korhanyilmaz.com\/index.php?rest_route=%2Fwp%2Fv2%2Fcomments&post=49098"}],"version-history":[{"count":0,"href":"http:\/\/www.korhanyilmaz.com\/index.php?rest_route=\/wp\/v2\/posts\/49098\/revisions"}],"wp:attachment":[{"href":"http:\/\/www.korhanyilmaz.com\/index.php?rest_route=%2Fwp%2Fv2%2Fmedia&parent=49098"}],"wp:term":[{"taxonomy":"category","embeddable":true,"href":"http:\/\/www.korhanyilmaz.com\/index.php?rest_route=%2Fwp%2Fv2%2Fcategories&post=49098"},{"taxonomy":"post_tag","embeddable":true,"href":"http:\/\/www.korhanyilmaz.com\/index.php?rest_route=%2Fwp%2Fv2%2Ftags&post=49098"}],"curies":[{"name":"wp","href":"https:\/\/api.w.org\/{rel}","templated":true}]}}