{"id":49094,"date":"2012-03-01T16:16:31","date_gmt":"2012-03-01T14:16:31","guid":{"rendered":"http:\/\/www.korhanyilmaz.com\/?p=49094"},"modified":"2012-03-01T18:05:49","modified_gmt":"2012-03-01T16:05:49","slug":"kilicdaroglu-fezlekesi-ap-raporunda","status":"publish","type":"post","link":"http:\/\/www.korhanyilmaz.com\/?p=49094","title":{"rendered":"K\u0131l\u0131\u00e7daro\u011flu fezlekesi AP raporunda"},"content":{"rendered":"<p style=\"text-align: center;\"><a href=\"http:\/\/www.korhanyilmaz.com\/wp-content\/uploads\/2012\/03\/9040.jpg\"  class=\"lightview\"><img loading=\"lazy\" decoding=\"async\" class=\"aligncenter  wp-image-49095\" src=\"http:\/\/www.korhanyilmaz.com\/wp-content\/uploads\/2012\/03\/9040.jpg\" alt=\"\" width=\"396\" height=\"180\" \/><\/a><\/p>\n<p style=\"text-align: justify;\">Avrupa Parlamentosu (AP) D\u0131\u015f \u0130li\u015fkiler Komitesi&#8217;nde T\u00fcrkiye rapor tasla\u011f\u0131 7&#8217;ye kar\u015f\u0131 54 oyla kabul edilirken kabul edilen de\u011fi\u015fiklik \u00f6nergeleriyle sivil anayasa \u00e7a\u011fr\u0131s\u0131 g\u00fc\u00e7lendirildi. T\u00fcrkiye&#8217;deki b\u00fct\u00fcn siyasi partiler ve taraflara, &#8221;uzla\u015fmaya dayal\u0131 yeni anayasa m\u00fczakereleri s\u00fcrecini yap\u0131c\u0131 desteklemeleri ve yap\u0131c\u0131 tutum benimsemeleri&#8221; \u00e7a\u011fr\u0131s\u0131 yap\u0131ld\u0131. K\u0131l\u0131\u00e7daro\u011flu i\u00e7in d\u00fczenlenen fezleke de rapora girdi.\u00a0<!--more--><\/p>\n<p style=\"text-align: justify;\">BR\u00dcKSEL- AP T\u00fcrkiye Raport\u00f6r\u00fc Ria Oomen-Ruijten taraf\u0131ndan kaleme al\u0131nan T\u00fcrkiye rapor tasla\u011f\u0131 ve 461 de\u011fi\u015fiklik \u00f6nergesi, D\u0131\u015f \u0130li\u015fkiler Komitesi&#8217;nde oyland\u0131.<\/p>\n<p style=\"text-align: justify;\">Baz\u0131 a\u015f\u0131r\u0131 sa\u011f ve sol milletvekillerinin rapor tasla\u011f\u0131nda yer almamas\u0131na ra\u011fmen 1915 olaylar\u0131yla ilgili Ermeni iddialar\u0131n\u0131 ve benzer maddeleri kabul ettirme giri\u015fimi sonu\u00e7suz kald\u0131.<\/p>\n<p style=\"text-align: justify;\">Oylamada kabul edilen de\u011fi\u015fiklik \u00f6nergelerinde ise sivil anayasa \u00e7al\u0131\u015fmalar\u0131na g\u00fc\u00e7l\u00fc destek verilerek, &#8221;Yeni anayasan\u0131n T\u00fcrkiye&#8217;deki her fert ve grubun haklar\u0131n\u0131 tasdik etmesi, g\u00fc\u00e7ler ayr\u0131l\u0131\u011f\u0131n\u0131 g\u00fcvence alt\u0131na almas\u0131, yarg\u0131 ba\u011f\u0131ms\u0131zl\u0131\u011f\u0131 ve tarafs\u0131zl\u0131\u011f\u0131na teminat getirmesi, ordu \u00fczerinde tam sivil denetimi garanti alt\u0131na almas\u0131 ve T\u00fcrk vatanda\u015fl\u0131\u011f\u0131 kavram\u0131nda kapsay\u0131c\u0131 olmas\u0131&#8221; \u00f6nemle vurguland\u0131.<\/p>\n<p style=\"text-align: justify;\">Kabul edilen rapor tasla\u011f\u0131n\u0131n anayasayla ilgili paragraf\u0131nda, b\u00fct\u00fcn siyasi partiler ve taraflara, &#8221;uzla\u015fmaya dayal\u0131 yeni anayasa m\u00fczakereleri s\u00fcrecini yap\u0131c\u0131 desteklemeleri ve yap\u0131c\u0131 tutum benimsemeleri&#8221; \u00e7a\u011fr\u0131s\u0131 yap\u0131ld\u0131.<\/p>\n<p style=\"text-align: justify;\">Taslak raporda askeri harcamalar\u0131n b\u00fct\u00fcn\u00fcyle yarg\u0131 denetimi alt\u0131na al\u0131nmas\u0131, T\u00fcrk Silahl\u0131 Kuvvetleri ve jandarman\u0131n sivil yarg\u0131ya tabi olmas\u0131 ve jandarman\u0131n ombudsman\u0131n g\u00f6rev alan\u0131na dahil edilmesi gerekti\u011fine vurgu yap\u0131ld\u0131.<\/p>\n<p style=\"text-align: justify;\">AP T\u00fcrkiye tasla\u011f\u0131na eklenen yeni bir paragrafta, iktidar ve muhalefet aras\u0131ndaki kavgas\u0131z ve yap\u0131c\u0131 ili\u015fkinin etkili reform s\u00fcrecinin \u00f6n \u015fart\u0131 oldu\u011fu vurgulanarak, bu kapsamda baz\u0131 TBMM \u00fcyelerini de etkileyen yarg\u0131lamalar ve uzun tutukluluk s\u00fcrelerinden ve CHP Genel Ba\u015fkan\u0131 Kemal K\u0131l\u0131\u00e7daro\u011flu hakk\u0131nda d\u00fczenlenen fezlekeden endi\u015fe duyuldu\u011fu ifade edildi.<\/p>\n<p style=\"text-align: justify;\">Hrant Dink davas\u0131nda \u00e7\u0131kan son mahkeme karar\u0131ndan endi\u015fe duyuldu\u011fu kaydedilen rapor tasla\u011f\u0131nda, t\u00fcm sorumlular\u0131n yarg\u0131 \u00f6n\u00fcne \u00e7\u0131kar\u0131lmas\u0131 istendi.<\/p>\n<p style=\"text-align: justify;\">Rapora eklenen de\u011fi\u015fiklik \u00f6nergesiyle &#8221;Hrant Dink davas\u0131yla T\u00fcrkiye&#8217;de hukukun \u00fcst\u00fcnl\u00fc\u011f\u00fc ve yarg\u0131 ba\u011f\u0131ms\u0131zl\u0131\u011f\u0131n\u0131n test edildi\u011fi&#8221; vurguland\u0131.<\/p>\n<p style=\"text-align: justify;\">H\u00fck\u00fcmete Ter\u00f6rle M\u00fccadele Kanunu ve T\u00fcrk Ceza Kanununu g\u00f6zden ge\u00e7irmesi \u00e7a\u011fr\u0131s\u0131 yap\u0131lan rapor tasla\u011f\u0131nda, Ergenekon ve Balyoz davalar\u0131 paragraf\u0131na yap\u0131lan ekle &#8221;san\u0131klar aleyhine tutars\u0131z deliller kullan\u0131ld\u0131\u011f\u0131 iddialar\u0131ndan endi\u015fe duyuldu\u011fu&#8221; dile getirildi.<\/p>\n<p style=\"text-align: justify;\">Rapor tasla\u011f\u0131nda, AB&#8217;nin vize serbestisi tan\u0131mad\u0131\u011f\u0131 tek aday \u00fclkenin T\u00fcrkiye oldu\u011funa dikkati \u00e7ekilerek, geri kabul anla\u015fmas\u0131n\u0131n imzalanmas\u0131 halinde \u00fcye \u00fclkelere vizelerin kalkmas\u0131 m\u00fczakerelerini y\u00fcr\u00fctmesi i\u00e7in AB Komisyonu&#8217;na yetki vermeleri \u00e7a\u011fr\u0131s\u0131 yap\u0131ld\u0131.<\/p>\n<p style=\"text-align: justify;\">Belgede T\u00fcrkiye&#8217;nin b\u00f6lgesel oyuncu olarak Ortado\u011fu, Bat\u0131 Balkanlar, G\u00fcney Kafkasya, Afganistan ve Pakistan, Orta Asya ve Afrika Boynuzu&#8217;nda \u00f6nemli rol oynad\u0131\u011f\u0131 ve Arap Bahar\u0131&#8217;nda ilham kayna\u011f\u0131 oldu\u011fu ifade edildi.<\/p>\n<p style=\"text-align: justify;\">AP T\u00fcrkiye Raport\u00f6r\u00fc Ria Oomen-Ruijten, AP D\u0131\u015f \u0130li\u015fkiler Komitesi&#8217;ndeki oylaman\u0131n ard\u0131ndan yapt\u0131\u011f\u0131 a\u00e7\u0131klamada, &#8221;T\u00fcrkiye ve AB birbirine ba\u011f\u0131ml\u0131d\u0131r. AB, h\u0131zla b\u00fcy\u00fcyen T\u00fcrkiye ekonomisinden kazan\u00e7 elde etmektedir. Fakat T\u00fcrkiye ve AB d\u0131\u015f politika, enerji, g\u00fcvenlik ve ter\u00f6rle m\u00fccadele alanlar\u0131nda i\u015fbirli\u011fini g\u00fc\u00e7lendirerek birlikte karl\u0131 \u00e7\u0131kabilir. T\u00fcrkiye t\u00fcrb\u00fclansl\u0131 bir b\u00f6lgede m\u00fcspet rol oynayabildi\u011fini ispatlam\u0131\u015ft\u0131r&#8221; dedi. (AA)<\/p>\n<p style=\"text-align: justify;\"><a href=\"http:\/\/www.gazeteport.com\/haber\/82179\/kilicdaroglu_fezlekesi_ap_raporunda\" target=\"_blank\">Kaynak : GAZETEPORT<\/a><\/p>\n","protected":false},"excerpt":{"rendered":"<p style=\"text-align: center;\">\n<p style=\"text-align: justify;\">Avrupa Parlamentosu (AP) D\u0131\u015f \u0130li\u015fkiler Komitesi&#8217;nde T\u00fcrkiye rapor tasla\u011f\u0131 7&#8217;ye kar\u015f\u0131 54 oyla kabul edilirken kabul edilen de\u011fi\u015fiklik \u00f6nergeleriyle sivil anayasa \u00e7a\u011fr\u0131s\u0131 g\u00fc\u00e7lendirildi. T\u00fcrkiye&#8217;deki b\u00fct\u00fcn siyasi partiler ve taraflara, &#8221;uzla\u015fmaya dayal\u0131 yeni anayasa m\u00fczakereleri s\u00fcrecini yap\u0131c\u0131 desteklemeleri ve yap\u0131c\u0131 tutum benimsemeleri&#8221; \u00e7a\u011fr\u0131s\u0131 yap\u0131ld\u0131. K\u0131l\u0131\u00e7daro\u011flu i\u00e7in d\u00fczenlenen fezleke de rapora girdi. <\/p>\n","protected":false},"author":1,"featured_media":0,"comment_status":"open","ping_status":"open","sticky":false,"template":"","format":"standard","meta":{"footnotes":""},"categories":[105],"tags":[],"class_list":["post-49094","post","type-post","status-publish","format-standard","hentry","category-gundem","odd"],"_links":{"self":[{"href":"http:\/\/www.korhanyilmaz.com\/index.php?rest_route=\/wp\/v2\/posts\/49094","targetHints":{"allow":["GET"]}}],"collection":[{"href":"http:\/\/www.korhanyilmaz.com\/index.php?rest_route=\/wp\/v2\/posts"}],"about":[{"href":"http:\/\/www.korhanyilmaz.com\/index.php?rest_route=\/wp\/v2\/types\/post"}],"author":[{"embeddable":true,"href":"http:\/\/www.korhanyilmaz.com\/index.php?rest_route=\/wp\/v2\/users\/1"}],"replies":[{"embeddable":true,"href":"http:\/\/www.korhanyilmaz.com\/index.php?rest_route=%2Fwp%2Fv2%2Fcomments&post=49094"}],"version-history":[{"count":0,"href":"http:\/\/www.korhanyilmaz.com\/index.php?rest_route=\/wp\/v2\/posts\/49094\/revisions"}],"wp:attachment":[{"href":"http:\/\/www.korhanyilmaz.com\/index.php?rest_route=%2Fwp%2Fv2%2Fmedia&parent=49094"}],"wp:term":[{"taxonomy":"category","embeddable":true,"href":"http:\/\/www.korhanyilmaz.com\/index.php?rest_route=%2Fwp%2Fv2%2Fcategories&post=49094"},{"taxonomy":"post_tag","embeddable":true,"href":"http:\/\/www.korhanyilmaz.com\/index.php?rest_route=%2Fwp%2Fv2%2Ftags&post=49094"}],"curies":[{"name":"wp","href":"https:\/\/api.w.org\/{rel}","templated":true}]}}