{"id":49089,"date":"2012-03-01T09:09:12","date_gmt":"2012-03-01T07:09:12","guid":{"rendered":"http:\/\/www.korhanyilmaz.com\/?p=49089"},"modified":"2012-03-01T18:00:51","modified_gmt":"2012-03-01T16:00:51","slug":"istanbulda-patlama","status":"publish","type":"post","link":"http:\/\/www.korhanyilmaz.com\/?p=49089","title":{"rendered":"\u0130stanbul&#8217;da patlama"},"content":{"rendered":"<p style=\"text-align: center;\"><a href=\"http:\/\/www.korhanyilmaz.com\/wp-content\/uploads\/2012\/03\/9039.jpg\"  class=\"lightview\"><img loading=\"lazy\" decoding=\"async\" class=\"aligncenter  wp-image-49090\" src=\"http:\/\/www.korhanyilmaz.com\/wp-content\/uploads\/2012\/03\/9039.jpg\" alt=\"\" width=\"396\" height=\"180\" \/><\/a><\/p>\n<p style=\"text-align: justify;\">\u0130stanbul\u2019da AK Parti \u0130l Ba\u015fkanl\u0131\u011f\u0131 ve M\u00dcS\u0130AD binalar\u0131n\u0131n \u00f6n\u00fcnde \u00c7evik Kuvvet otob\u00fcs\u00fcne d\u00fczenlenen bombal\u0131 sald\u0131r\u0131da 15 polis yaraland\u0131. Motosiklet \u00fczerine konulan bomban\u0131n\u0131n, in\u015faat\u0131n yolunu kapatt\u0131\u011f\u0131 gerek\u00e7esiyle i\u015f\u00e7iler taraf\u0131ndan bir arac\u0131n yan\u0131na ta\u015f\u0131nd\u0131\u011f\u0131 \u00f6\u011frenildi.<\/p>\n<p style=\"text-align: justify;\">\u0130STANBUL &#8211; S\u00fctl\u00fcce&#8217;de saat 09.00 s\u0131ralar\u0131nda M\u00dcS\u0130AD binas\u0131 \u00f6n\u00fcnde bir \u00e7evik kuvvet midib\u00fcs\u00fcn\u00fcn ge\u00e7i\u015fi s\u0131ras\u0131nda patlama oldu. Patlama nedeniyle 15&#8217;i polis 16 ki\u015fi yaraland\u0131. \u0130stanbul Emniyet M\u00fcd\u00fcr\u00fc H\u00fcseyin \u00c7apk\u0131n, motosiklet \u00fczerine konulan bomban\u0131n uzaktan kumandayla patlat\u0131ld\u0131\u011f\u0131n\u0131 s\u00f6yledi. \u0130\u00e7i\u015fleri Bakan\u0131 \u0130dris Naim \u015eahin ise a\u011f\u0131r yaral\u0131 olmad\u0131\u011f\u0131n\u0131 ara\u015ft\u0131rman\u0131n s\u00fcrd\u00fc\u011f\u00fcn\u00fc belirtti.\u00a0<!--more--><\/p>\n<p style=\"text-align: justify;\">S\u00fctl\u00fcce&#8217;deki Ak Parti \u0130l Binas\u0131&#8217;n\u0131n yak\u0131n\u0131nda \u00e7evik kuvvet midib\u00fcs\u00fcn\u00fcn ge\u00e7i\u015fi s\u0131ras\u0131nda patlama meydana geldi. Patlamaya bir motosiklete b\u0131rak\u0131lan bomban\u0131n neden oldu\u011fu belirtiliyor. Patlamada motosikletin yan\u0131na b\u0131rak\u0131ld\u0131\u011f\u0131 ara\u00e7 ile polis midib\u00fcs\u00fcnde hasar meydana geldi. Patlamada ilk belirlemelere g\u00f6re aralar\u0131nda polislerin de oldu\u011fu 16 ki\u015fi hafif yaraland\u0131. Patlamada motosikletin b\u0131rak\u0131ld\u0131\u011f\u0131 yolun kenar\u0131ndaki in\u015faatta \u00e7al\u0131\u015fan i\u015f\u00e7ilerinde yaraland\u0131\u011f\u0131 ifade ediliyor. Yaral\u0131lar ambulansla \u00e7evre hastanelere kald\u0131r\u0131ld\u0131.<\/p>\n<p style=\"text-align: justify;\"><strong>&#8220;O MOTOS\u0130KLET\u0130N YER\u0130N\u0130 DE\u011e\u0130\u015eT\u0130RD\u0130K&#8221;<\/strong><\/p>\n<p style=\"text-align: justify;\">S\u00fctl\u00fcce&#8217;de patlaman\u0131n oldu\u011fu noktada bulunan otel in\u015faat\u0131nda \u00e7al\u0131\u015fan 41 ya\u015f\u0131ndaki Mehmet Demir yaral\u0131 olarak Okmeydan\u0131 E\u011fitim ve Ara\u015ft\u0131rma Hastanesi acil servisine getirildi.<\/p>\n<p style=\"text-align: justify;\">Eni\u015ftesi Mehmet Demir&#8217;le birlikte o deh\u015fet anlar\u0131n\u0131 ya\u015fayan ve &#8216;Beni patlamadan kap\u0131n\u0131n arkas\u0131nda olmam kurtard\u0131&#8217; diyen Kadir \u00c7ankaya da hastaneye geldi. \u015eiddetli patlaman\u0131n etkisiyle duymakta zorluk \u00e7eken \u00c7ankaya, &#8220;Yol kenar\u0131nda sabah i\u015fimizi engelleyen park halinde bir motosiklet g\u00f6rd\u00fck. Motosikleti kap\u0131y\u0131 kapatmas\u0131n diye arka tarafa \u00e7ektik&#8221; dedi. \u00c7ankaya, motosikletin arkas\u0131nda gazeteye sar\u0131lm\u0131\u015f halde bir paket oldu\u011funu da belirtti. \u00c7ankaya, s\u0131radan ve ucuz g\u00f6r\u00fcn\u00fcml\u00fc motorsikletin \u00f6n\u00fcnde de bayraklar oldu\u011funu s\u00f6yledi. \u00c7ankaya, bayraklar\u0131n alt\u0131nda da &#8216;Rusya&#8217; yazd\u0131\u011f\u0131n\u0131 hat\u0131rlad\u0131\u011f\u0131n\u0131 ifade etti. Motosikletin b\u00fcy\u00fck bir g\u00fcr\u00fclt\u00fcyle iki metre \u00f6telerinde patlad\u0131\u011f\u0131n\u0131 anlatan gen\u00e7 i\u015f\u00e7i, eni\u015ftesinin yaraland\u0131\u011f\u0131n\u0131 kendisinin kap\u0131 arkas\u0131nda olmas\u0131 nedeniyle patlamadan mucize eseri yara almadan kurtuldu\u011funu s\u00f6yledi. Bu arada Okmeydan\u0131 E\u011fitim ve Ara\u015ft\u0131rma Hastanesi&#8217;ne in\u015faat i\u015f\u00e7isi Mehmet Demir&#8217;le birlikte yaral\u0131 3 polisin getirildi\u011fi, polislerinin durumunun iyi oldu\u011fu \u00f6\u011frenildi.<\/p>\n<p style=\"text-align: justify;\"><strong>VAL\u0130 MUTLU: PLAST\u0130K PATLAYICI KULLANILMI\u015e<\/strong><\/p>\n<p style=\"text-align: justify;\">\u0130stanbul Valisi H\u00fcseyin Avni Mutlu, S\u00fctl\u00fcce&#8217;deki patlamayla ilgili a\u00e7\u0131klama yapt\u0131. Mutlu, &#8220;Plastik patlay\u0131c\u0131 kullan\u0131lm\u0131\u015f. Motosikletteki patlay\u0131c\u0131 uzaktan kumanda ile patlat\u0131lm\u0131\u015f&#8221; dedi. Mutlu, yaral\u0131lar\u0131n durumunun hafif oldu\u011funu belirtti.<\/p>\n<p style=\"text-align: justify;\">\u0130stanbul Emniyet M\u00fcd\u00fcr\u00fc H\u00fcseyin \u00c7apk\u0131n, S\u00fctl\u00fcce&#8217;deki bombal\u0131 sald\u0131r\u0131da yaralanan polislerden Okmeydan\u0131 E\u011fitim ve Ara\u015ft\u0131rma Hastanesi&#8217;nde tedavi g\u00f6renleri ziyaret etti. \u00c7apk\u0131n ziyaret sonras\u0131 yapt\u0131\u011f\u0131 a\u00e7\u0131klamada, &#8220;Yaral\u0131 say\u0131s\u0131 16. Hepsinin durumu iyi&#8221; diye konu\u015ftu.<\/p>\n<p style=\"text-align: justify;\">Gazetecilerin sorular\u0131n\u0131 yan\u0131tlayan Vali Mutlu, bomban\u0131n plastik patlay\u0131c\u0131 oldu\u011funu ve uzaktan kumanda ile patlat\u0131ld\u0131\u011f\u0131n\u0131 ifade ederek,&#8221;Yol kenar\u0131na b\u0131rak\u0131lm\u0131\u015f bir motosiklette d\u00fczene\u011fi kurulmu\u015f bomban\u0131n uzaktan patlat\u0131lmas\u0131 sonucu bir sald\u0131r\u0131 vuku buldu. Bu sald\u0131r\u0131da 10 polis memurumuz hafif \u015fekilde yaraland\u0131. Bunlardan 3 tanesi hastaneye sevk edilirken, di\u011ferleri ayakta tedavileri yap\u0131l\u0131yor. Yapanlarla ilgili \u015fuanda elimizde net bilgi yok bunu ara\u015ft\u0131raca\u011f\u0131z. Uzaktan kumandal\u0131 bir patlay\u0131c\u0131n\u0131n motosiklete yerle\u015ftirilmesi suretiyle \u00f6zellikle ekip otosunun oradan ge\u00e7i\u015fine y\u00f6nelik bir hedefin g\u00f6zetildi\u011fi anla\u015f\u0131l\u0131yor. Hamd olsun hafif yaralarla atlat\u0131lm\u0131\u015ft\u0131r. A\u011f\u0131r bir vaka yok&#8221; dedi.<\/p>\n<p style=\"text-align: justify;\">Uzun s\u00fcredir b\u00f6yle bir sald\u0131r\u0131 olmad\u0131\u011f\u0131n\u0131n hat\u0131rlat\u0131lmas\u0131 \u00fczerine Mutlu, \u0130stanbul&#8217;un g\u00fcvenli bir \u015fehir oldu\u011funu, bu t\u00fcr sald\u0131r\u0131lar\u0131n \u0130stanbul&#8217;un g\u00fcvenli\u011fini bozmayaca\u011f\u0131n\u0131 vurgulad\u0131. Mutlu, bunun faillerini de yakalayacaklar\u0131n\u0131 ifade etti. &#8220;PKK&#8217;ya dair bir iz var m\u0131?&#8221; \u015feklindeki soruya ise Mutlu, &#8220;\u015euanda net bir \u015fey s\u00f6ylemem m\u00fcmk\u00fcn de\u011fil. Tespit etmeye \u00e7al\u0131\u015faca\u011f\u0131z. Patlay\u0131c\u0131 plastik patlay\u0131c\u0131. Yaral\u0131lar hafif. Bu ekip her zaman g\u00f6revi ba\u015f\u0131nda olan ekipler&#8221; diye konu\u015ftu.<\/p>\n<p style=\"text-align: justify;\"><strong>\u0130\u00c7\u0130\u015eLER\u0130 BAKANI: A\u011eIR YARALI YOK<\/strong><\/p>\n<p style=\"text-align: justify;\">\u0130\u00e7i\u015fleri Bakan\u0131 \u0130dris Naim \u015eahin de, Beyo\u011flu&#8217;nda meydana gelen patlaman\u0131n uzaktan kumandal\u0131 d\u00fczenekle ger\u00e7ekle\u015ftirildi\u011fini, 10 polis memurunun yaraland\u0131\u011f\u0131n\u0131 belirterek, \u201cA\u011f\u0131r yaral\u0131 yok i\u00e7lerinde\u201d dedi.<\/p>\n<p style=\"text-align: justify;\">\u015eahin, depremzedelerle bir araya gelmek \u00fczere gitti\u011fi Van&#8217;da, havaliman\u0131nda \u0130stanbul&#8217;daki patlamaya ili\u015fkin sorular\u0131 yan\u0131tlad\u0131. Patlaman\u0131n uzaktan kumandal\u0131 d\u00fczenekle ger\u00e7ekle\u015fti\u011fini ifade eden \u015eahin, \u201c10 polis memurumuz yaral\u0131. A\u011f\u0131r yaral\u0131 olan yok i\u00e7lerinde. Olay\u0131n soru\u015fturmas\u0131 devam ediyor\u201d dedi.<\/p>\n<p style=\"text-align: justify;\">Bir bas\u0131n mensubunun \u201cBomban\u0131n t\u00fcr\u00fc belli mi?\u201d sorusuna da \u015eahin, \u201cAra\u015ft\u0131rma devam ediyor\u201d yan\u0131t\u0131n\u0131 verdi.<\/p>\n<p style=\"text-align: justify;\"><strong>M\u00dcS\u0130AD BA\u015eKANINDAN A\u00c7IKLAMA<\/strong><\/p>\n<p style=\"text-align: justify;\">\u00c7\u0131ra\u011fan Saray\u0131&#8217;nda ger\u00e7ekle\u015fen T\u00fcrk-T\u00fcrkmen \u0130\u015f Forumu&#8217;na kat\u0131lan M\u00fcstakil \u0130\u015fadamlar\u0131 Derne\u011fi (M\u00dcS\u0130AD) Genel Ba\u015fkan\u0131 \u00d6mer Cihad Varddan, S\u00fctl\u00fcce&#8217;deki AK Parti ve M\u00dcS\u0130AD binalar\u0131n\u0131n yak\u0131n\u0131nda ya\u015fanan patlamaya ili\u015fkin sorular\u0131 yan\u0131tlad\u0131.<\/p>\n<p style=\"text-align: justify;\">Vardan, \u015funlar\u0131 s\u00f6yledi:<\/p>\n<p style=\"text-align: justify;\">&#8220;Yakla\u015f\u0131k bizim 100 metre gerimizde olan bir hadise maalesef. Biz y\u00f6netim kurulu toplant\u0131s\u0131n\u0131 yap\u0131yorduk. A\u015fa\u011f\u0131 yukar\u0131 06.30&#8217;dan beri M\u00dcS\u0130AD&#8217;tayd\u0131k. 08.55 civar\u0131ndayd\u0131 tahmin ediyorum iki tane ciddi patlamayla irkildik, b\u00fcy\u00fck bir sars\u0131nt\u0131 oldu. Deprem oldu\u011funu d\u00fc\u015f\u00fcnenler de oldu aram\u0131zda ama belliydi patlama oldu\u011fu. D\u0131\u015far\u0131 \u00e7\u0131k\u0131p, bakt\u0131\u011f\u0131m\u0131zda maalesef \u00e7evik kuvvet arac\u0131na y\u00f6nelik bir patlama oldu\u011funu g\u00f6rd\u00fck. Duydu\u011fumuza, \u00f6\u011frendi\u011fimize g\u00f6re bir motosiklet \u00fczerine yerle\u015ftirilmi\u015f olan bombalar\u0131n uzaktan kumandayla patlat\u0131lm\u0131\u015f olmas\u0131 neticesinde olu\u015fmu\u015f bir hadise gibi g\u00f6z\u00fck\u00fcyor. Maddi hasarlar var ama can kayb\u0131 olmamas\u0131 bizim en b\u00fcy\u00fck tesellimiz, sevincimiz. Maalesef yaralanmalar oldu tabii g\u00fcvenlik kuvvetlerinde ve biz onlara elimizden geldi\u011fi kadar M\u00dcS\u0130AD b\u00fcnyesinde ilk m\u00fcdahaleyi yapmaya \u00e7al\u0131\u015ft\u0131k.&#8221;<\/p>\n<p style=\"text-align: justify;\"><strong>TEHD\u0130T B\u0130ZE KAR\u015eI DE\u011e\u0130L<\/strong><\/p>\n<p style=\"text-align: justify;\">Daha \u00f6nce kendilerine yap\u0131lm\u0131\u015f herhangi bir tehdidin olup olmad\u0131\u011f\u0131 sorusu \u00fczerine a Vardan, &#8220;Yok, bizimle alakal\u0131 bir \u015fey yok zaten. Sadece mevki olarak bizim orada olu\u015fmu\u015f olmas\u0131ndan dolay\u0131. Her yerde olabilir. Dile\u011fimiz b\u00f6yle hadiseleri hi\u00e7 ya\u015famayal\u0131m&#8221; dedi. Koruma talebinde bulunup bulunmayacaklar\u0131n\u0131n\u0131n sorulmas\u0131 \u00fczerine ise Vardan, \u015f\u00f6yle konu\u015ftu:<\/p>\n<p style=\"text-align: justify;\">&#8220;Kime kar\u015f\u0131? Tehdit bize kar\u015f\u0131 de\u011fil zaten, yani asl\u0131nda hi\u00e7 olmamas\u0131 gerekir. Hi\u00e7 korunmaya gerek olmadan bizim \u00fclkemizde huzur ve refah i\u00e7inde ya\u015f\u0131yor olmam\u0131z laz\u0131m. \u0130nsanlar\u0131n oturup, cddi olarak d\u00fc\u015f\u00fcnmesi laz\u0131m. Sorunlar\u0131 varsa, oturulup ciddi olarak konu\u015fularak bunun \u00e7\u00f6z\u00fclmeye \u00e7al\u0131\u015f\u0131labilir. Bunlar\u0131n \u00e7\u00f6z\u00fcm yeri hi\u00e7 bir zaman ter\u00f6rist sald\u0131r\u0131lar de\u011fildir. Tabiki insanlar\u0131n farkl\u0131 alg\u0131lamalar\u0131, talepleri olabilir. \u0130nsan olman\u0131n gere\u011fidir bu. Ama hi\u00e7bir zaman bu taleplerin yerine getirilme \u015fekli, y\u00f6ntemi, usul\u00fc ter\u00f6r de\u011fildir, olmamal\u0131d\u0131r da. Bunlarla da \u015fimdiye kadar hi\u00e7 bir \u015fey elde edilemedi, bundan sonra da elde edilemez.&#8221;<\/p>\n<p style=\"text-align: justify;\"><strong>B\u0130R K\u0130\u015e\u0130 G\u00d6ZALTINA ALINDI<\/strong><\/p>\n<p style=\"text-align: justify;\">Patlamayla ilgili Kocaeli \u00c7ay\u0131rova&#8217;da bir ki\u015fi g\u00f6zalt\u0131na al\u0131nd\u0131.<\/p>\n<p style=\"text-align: justify;\"><a href=\"http:\/\/www.gazeteport.com.tr\/haber\/82065\/istanbulda_patlama\" target=\"_blank\">Kaynak : GAZETEPORT<\/a><\/p>\n","protected":false},"excerpt":{"rendered":"<p style=\"text-align: center;\">\n<p style=\"text-align: justify;\">\u0130stanbul\u2019da AK Parti \u0130l Ba\u015fkanl\u0131\u011f\u0131 ve M\u00dcS\u0130AD binalar\u0131n\u0131n \u00f6n\u00fcnde \u00c7evik Kuvvet otob\u00fcs\u00fcne d\u00fczenlenen bombal\u0131 sald\u0131r\u0131da 15 polis yaraland\u0131. Motosiklet \u00fczerine konulan bomban\u0131n\u0131n, in\u015faat\u0131n yolunu kapatt\u0131\u011f\u0131 gerek\u00e7esiyle i\u015f\u00e7iler taraf\u0131ndan bir arac\u0131n yan\u0131na ta\u015f\u0131nd\u0131\u011f\u0131 \u00f6\u011frenildi.<\/p>\n<p style=\"text-align: justify;\">\u0130STANBUL &#8211; S\u00fctl\u00fcce&#8217;de saat 09.00 s\u0131ralar\u0131nda M\u00dcS\u0130AD binas\u0131 \u00f6n\u00fcnde bir \u00e7evik kuvvet midib\u00fcs\u00fcn\u00fcn ge\u00e7i\u015fi s\u0131ras\u0131nda <\/p>\n","protected":false},"author":1,"featured_media":0,"comment_status":"open","ping_status":"open","sticky":false,"template":"","format":"standard","meta":{"footnotes":""},"categories":[105],"tags":[],"class_list":["post-49089","post","type-post","status-publish","format-standard","hentry","category-gundem","odd"],"_links":{"self":[{"href":"http:\/\/www.korhanyilmaz.com\/index.php?rest_route=\/wp\/v2\/posts\/49089","targetHints":{"allow":["GET"]}}],"collection":[{"href":"http:\/\/www.korhanyilmaz.com\/index.php?rest_route=\/wp\/v2\/posts"}],"about":[{"href":"http:\/\/www.korhanyilmaz.com\/index.php?rest_route=\/wp\/v2\/types\/post"}],"author":[{"embeddable":true,"href":"http:\/\/www.korhanyilmaz.com\/index.php?rest_route=\/wp\/v2\/users\/1"}],"replies":[{"embeddable":true,"href":"http:\/\/www.korhanyilmaz.com\/index.php?rest_route=%2Fwp%2Fv2%2Fcomments&post=49089"}],"version-history":[{"count":0,"href":"http:\/\/www.korhanyilmaz.com\/index.php?rest_route=\/wp\/v2\/posts\/49089\/revisions"}],"wp:attachment":[{"href":"http:\/\/www.korhanyilmaz.com\/index.php?rest_route=%2Fwp%2Fv2%2Fmedia&parent=49089"}],"wp:term":[{"taxonomy":"category","embeddable":true,"href":"http:\/\/www.korhanyilmaz.com\/index.php?rest_route=%2Fwp%2Fv2%2Fcategories&post=49089"},{"taxonomy":"post_tag","embeddable":true,"href":"http:\/\/www.korhanyilmaz.com\/index.php?rest_route=%2Fwp%2Fv2%2Ftags&post=49089"}],"curies":[{"name":"wp","href":"https:\/\/api.w.org\/{rel}","templated":true}]}}