{"id":49085,"date":"2012-03-01T11:55:01","date_gmt":"2012-03-01T09:55:01","guid":{"rendered":"http:\/\/www.korhanyilmaz.com\/?p=49085"},"modified":"2012-03-01T16:38:10","modified_gmt":"2012-03-01T14:38:10","slug":"zeki-muren-yasasaydi-kesin-silivrideydi","status":"publish","type":"post","link":"http:\/\/www.korhanyilmaz.com\/?p=49085","title":{"rendered":"&#8220;Zeki M\u00fcren ya\u015fasayd\u0131 kesin Silivri&#8217;deydi&#8221;"},"content":{"rendered":"<p style=\"text-align: center;\"><a href=\"http:\/\/www.korhanyilmaz.com\/wp-content\/uploads\/2012\/03\/9038.jpg\"  class=\"lightview\"><img loading=\"lazy\" decoding=\"async\" class=\"aligncenter  wp-image-49086\" src=\"http:\/\/www.korhanyilmaz.com\/wp-content\/uploads\/2012\/03\/9038.jpg\" alt=\"\" width=\"323\" height=\"239\" \/><\/a><\/p>\n<p style=\"text-align: justify;\">&#8220;15 tane AKP&#8217;li milletvekili bana dava a\u00e7t\u0131 &#8216;Bize aptal dedi&#8217; diye. Ama davay\u0131 ben kazand\u0131m. Ayn\u0131 davay\u0131 Ba\u015fbakan bana a\u00e7t\u0131. Bu kez de o kazand\u0131. \u00d6yle, hukukta \u00e7ifte standart falan yok. Direkt bir standart var. O da oraya \u00e7al\u0131\u015f\u0131yor.&#8221;<\/p>\n<p style=\"text-align: justify;\">BURSA -Tiyatro sanat\u00e7\u0131s\u0131 M\u00fcjdat Gezen, Bursa&#8217;da kat\u0131ld\u0131\u011f\u0131 panelde, g\u00fcc\u00fcn\u00fc ba\u011f\u0131ms\u0131z olmas\u0131ndan ald\u0131\u011f\u0131 i\u00e7in kimsenin kendisine dokunamad\u0131\u011f\u0131n\u0131 s\u00f6yledi. Gezen, &#8216;Mizah muhalefetten \u00e7\u0131kar&#8217; dedi.\u00a0<!--more--><\/p>\n<p style=\"text-align: justify;\">Uluda\u011f \u00dcniversitesi Atat\u00fcrk\u00e7\u00fc D\u00fc\u015f\u00fcnce Toplulu\u011fu&#8217;nun davetiyle Prof. Dr. Mete Cengiz K\u00fclt\u00fcr Merkezi&#8217;nde &#8216;Siyaset ve Mizah&#8217; konulu panele kat\u0131lan M\u00fcjdat Gezen, salonu t\u0131kl\u0131m t\u0131kl\u0131m dolduran \u00f6\u011frencilerin sorular\u0131n\u0131 cevaplad\u0131. Daha \u00e7ok iktidara y\u00f6nelik ele\u015ftirilerle g\u00fcndeme gelen M\u00fcjdat Gezen, bu konuda ya\u015fad\u0131klar\u0131n\u0131 gen\u00e7lerle payla\u015ft\u0131.<\/p>\n<p style=\"text-align: justify;\">Konu\u015fmas\u0131nda Aziz Nesin&#8217;den al\u0131nt\u0131 yapt\u0131\u011f\u0131 i\u00e7in hakk\u0131nda dava a\u00e7\u0131ld\u0131\u011f\u0131n\u0131 s\u00f6yleyen M\u00fcjdat Gezen, &#8217;15 tane AKP&#8217;li milletvekili bana dava a\u00e7t\u0131 &#8216;Bize aptal dedi&#8217; diye. Ama davay\u0131 ben kazand\u0131m. Ayn\u0131 davay\u0131 Ba\u015fbakan bana a\u00e7t\u0131. Bu kez de o kazand\u0131. \u00d6yle, hukukta \u00e7ifte standart falan yok. Direkt bir standart var. O da oraya \u00e7al\u0131\u015f\u0131yor&#8217; diye konu\u015ftu.<\/p>\n<p style=\"text-align: justify;\"><strong>PA\u015eA ZEK\u0130 M\u00dcREN DE S\u0130L\u0130VR\u0130&#8217;DE OLACAKTI<\/strong><\/p>\n<p style=\"text-align: justify;\">Daha sonra barkovizyondan bir televizyon kanal\u0131nda yay\u0131nlanan haber program\u0131 g\u00f6r\u00fcnt\u00fclerini g\u00f6steren ve insan manzaralar\u0131n\u0131 yorumlayan M\u00fcjdat Gezen bir an\u0131s\u0131n\u0131 da \u015fu s\u00f6zlerle anlatt\u0131: &#8220;Tiyatroda Ate\u015fb\u00f6ce\u011fi Ercan ile birlikte bir g\u00fcn oturuyoruz. Ercan, &#8216;A\u011flanacak halimize g\u00fcl\u00fcyoruz&#8217; dedi. Ben de bu kadar karamsar olmamas\u0131n\u0131, biraz beni g\u00fcld\u00fcrmesini istedim. Dedi ki, &#8216;Zeki M\u00fcren&#8217;in verilmi\u015f sadakas\u0131 varm\u0131\u015f. Erken \u00f6ld\u00fc gitti, iyi oldu.&#8217; Ben de nedenini sordum. Ercan ise &#8216;Hat\u0131rla! Kendisine sa\u011fl\u0131\u011f\u0131nda hep &#8216;Pa\u015fam&#8217; derdik. Ya\u015fasayd\u0131 o da Silivri&#8217;deydi&#8217; dedi.&#8221;<\/p>\n<p style=\"text-align: justify;\"><strong>ERGENEKON&#8217;DA BELK\u0130 KAT\u0130LLER DE VAR<\/strong><\/p>\n<p style=\"text-align: justify;\">Bir \u00f6\u011frencinin, &#8216;Silivri&#8217;de yurtseverler var&#8217; diyorsunuz. Ama orada derin devletin cinayet i\u015flettirdi\u011fi ve bu cinayetlerin direktiflerini veren insanlar var. Ayhan \u00c7ark\u0131n da yurtsever mi? sorusuna M\u00fcjdat Gezen \u015f\u00f6yle yan\u0131t verdi: &#8220;Ben \u00f6yle bir \u015fey demedim ama vard\u0131r herhalde. Vatan hainleri mi var? Sen mahkemeyi sonu\u00e7land\u0131rd\u0131n m\u0131? Yarg\u0131\u00e7 olarak karar verdiysen bir \u015fey diyemem. Belki katiller bile var. Belki bu Ergenekon&#8217;da adam \u00f6ld\u00fcrenler de var. Ama belki var. Karara ba\u011flanmad\u0131. Ben tarafs\u0131z\u0131m. Bu i\u015fleri niye yapm\u0131\u015flar? Halk d\u00fc\u015fmanlar\u0131 m\u0131, bilmiyorum. Sen biliyor musun? Benden hangi cevab\u0131 bekliyorsun &#8216;Evet&#8217; veya &#8216;hay\u0131r&#8217; dememi mi bekliyorsun? Bu senin mant\u0131\u011f\u0131n. Hayat\u0131n\u0131z boyunca evet hay\u0131rlardan, siyah ve beyazlardan ka\u00e7\u0131n\u0131n, \u00e7\u00fcnk\u00fc \u00e7ok tehlikelidir. Bu \u00fcslubu \u00e7ok iyi bilirim. Baz\u0131 sorular vard\u0131r ki &#8216;evet&#8217; ya da &#8216;hay\u0131r&#8217; diyemezsin. D\u00fcnyaya daha geni\u015f bir perspektiften bak\u0131n. Sana bir soru sorar\u0131m cevap veremezsin. Hem evet, hem de hay\u0131r cevab\u0131 \u00e7\u0131kar. Ben Ayhan \u00c7ark\u0131n&#8217;\u0131 tan\u0131m\u0131yorum ki. Onunla ilgili verece\u011fim cevab\u0131n ne k\u0131ymeti olabilir&#8221;<\/p>\n<p style=\"text-align: justify;\"><strong>M\u0130ZAH, MUHALEFETTEN \u00c7IKAR<\/strong><\/p>\n<p style=\"text-align: justify;\">M\u00fcjdat Gezen, bir \u00f6\u011frencinin, &#8220;H\u00fck\u00fcmeti ele\u015ftiriyorsunuz. Olumlu bir y\u00f6n\u00fcn\u00fc vurgulam\u0131yorsunuz. &#8216;Yanda\u015f gazeteciler&#8217; derken siz de yanda\u015f olmuyor musunuz?&#8221; sorusuna ise \u015fu kar\u015f\u0131l\u0131\u011f\u0131 verdi: &#8220;O benim i\u015fim de\u011fil. Onu zaten yanda\u015f gazeteciler yeteri kadar yap\u0131yorlar. Ben mizah\u00e7\u0131y\u0131m. Osmanl\u0131 d\u00f6neminde de methiyeciler ve yergiciler vard\u0131. Methiyeciler senin dedi\u011fini yapar. &#8216;Ba\u015fbakan\u0131m, ne g\u00fczel \u00e7ocu\u011funun gemicikleri var&#8217; der paray\u0131 al\u0131r giderdi. Yergiciler de Yedikule zindanlar\u0131nda \u00e7\u00fcr\u00fcr giderdi. Mizah, muhalefetten \u00e7\u0131kar. Ben h\u00fck\u00fcmeti methetsem memnun olmazs\u0131n\u0131z. Mizah, tam bir kar\u015f\u0131 \u00e7\u0131k\u0131\u015ft\u0131r. Mizah\u0131n i\u015flevi budur. CHP iktidar olursa ben yine ayn\u0131 \u015feyi yapaca\u011f\u0131m. Benim en b\u00fcy\u00fck \u00f6zelli\u011fim ba\u011f\u0131ms\u0131z olmam. G\u00fcc\u00fcm\u00fc ba\u011f\u0131ms\u0131zl\u0131ktan al\u0131yorum ve istedi\u011fimi rahatl\u0131kla s\u00f6yl\u00fcyorum. O y\u00fczden hi\u00e7 kimsenin \u015feyi yemiyor bana dokunmaya.&#8221;<\/p>\n<p style=\"text-align: justify;\"><strong>E\u011eER D\u0130NDAR DE\u011e\u0130LSEN\u0130Z POTANS\u0130YEL T\u0130NERC\u0130S\u0130N\u0130Z<\/strong><\/p>\n<p style=\"text-align: justify;\">Kendisinin hi\u00e7bir siyasi partiyle yak\u0131nl\u0131k kurmad\u0131\u011f\u0131n\u0131, \u00f6yle bir anlay\u0131\u015fa girmeyece\u011fini kaydeden M\u00fcjdat Gezen, gen\u00e7lerin depolitize edildi\u011fini s\u00f6yledi. Gezen \u015f\u00f6yle konu\u015ftu: &#8220;Zaten Tayyip Erdo\u011fan&#8217;\u0131n demokrasi anlay\u0131\u015f\u0131, &#8216;Benim gibi d\u00fc\u015f\u00fcn\u00fcyorsan\u0131z sizinle ayn\u0131 fikirdeyim&#8217; \u015feklinde. Onu yapma, bunu yapma olmaz. Ba\u015fbakan alternatif koydu, &#8216;Tinerci mi olsunlar&#8217; dedi. E\u011fer dindar de\u011filseniz, potansiyel tinercisiniz. Zaten halinizden de belli oluyor! Belediyecilik ba\u015fka, koca bir \u00fclkeyi idare etmek ba\u015fka. Kas\u0131mpa\u015fa&#8217;dan gel, orada iki laf s\u00f6yle, bilmem ne.&#8221;<\/p>\n<p style=\"text-align: justify;\"><strong>SEN ORADA KALDI\u011eIN S\u00dcRECE BU PARAYI ALMAM<\/strong><\/p>\n<p style=\"text-align: justify;\">K\u00fclt\u00fcr ve Turizm Bakan\u0131 Ertu\u011frul G\u00fcnay ile aras\u0131nda &#8216;D\u00fc\u011f\u00fcn ya da Davul&#8217; adl\u0131 tiyatro oyunu nedeniyle ya\u015fad\u0131klar\u0131 polemi\u011fin hat\u0131rlat\u0131lmas\u0131 \u00fczerine M\u00fcjdat Gezen, \u015funlar\u0131 s\u00f6yledi: &#8220;K\u00fclt\u00fcr ve Turizm Bakan\u0131 beni ar\u0131yor. Konu\u015fmaya ba\u015flad\u0131, &#8216;Siz benim gen\u00e7lik ekol\u00fcms\u00fcn\u00fcz&#8217; falan diye. Ben, &#8216;Say\u0131n Bakan&#8217; diye ba\u015flad\u0131m, &#8216;Bak Ertu\u011frul G\u00fcnay&#8217;, &#8216;Ertu\u011frul&#8217; diye devam ederken, &#8216;Bak evlad\u0131m, sen orada kald\u0131\u011f\u0131n s\u00fcrece ben bu devlet yard\u0131m\u0131n\u0131 almayaca\u011f\u0131m&#8217; dedim. O g\u00fcnden beri de yard\u0131m almam.&#8221; (DHA)<\/p>\n<p style=\"text-align: justify;\"><a href=\"http:\/\/www.gazeteport.com.tr\/haber\/82105\/quotzeki_muren_yasasaydi_kesin_silivrideydiquot\" target=\"_blank\">Kaynak : GAZETEPORT<\/a><\/p>\n","protected":false},"excerpt":{"rendered":"<p style=\"text-align: center;\">\n<p style=\"text-align: justify;\">&#8220;15 tane AKP&#8217;li milletvekili bana dava a\u00e7t\u0131 &#8216;Bize aptal dedi&#8217; diye. Ama davay\u0131 ben kazand\u0131m. Ayn\u0131 davay\u0131 Ba\u015fbakan bana a\u00e7t\u0131. Bu kez de o kazand\u0131. \u00d6yle, hukukta \u00e7ifte standart falan yok. Direkt bir standart var. O da oraya \u00e7al\u0131\u015f\u0131yor.&#8221;<\/p>\n<p style=\"text-align: justify;\">BURSA -Tiyatro sanat\u00e7\u0131s\u0131 M\u00fcjdat Gezen, Bursa&#8217;da kat\u0131ld\u0131\u011f\u0131 panelde, g\u00fcc\u00fcn\u00fc <\/p>\n","protected":false},"author":1,"featured_media":0,"comment_status":"open","ping_status":"open","sticky":false,"template":"","format":"standard","meta":{"footnotes":""},"categories":[105],"tags":[],"class_list":["post-49085","post","type-post","status-publish","format-standard","hentry","category-gundem","odd"],"_links":{"self":[{"href":"http:\/\/www.korhanyilmaz.com\/index.php?rest_route=\/wp\/v2\/posts\/49085","targetHints":{"allow":["GET"]}}],"collection":[{"href":"http:\/\/www.korhanyilmaz.com\/index.php?rest_route=\/wp\/v2\/posts"}],"about":[{"href":"http:\/\/www.korhanyilmaz.com\/index.php?rest_route=\/wp\/v2\/types\/post"}],"author":[{"embeddable":true,"href":"http:\/\/www.korhanyilmaz.com\/index.php?rest_route=\/wp\/v2\/users\/1"}],"replies":[{"embeddable":true,"href":"http:\/\/www.korhanyilmaz.com\/index.php?rest_route=%2Fwp%2Fv2%2Fcomments&post=49085"}],"version-history":[{"count":0,"href":"http:\/\/www.korhanyilmaz.com\/index.php?rest_route=\/wp\/v2\/posts\/49085\/revisions"}],"wp:attachment":[{"href":"http:\/\/www.korhanyilmaz.com\/index.php?rest_route=%2Fwp%2Fv2%2Fmedia&parent=49085"}],"wp:term":[{"taxonomy":"category","embeddable":true,"href":"http:\/\/www.korhanyilmaz.com\/index.php?rest_route=%2Fwp%2Fv2%2Fcategories&post=49085"},{"taxonomy":"post_tag","embeddable":true,"href":"http:\/\/www.korhanyilmaz.com\/index.php?rest_route=%2Fwp%2Fv2%2Ftags&post=49085"}],"curies":[{"name":"wp","href":"https:\/\/api.w.org\/{rel}","templated":true}]}}