{"id":49081,"date":"2012-03-01T15:26:13","date_gmt":"2012-03-01T13:26:13","guid":{"rendered":"http:\/\/www.korhanyilmaz.com\/?p=49081"},"modified":"2012-03-01T16:30:29","modified_gmt":"2012-03-01T14:30:29","slug":"tusiada-vurmanin-dayanilmaz-cazibesi","status":"publish","type":"post","link":"http:\/\/www.korhanyilmaz.com\/?p=49081","title":{"rendered":"T\u00dcS\u0130AD&#8217;a vurman\u0131n dayan\u0131lmaz cazibesi"},"content":{"rendered":"<p style=\"text-align: center;\"><a href=\"http:\/\/www.korhanyilmaz.com\/wp-content\/uploads\/2012\/03\/9037.jpg\"  class=\"lightview\"><img loading=\"lazy\" decoding=\"async\" class=\"aligncenter  wp-image-49082\" src=\"http:\/\/www.korhanyilmaz.com\/wp-content\/uploads\/2012\/03\/9037.jpg\" alt=\"\" width=\"279\" height=\"200\" \/><\/a><\/p>\n<p style=\"text-align: justify;\">T\u00fcrk Sanayici ve \u0130\u015fadamlar\u0131 Derne\u011fi (T\u00dcS\u0130AD) Ba\u015fkan\u0131 \u00dcmit Boyner, T\u00dcS\u0130AD\u2019\u0131n e\u011fitim reformu ile ilgili g\u00f6r\u00fc\u015flerine \u201cT\u00dcS\u0130AD i\u015fine baks\u0131n\u201d diyen Ba\u015fbakan Recep Tayyip Erdo\u011fan\u2019a \u201cTepkisine \u015fa\u015f\u0131rd\u0131m. Herhalde T\u00dcS\u0130AD\u2019a vurman\u0131n dayan\u0131lmaz bir cazibesi var\u201d diye kar\u015f\u0131l\u0131k verdi.\u00a0<!--more--><\/p>\n<p style=\"text-align: justify;\">D\u00fcn ak\u015fam SKYTURK360\u2019ta yay\u0131nlanan \u201cEkonomi Man\u015feti\u201d program\u0131n\u0131n konu\u011fu olan T\u00dcS\u0130AD Ba\u015fkan\u0131 Boyner, kademeli e\u011fitim ve 28 \u015eubat tart\u0131\u015fmalar\u0131na ili\u015fkin \u00f6nemli a\u00e7\u0131klamalarda bulundu. \u00dcmit Boyner, Erdo\u011fan\u2019\u0131n \u201cT\u00dcS\u0130AD \u00f6nce 28 \u015eubat\u2019taki rol\u00fcn\u00fc sorgulas\u0131n\u201d s\u00f6zlerine kar\u015f\u0131l\u0131k, \u201cT\u00dcS\u0130AD\u2019\u0131n 28 \u015eubat s\u00fcrecine destek veriyor olmas\u0131 hi\u00e7bir \u015fekilde s\u00f6z konusu olamaz. Burada bir yaftalama var. Ben bunun bu \u015fekilde kullan\u0131lmas\u0131ndan dolay\u0131 da T\u00dcS\u0130AD Ba\u015fkan\u0131 olarak rencide oldum\u201d diye konu\u015ftu.<\/p>\n<p style=\"text-align: justify;\"><strong>\u201cBA\u015eBAKAN\u2019IN TEPK\u0130S\u0130NE \u015eA\u015eIRDIM\u201d<\/strong><\/p>\n<p style=\"text-align: justify;\">SKYTURK360\u2019ta yay\u0131nlanan a\u00e7\u0131klamas\u0131nda Boyner, T\u00fcrkiye\u2019nin en \u00f6nemli \u00fczerinde durmas\u0131 gereken konunun be\u015feri sermayesi oldu\u011funu vurgulayarak, bunun da e\u011fitimden ge\u00e7ti\u011fini s\u00f6yledi. Boyner, \u015funlar\u0131 kaydetti:<\/p>\n<p style=\"text-align: justify;\">\u201cT\u00dcS\u0130AD\u2019\u0131n bu konuda \u00e7al\u0131\u015fma yapmas\u0131, fikir beyan etmesi \u00e7ok ge\u00e7erli. Hatta geli\u015fmi\u015f \u00fclkelerde bu demokrasinin bir gere\u011fidir. Sivil toplum kurulu\u015flar\u0131 bu t\u00fcr konularda payla\u015f\u0131mc\u0131 ve kat\u0131l\u0131mc\u0131 olmak zorundalar. (Ba\u015fbakan\u2019\u0131n tepkisine y\u00f6nelik olarak) Biz a\u00e7\u0131k\u00e7as\u0131, buna \u015fa\u015f\u0131rd\u0131k. H\u00fck\u00fcmet program\u0131nda olmayan bir kanun teklifi, milletvekilleri taraf\u0131ndan bir sabah kalkt\u0131k, b\u00f6yle bir de\u011fi\u015fiklik meclise sevk ediliyor. O noktada g\u00f6r\u00fc\u015f belirtmek zorunda oldu\u011fumuzu d\u00fc\u015f\u00fcnd\u00fck. Biz burada esasen 3 konu \u00fczerinde durduk: Bunlardan ilki kesintisiz 12 y\u0131l e\u011fitim \u00e7ok \u00f6nemli. Burada bir takvim belirleyelim. \u0130kincisi 4+4+4 dedi\u011finiz zaman, ilk 4\u2019ten sonra a\u00e7\u0131k\u00f6\u011fretime ge\u00e7ersek, T\u00fcrkiye\u2019de zaten okulla\u015fma oranlar\u0131nda s\u0131k\u0131nt\u0131 var. 8 y\u0131ll\u0131k e\u011fitime ge\u00e7memize ra\u011fmen hala okuma oran\u0131nda 6 y\u0131lday\u0131z. K\u0131zlar\u0131n okulla\u015fma oran\u0131nda kayg\u0131m\u0131z oldu. Burada bir sak\u0131nca do\u011fabilir diye kayg\u0131m\u0131z\u0131 dile getirdik. \u00dc\u00e7\u00fcnc\u00fcs\u00fc ise mesleki e\u011fitim ile ilgili, 10 ya\u015f\u0131nda y\u00f6nlendirmenin erken olaca\u011f\u0131 konusunda kayg\u0131m\u0131z var. Bunu da hala s\u00fcrd\u00fcr\u00fcyoruz. A\u00e7\u0131klamam\u0131z\u0131n i\u00e7inde ne din var ne imam hatip var. Onun i\u00e7in a\u00e7\u0131k\u00e7as\u0131 ald\u0131\u011f\u0131m\u0131z tepki hem bizi \u00e7ok \u015fa\u015f\u0131rtt\u0131 hem de e\u011fitimde bu kadar k\u00f6kl\u00fc bir de\u011fi\u015fiklik yap\u0131lacaksa bunun daha payla\u015f\u0131mc\u0131 bir ortamda, daha kat\u0131l\u0131mc\u0131 bir ortamda yap\u0131lmas\u0131n\u0131 beklerdik. Onun i\u00e7in \u015fa\u015f\u0131rt\u0131c\u0131 oldu&#8230; B\u00fct\u00fcn bu e\u011fitim konular\u0131 daha \u00f6nce bakanlarla ayn\u0131 \u015fekilde payla\u015ft\u0131k.\u201d<\/p>\n<p style=\"text-align: justify;\"><strong>\u201cT\u00dcS\u0130AD\u2019A VURMANIN HERHALDE B\u0130R CAZ\u0130BES\u0130 VAR\u201d<\/strong><\/p>\n<p style=\"text-align: justify;\">Boyner, a\u00e7\u0131klamalar\u0131nda \u201cT\u00dcS\u0130AD\u2019a vurman\u0131n herhalde dayan\u0131lmaz bir cazibesi var\u201d dedi. T\u00dcS\u0130AD tarihine bak\u0131ld\u0131\u011f\u0131 zaman 40 y\u0131l i\u00e7erisinde siyaset\u00e7ilerin bunu yapt\u0131\u011f\u0131n\u0131 dile getiren Boyner, \u201cT\u00dcS\u0130AD siyaset\u00e7ilerin tam olarak hangi taraftan oldu\u011funu kestiremedi\u011fi bir kurum. \u00c7\u00fcnk\u00fc T\u00dcS\u0130AD belli bir taraftan de\u011fil. Siyasi anlamda demek istiyorum. Biz ilkesel bazda \u00e7al\u0131\u015f\u0131yoruz. B\u00fct\u00fcn \u00e7al\u0131\u015fmalar\u0131m\u0131z\u0131 akademik ger\u00e7eklikler ve bilim \u00fczerine dayand\u0131rmaya \u00e7al\u0131\u015f\u0131yoruz. Baz\u0131 s\u00f6ylediklerimiz h\u00fck\u00fcmetlerin ho\u015funa gidiyor, baz\u0131lar\u0131 gitmiyor. Gitmedi\u011fi zaman da \u00e7ok ters tepkiyle kar\u015f\u0131la\u015f\u0131yoruz. Muhalefet i\u00e7in de keza. Siyasiler ile STK\u2019lar aras\u0131nda \u00e7ok s\u00fct liman bir ili\u015fki olmas\u0131 kolay de\u011fil. Ben bunu anlay\u0131\u015fla kabul ediyorum\u201d diye konu\u015ftu.<\/p>\n<p style=\"text-align: justify;\"><strong>\u201c28 \u015eUBAT\u2019A DESTEK VERMEM\u0130Z S\u00d6Z KONUSU OLAMAZ\u201d<\/strong><\/p>\n<p style=\"text-align: justify;\">Boyner Ba\u015fbakan Erdo\u011fan&#8217;\u0131n \u2018T\u00dcS\u0130AD\u2019\u0131n 28 \u015eubat\u2019taki rol\u00fc\u2019ne ili\u015fkin a\u00e7\u0131klamalar\u0131na y\u00f6nelik olarak \u015fu yan\u0131t\u0131 verdi:<\/p>\n<p style=\"text-align: justify;\">\u201cBu \u00e7\u0131k\u0131\u015f 28 \u015eubat g\u00fcn\u00fc yap\u0131l\u0131yor ve 28 \u015eubat\u2019a ba\u011flan\u0131yor. \u015e\u00f6yle bir efsane var: T\u00dcS\u0130AD\u2019\u0131n 28 \u015eubat\u2019taki rol\u00fc. Bunu \u00e7ok de\u011ferlendirdik, ar\u015fivlerde geriye gittik, T\u00dcS\u0130AD\u2019\u0131 temsil eden y\u00f6netim kurulu kararlar\u0131na, s\u00f6ylemlerine bakt\u0131m. 28 \u015eubat s\u00fcrecinde asl\u0131nda baz\u0131 STK\u2019lar ve meslek \u00f6rg\u00fctleri taraf\u0131ndan 28 \u015eubat s\u00fcrecini destekleyen giri\u015fimler olmu\u015f. Bunlar ar\u015fivlerde var. T\u00dcS\u0130AD\u2019\u0131n buralarda hi\u00e7bir \u015fekilde bir kat\u0131l\u0131m\u0131, katk\u0131s\u0131 olmad\u0131\u011f\u0131 gibi, hi\u00e7bir Genelkurmay Ba\u015fkan\u0131 ile T\u00dcS\u0130AD Y\u00f6netim Kurulu\u2019nun g\u00f6r\u00fc\u015fmesi olamaz. 28 \u015eubat 1998\u2019den \u00f6nce, 1997\u2019de T\u00dcS\u0130AD \u00e7ok pat\u0131rt\u0131 koparan demokratikle\u015fme raporunu yay\u0131nlad\u0131. 80\u2019lerden itibaren bakarsan\u0131z, T\u00dcS\u0130AD\u2019\u0131n demokratikle\u015fme \u00e7al\u0131\u015fmalar\u0131n\u0131n ba\u015flamas\u0131ndan itibaren MGK\u2019n\u0131n Anayasa\u2019daki yeri, varl\u0131\u011f\u0131 s\u00fcrekli sorgulan\u0131yor. Hatta 97\u2019deki raporda Genelkurmay Ba\u015fkanl\u0131\u011f\u0131\u2019n\u0131n Savunma Bakanl\u0131\u011f\u0131\u2019na ba\u011flanmas\u0131 raporda yer al\u0131yor. \u015eimdi bunlar\u0131 ortaya atm\u0131\u015f bir kurumun 28 \u015eubat s\u00fcrecine destek veriyor olmas\u0131 hi\u00e7bir \u015fekilde s\u00f6z konusu olamaz. Burada bir yaftalama var. Ben bunun bu \u015fekilde kullan\u0131lmas\u0131ndan dolay\u0131 da T\u00dcS\u0130AD Ba\u015fkan\u0131 olarak rencide oldum. Bu ger\u00e7ek de\u011fil.\u201d<\/p>\n<p style=\"text-align: justify;\"><strong>\u201c\u0130MAM HAT\u0130PLERE KAR\u015eI DE\u011e\u0130L\u0130Z\u201d<\/strong><\/p>\n<p style=\"text-align: justify;\">Toplum m\u00fchendisli\u011fi yapmak derdinde olmad\u0131klar\u0131n\u0131 belirten Boyner, T\u00fcrkiye\u2019nin geli\u015fme s\u00fcrecinde belli noktalarda, sosyal ekonomik ve siyasi konularda kendi m\u00fcktesebatlar\u0131na g\u00f6re g\u00f6r\u00fc\u015f beyan ettiklerini dile getirdi. \u0130mam Hatiplere bak\u0131\u015flar\u0131n\u0131n belli raporlarda akademisyenlerin bak\u0131\u015f a\u00e7\u0131s\u0131yla g\u00fcndeme getirilmi\u015f konular oldu\u011funa dikkat \u00e7eken Boyner, \u015fu a\u00e7\u0131klamalarda bulundu:<\/p>\n<p style=\"text-align: justify;\">\u201cBunu \u2018T\u00dcS\u0130AD din e\u011fitimine kar\u015f\u0131\u2019 gibi bir pozisyon olarak anlamak ger\u00e7ekten imkans\u0131z. \u0130lk bas\u0131n toplant\u0131mda meslek e\u011fitimi ile ilgili \u015funu s\u00f6yledim: \u0130mam Hatiplere meslek lisesi diyoruz ama aileler \u00e7ocuklar\u0131n\u0131 illa imam olsunlar diye oraya yollam\u0131yorlar. Belli bir sosyolojik ger\u00e7ektir, ailelerin \u00e7ocuklar\u0131n din e\u011fitimi almas\u0131n\u0131 istemesi. Ve buna cevap verilmesi gerekiyor. Bu ger\u00e7e\u011fi hi\u00e7 kimse yads\u0131yamaz. Ama temel e\u011fitim, meslek e\u011fitimi dedi\u011fimiz zaman sadece kar\u015f\u0131t olmak-yanda\u015f olmak boyutu ile tart\u0131\u015f\u0131rsak bir noktaya gidemiyoruz. Dinlemeyi kesinlikle kesiyoruz orada. Bo\u011fay\u0131 boynuzundan yakalayal\u0131m ve tart\u0131\u015fal\u0131m. Art\u0131k ideolojik yakla\u015f\u0131mlardan ve saplant\u0131lardan, birbirimizi \u2018asl\u0131nda alt\u0131nda \u015fu mu var, bu mu var\u2019 diye d\u00fc\u015f\u00fcn\u00fcp h\u0131rpalamaktan vazge\u00e7elim istiyorum.\u201d<\/p>\n<p style=\"text-align: justify;\"><strong>\u201c\u00c7EK\u0130\u015eME VARSA KAYITLI \u0130LE KAYITDI\u015eI SERMAYE ARASINDADIR\u201d<\/strong><\/p>\n<p style=\"text-align: justify;\">T\u00dcS\u0130AD\u2019\u0131n 40 y\u0131ll\u0131k bir kurum oldu\u011funu kaydeden Boyner, tam olarak oturmam\u0131\u015f bir demokrasi k\u00fclt\u00fcr\u00fcnde kategorize etmenin olay\u0131 kolayla\u015ft\u0131rd\u0131\u011f\u0131na i\u015faret etti. \u201dBu bizden ya da kar\u015f\u0131 taraftan dedi\u011finiz zaman bir rahatlama ya\u015f\u0131yorsunuz. O zaman \u00e7ok irdelemeniz, okuman\u0131z, tart\u0131\u015fman\u0131z gerekmiyor. B\u00f6yle bir tembellik de var diye d\u00fc\u015f\u00fcn\u00fcyorum\u201d diyen Boyner, T\u00fcrkiye\u2019de ekonomik yap\u0131da bir \u00e7eki\u015fme varsa, bunun orta \u00f6l\u00e7ekli-b\u00fcy\u00fck \u00f6l\u00e7ekli, Anadolu-\u0130stanbul sermayesinde de\u011fil; kay\u0131tl\u0131-kay\u0131td\u0131\u015f\u0131 sermaye aras\u0131nda ya\u015fand\u0131\u011f\u0131n\u0131 ifade etti. Boyner, bug\u00fcn T\u00dcS\u0130AD \u00fcyelerinin kay\u0131t alt\u0131nda oldu\u011funu belirterek, \u201cKay\u0131td\u0131\u015f\u0131 i\u015f\u00e7i \u00e7al\u0131\u015ft\u0131rmaz. Sosyal haklar\u0131 vermek konusunda nispeten daha iyi durumdad\u0131r. Biz b\u00f6yle bir suni tart\u0131\u015fman\u0131n i\u00e7inde, asl\u0131nda tart\u0131\u015fmam\u0131z gereken konular\u0131 bir kenara b\u0131rakarak, ideolojik \u00e7eki\u015fmeler i\u00e7inde kendimizi anlatmaya \u00e7al\u0131\u015f\u0131yoruz\u201d dedi.<\/p>\n<p style=\"text-align: justify;\"><strong>\u201cBEN\u0130M LUGATIMDA KORKU YOK\u201d-<\/strong><\/p>\n<p style=\"text-align: justify;\">Bug\u00fcne kadar h\u00fck\u00fcmetle diyalog kurmak konusunda hi\u00e7 zorluk \u00e7ekmediklerini dile getiren Boyner, bir\u00e7ok bakanla \u00e7ok yak\u0131n \u00e7al\u0131\u015fma yapt\u0131klar\u0131n\u0131 bildirdi. Hep \u015feffaf olmaya \u00f6zellikle \u00e7ok dikkat etti\u011fini dile getiren Boyner, \u201cBurada bir \u015fey s\u00f6yl\u00fcyorsam, yanda ba\u015fka bir \u015fey s\u00f6ylemedim. Bu son olayda, bir kanun tasar\u0131s\u0131 olsayd\u0131 bu, biz son 6-7 ayda 400 k\u00fcs\u00fcr tasar\u0131ya yaz\u0131l\u0131 olarak g\u00f6r\u00fc\u015f verdik. Zaman zaman medya arac\u0131l\u0131\u011f\u0131 ile mesaj verdi\u011fimiz zaman bir s\u0131k\u0131nt\u0131 do\u011fabiliyor. Bir\u00e7ok T\u00dcS\u0130AD Ba\u015fkan\u0131n\u0131n ba\u015f\u0131na birka\u00e7 kez gelmi\u015ftir bu. Biz bir hatay\u0131 kamuoyu ile payla\u015ft\u0131k gibi alg\u0131l\u0131yorlar. Bir hata s\u00f6ylemek, sald\u0131rmak, \u00e7\u00fcr\u00fctmek de\u011fil maksat; bir pozisyon belirtmek. Bu kat\u0131l\u0131c\u0131 demokrasinin bir \u015fart\u0131. Anayasa i\u00e7in de bir kat\u0131l\u0131m bekliyorlar ve onu yapmayanlara da k\u0131z\u0131yorlar. Bir fikir beyan ederken net, sayg\u0131l\u0131 ve objektif olmak zorundas\u0131n\u0131z. Bu b\u00fct\u00fcn taraflar i\u00e7in ge\u00e7erli. A\u00e7\u0131k\u00e7as\u0131 demokrasilerde b\u00f6yle bir e\u015fitlik ve diyalog ortam\u0131 bulmak laz\u0131m. Yoksa demokrasi bulamay\u0131z. Korkarsan\u0131z bir \u015fey yapamazs\u0131n\u0131z, benim lugat\u0131mda \u00f6yle bir \u015fey yok\u201d ifadelerini kulland\u0131.<\/p>\n<p style=\"text-align: justify;\"><strong>\u201c3 K\u0130\u015e\u0130N\u0130N KARARI \u0130LE POL\u0130T\u0130KA BEL\u0130RLEM\u0130YORUZ\u201d<\/strong><\/p>\n<p style=\"text-align: justify;\">\u201cT\u00dcS\u0130AD \u00fcyelerinin birle\u015fti\u011fi bir \u015fey var: Siyasi g\u00f6r\u00fc\u015f\u00fcm\u00fcz ne olursa olsun, T\u00dcS\u0130AD\u2019\u0131n kurumsal g\u00f6r\u00fc\u015f\u00fc ilkeler baz\u0131ndad\u0131r\u201d diyen Boyner, \u015f\u00f6yle devam etti:<\/p>\n<p style=\"text-align: justify;\">\u201cYani Ak Parti\u2019yi desteklemek ya da CHP\u2019yi ya da MHP\u2019yi desteklemek ad\u0131na bir tak\u0131m kararlar al\u0131nmaz. T\u00dcS\u0130AD bundan ayr\u0131l\u0131rsa zaten yok olur, varl\u0131\u011f\u0131 buna ba\u011fl\u0131. Y\u00f6netim Kurulu bir odada oturup, 10 ki\u015fi bir \u015feye karar vermiyor. Bizim komisyonlar\u0131m\u0131z ve bunlar\u0131n alt\u0131nda \u00e7al\u0131\u015fma gruplar\u0131m\u0131z var. Bu \u00e7al\u0131\u015fma gruplar\u0131nda \u00fcyelerimizin profesyonel temsilcileri yer al\u0131yor. T\u00dcS\u0130AD g\u00f6r\u00fc\u015fleri, kanun tasar\u0131lar\u0131na verilen g\u00f6r\u00fc\u015fler veya raporlara yans\u0131yan y\u00f6nelimler hep bu \u00e7al\u0131\u015fma gruplar\u0131nda belirlenir. Burada \u00e7\u0131kan tavsiyeler \u00f6nce komisyonlarda sonra y\u00f6netim kurulunda karara ba\u011flan\u0131r. Yani bug\u00fcnden yar\u0131na 3 ki\u015finin karar\u0131 ile politika belirleyen bir dernek de\u011filiz biz.\u201d<\/p>\n<p style=\"text-align: justify;\"><strong>\u201cEMRE DO\u011eRU\u2019NUN K\u0130ME MAIL ATTI\u011eINI B\u0130LEMEY\u0130Z\u201d<\/strong><\/p>\n<p style=\"text-align: justify;\">Stratfor ile yapt\u0131\u011f\u0131m\u0131z \u00e7al\u0131\u015fmay\u0131 son derece \u015feffaf bir y\u00f6ntemle, kamuoyuyla payla\u015farak yapt\u0131klar\u0131n\u0131 dile getiren Boyner, 40. y\u0131l etkinlikleri i\u00e7inde enerji arz\u0131na y\u00f6nelik bir sim\u00fclasyon yapmak istediklerini vurgulad\u0131. Stratfor\u2019un kurucusu George Friedman\u2019\u0131n da bu konuda \u201c\u00d6n\u00fcm\u00fczdeki Y\u00fczy\u0131l\u201d diye bestseller bir kitab\u0131 ve bu konuyla ilgili \u00e7al\u0131\u015fmalar\u0131 oldu\u011funa de\u011finen Boyner a\u00e7\u0131klamalar\u0131na \u015funlar\u0131 s\u00f6yledi:<\/p>\n<p style=\"text-align: justify;\">\u201cBiz de kendisini etkinli\u011fimize moderat\u00f6r olarak \u00e7a\u011f\u0131rd\u0131k. Ayr\u0131ca enerjide yetkin \u00fclkelerden uzmanlar\u0131 \u00e7a\u011f\u0131rd\u0131k. \u00dcstelik D\u0131\u015fi\u015fleri ve Enerji Bakan\u0131m\u0131z\u0131n da kat\u0131ld\u0131\u011f\u0131 bas\u0131na a\u00e7\u0131k bir etkinlik yapt\u0131k. Bizim Stratfor ile ili\u015fkimiz budur ve gayet a\u00e7\u0131kt\u0131r. Emre Do\u011fru gen\u00e7 bir arkada\u015f, 28 ya\u015f\u0131nda. O zaman tan\u0131d\u0131k. Bizim de Washington Temsilcimiz g\u00f6revden ayr\u0131lmak istiyordu, bir aray\u0131\u015f i\u00e7indeydik. Emre ile de o zaman bir m\u00fclakat yap\u0131ld\u0131. Gayet e\u011fitimli, Ko\u00e7 \u00dcniversitesi\u2019nde doktora yapm\u0131\u015f bir arkada\u015f\u0131m\u0131z. O g\u00f6revi ald\u0131, aral\u0131k sonunda g\u00f6reve geldi. Wikileaks ile ilgili geli\u015fmeleri biz de a\u00e7\u0131k\u00e7as\u0131 sizin kadar takip ediyoruz. Tabi Emre arkada\u015f\u0131m\u0131z\u0131n Stratfor\u2019da \u00e7al\u0131\u015f\u0131rken kimlere ne e-mail att\u0131\u011f\u0131n\u0131, kimlerle ba\u011flant\u0131 kurdu\u011funu sormad\u0131k, normal bir m\u00fclakat yapt\u0131k. Burada geli\u015fmeleri izlemeye devam edece\u011fiz.\u201d<\/p>\n<p style=\"text-align: justify;\"><a href=\"http:\/\/www.thelira.com\/haber\/79674\/tusiada_vurmanin_dayanilmaz_cazibesi\" target=\"_blank\">Kaynak : thelira.com<\/a><\/p>\n","protected":false},"excerpt":{"rendered":"<p style=\"text-align: center;\">\n<p style=\"text-align: justify;\">T\u00fcrk Sanayici ve \u0130\u015fadamlar\u0131 Derne\u011fi (T\u00dcS\u0130AD) Ba\u015fkan\u0131 \u00dcmit Boyner, T\u00dcS\u0130AD\u2019\u0131n e\u011fitim reformu ile ilgili g\u00f6r\u00fc\u015flerine \u201cT\u00dcS\u0130AD i\u015fine baks\u0131n\u201d diyen Ba\u015fbakan Recep Tayyip Erdo\u011fan\u2019a \u201cTepkisine \u015fa\u015f\u0131rd\u0131m. Herhalde T\u00dcS\u0130AD\u2019a vurman\u0131n dayan\u0131lmaz bir cazibesi var\u201d diye kar\u015f\u0131l\u0131k verdi. <\/p>\n","protected":false},"author":1,"featured_media":0,"comment_status":"open","ping_status":"open","sticky":false,"template":"","format":"standard","meta":{"footnotes":""},"categories":[105],"tags":[],"class_list":["post-49081","post","type-post","status-publish","format-standard","hentry","category-gundem","odd"],"_links":{"self":[{"href":"http:\/\/www.korhanyilmaz.com\/index.php?rest_route=\/wp\/v2\/posts\/49081","targetHints":{"allow":["GET"]}}],"collection":[{"href":"http:\/\/www.korhanyilmaz.com\/index.php?rest_route=\/wp\/v2\/posts"}],"about":[{"href":"http:\/\/www.korhanyilmaz.com\/index.php?rest_route=\/wp\/v2\/types\/post"}],"author":[{"embeddable":true,"href":"http:\/\/www.korhanyilmaz.com\/index.php?rest_route=\/wp\/v2\/users\/1"}],"replies":[{"embeddable":true,"href":"http:\/\/www.korhanyilmaz.com\/index.php?rest_route=%2Fwp%2Fv2%2Fcomments&post=49081"}],"version-history":[{"count":0,"href":"http:\/\/www.korhanyilmaz.com\/index.php?rest_route=\/wp\/v2\/posts\/49081\/revisions"}],"wp:attachment":[{"href":"http:\/\/www.korhanyilmaz.com\/index.php?rest_route=%2Fwp%2Fv2%2Fmedia&parent=49081"}],"wp:term":[{"taxonomy":"category","embeddable":true,"href":"http:\/\/www.korhanyilmaz.com\/index.php?rest_route=%2Fwp%2Fv2%2Fcategories&post=49081"},{"taxonomy":"post_tag","embeddable":true,"href":"http:\/\/www.korhanyilmaz.com\/index.php?rest_route=%2Fwp%2Fv2%2Ftags&post=49081"}],"curies":[{"name":"wp","href":"https:\/\/api.w.org\/{rel}","templated":true}]}}