{"id":49072,"date":"2012-02-29T22:10:05","date_gmt":"2012-02-29T20:10:05","guid":{"rendered":"http:\/\/www.korhanyilmaz.com\/?p=49072"},"modified":"2012-03-01T01:16:19","modified_gmt":"2012-02-29T23:16:19","slug":"basbakana-dogum-gunu-surprizi","status":"publish","type":"post","link":"http:\/\/www.korhanyilmaz.com\/?p=49072","title":{"rendered":"Ba\u015fbakan&#8217;a do\u011fum g\u00fcn\u00fc s\u00fcrprizi"},"content":{"rendered":"<p style=\"text-align: center;\"><a href=\"http:\/\/www.korhanyilmaz.com\/wp-content\/uploads\/2012\/03\/9034.jpg\"  class=\"lightview\"><img loading=\"lazy\" decoding=\"async\" class=\"aligncenter  wp-image-49073\" src=\"http:\/\/www.korhanyilmaz.com\/wp-content\/uploads\/2012\/03\/9034.jpg\" alt=\"\" width=\"396\" height=\"180\" \/><\/a><\/p>\n<p style=\"text-align: justify;\">Ba\u015fbakan Recep Tayyip Erdo\u011fan&#8217;a 59. ya\u015f g\u00fcn\u00fcnde o\u011flu Bilal Erdo\u011fan taraf\u0131ndan yap\u0131lan fas\u0131ll\u0131 do\u011fum g\u00fcn\u00fc s\u00fcrprizi foto\u011fraf karesine yans\u0131d\u0131.<\/p>\n<p style=\"text-align: justify;\">\u0130STANBUL &#8211; Erdo\u011fan&#8217;\u0131n evinde ger\u00e7ekle\u015ftirilen musiki fasl\u0131n\u0131n ard\u0131ndan sazendeler Erdo\u011fan ile hat\u0131ra foto\u011fraf\u0131 \u00e7ektirdi. Ba\u015fbakan Erdo\u011fan, ge\u00e7ti\u011fimiz hafta 59 ya\u015f\u0131na girdi. Sevenleri, Erdo\u011fan&#8217;a hem \u0130stanbul&#8217;da hem de Ankara&#8217;da do\u011fum g\u00fcn\u00fc s\u00fcrprizi yapt\u0131.\u00a0<!--more--><\/p>\n<p style=\"text-align: justify;\"><a href=\"http:\/\/www.korhanyilmaz.com\/wp-content\/uploads\/2012\/03\/9035.jpg\"  class=\"lightview\"><img loading=\"lazy\" decoding=\"async\" class=\" wp-image-49074 alignleft\" style=\"margin-left: 10px; margin-right: 10px;\" src=\"http:\/\/www.korhanyilmaz.com\/wp-content\/uploads\/2012\/03\/9035.jpg\" alt=\"\" width=\"300\" height=\"240\" \/><\/a>Erdo\u011fan&#8217;a en ilgin\u00e7 s\u00fcrpriz ise o\u011flu Bilal Erdo\u011fan&#8217;dan geldi. Sabah.com.tr&#8217;de yer alan habere g\u00f6re, Bilal Erdo\u011fan, Pazar g\u00fcn\u00fc \u00f6\u011flen saatlerinde babas\u0131 Ba\u015fbakan Erdo\u011fan&#8217;\u0131n evine beraberindeki Zuhurat Musiki ekibiyle birlikte geldi. Bas\u0131n mensuplar\u0131 ilk etapta ne oldu\u011fun anlayamasa da daha sonra bunun babas\u0131 Ba\u015fbakan Erdo\u011fan&#8217;a do\u011fum g\u00fcn\u00fc s\u00fcrprizi oldu\u011fu ortaya \u00e7\u0131kt\u0131. Daha \u00f6nce T\u00fcrkiye&#8217;de ve yurt d\u0131\u015f\u0131nda \u00e7ok say\u0131da konser ger\u00e7ekle\u015ftiren Zuhurat Musiki ekibi Ba\u015fbakan Erdo\u011fan&#8217;a yakla\u015f\u0131k 3 saat s\u00fcren bir konser verdi.<\/p>\n<p style=\"text-align: justify;\"><strong>BA\u015eBAKAN&#8217;A &#8216;BERABER Y\u00dcR\u00dcD\u00dcK B\u0130Z BU YOLLARDA&#8217; S\u00dcRPR\u0130Z\u0130<\/strong><\/p>\n<p style=\"text-align: justify;\">Neyde Serkan Kamac\u0131, kanunda Murat \u015eahin, udda Bekir Balo\u011flu ve bendirde Harun Korkmaz&#8217;dan olu\u015fan Zuhurat ekibi, yakla\u015f\u0131k 3 saat boyunca Klasik T\u00fcrk Musikisi&#8217;nin \u00f6nemli eserlerini Ba\u015fbakan i\u00e7in icra etti. Ba\u015fbakan Erdo\u011fan&#8217;a bir s\u00fcrpriz de musiki ekibinden geldi. Ekip, do\u011fum g\u00fcn\u00fcnde Ba\u015fbakan Recep Tayyip Erdo\u011fan&#8217;a, b\u00fct\u00fcn mitinglerinde vatanda\u015flarla birlikte s\u00f6yledi\u011fi &#8220;Bana her \u015fey seni hat\u0131rlat\u0131yor&#8221; adl\u0131 \u015fark\u0131y\u0131 da irca etti. Erdo\u011fan&#8217;\u0131n bu s\u00fcrprizden \u00e7ok ho\u015fland\u0131\u011f\u0131 \u00f6\u011frenildi.<\/p>\n<p style=\"text-align: justify;\">Musiki ekibi, fasl\u0131n sonunda Ba\u015fbakan Erdo\u011fan ile birlikte foto\u011fraf \u00e7ektirmeyi de ihmal etmedi. Erdo\u011fan&#8217;a musiki konserli s\u00fcrpriz b\u00f6ylece \u00f6l\u00fcms\u00fczle\u015fmi\u015f oldu.<\/p>\n<p style=\"text-align: justify;\"><a href=\"http:\/\/www.gazeteport.com.tr\/haber\/81997\/basbakana_dogum_gunu_surprizi\" target=\"_blank\">Kaynak : GAZETEPORT<\/a><\/p>\n","protected":false},"excerpt":{"rendered":"<p style=\"text-align: center;\">\n<p style=\"text-align: justify;\">Ba\u015fbakan Recep Tayyip Erdo\u011fan&#8217;a 59. ya\u015f g\u00fcn\u00fcnde o\u011flu Bilal Erdo\u011fan taraf\u0131ndan yap\u0131lan fas\u0131ll\u0131 do\u011fum g\u00fcn\u00fc s\u00fcrprizi foto\u011fraf karesine yans\u0131d\u0131.<\/p>\n<p style=\"text-align: justify;\">\u0130STANBUL &#8211; Erdo\u011fan&#8217;\u0131n evinde ger\u00e7ekle\u015ftirilen musiki fasl\u0131n\u0131n ard\u0131ndan sazendeler Erdo\u011fan ile hat\u0131ra foto\u011fraf\u0131 \u00e7ektirdi. Ba\u015fbakan Erdo\u011fan, ge\u00e7ti\u011fimiz hafta 59 ya\u015f\u0131na girdi. Sevenleri, Erdo\u011fan&#8217;a hem \u0130stanbul&#8217;da hem de Ankara&#8217;da do\u011fum <\/p>\n","protected":false},"author":1,"featured_media":0,"comment_status":"open","ping_status":"open","sticky":false,"template":"","format":"standard","meta":{"footnotes":""},"categories":[105],"tags":[],"class_list":["post-49072","post","type-post","status-publish","format-standard","hentry","category-gundem","odd"],"_links":{"self":[{"href":"http:\/\/www.korhanyilmaz.com\/index.php?rest_route=\/wp\/v2\/posts\/49072","targetHints":{"allow":["GET"]}}],"collection":[{"href":"http:\/\/www.korhanyilmaz.com\/index.php?rest_route=\/wp\/v2\/posts"}],"about":[{"href":"http:\/\/www.korhanyilmaz.com\/index.php?rest_route=\/wp\/v2\/types\/post"}],"author":[{"embeddable":true,"href":"http:\/\/www.korhanyilmaz.com\/index.php?rest_route=\/wp\/v2\/users\/1"}],"replies":[{"embeddable":true,"href":"http:\/\/www.korhanyilmaz.com\/index.php?rest_route=%2Fwp%2Fv2%2Fcomments&post=49072"}],"version-history":[{"count":0,"href":"http:\/\/www.korhanyilmaz.com\/index.php?rest_route=\/wp\/v2\/posts\/49072\/revisions"}],"wp:attachment":[{"href":"http:\/\/www.korhanyilmaz.com\/index.php?rest_route=%2Fwp%2Fv2%2Fmedia&parent=49072"}],"wp:term":[{"taxonomy":"category","embeddable":true,"href":"http:\/\/www.korhanyilmaz.com\/index.php?rest_route=%2Fwp%2Fv2%2Fcategories&post=49072"},{"taxonomy":"post_tag","embeddable":true,"href":"http:\/\/www.korhanyilmaz.com\/index.php?rest_route=%2Fwp%2Fv2%2Ftags&post=49072"}],"curies":[{"name":"wp","href":"https:\/\/api.w.org\/{rel}","templated":true}]}}