{"id":49064,"date":"2012-02-29T15:34:56","date_gmt":"2012-02-29T13:34:56","guid":{"rendered":"http:\/\/www.korhanyilmaz.com\/?p=49064"},"modified":"2012-02-29T19:41:07","modified_gmt":"2012-02-29T17:41:07","slug":"kilicdaroglunun-hirsiz-sozune-dava","status":"publish","type":"post","link":"http:\/\/www.korhanyilmaz.com\/?p=49064","title":{"rendered":"K\u0131l\u0131\u00e7daro\u011flu&#8217;nun &#8216;h\u0131rs\u0131z&#8217; s\u00f6z\u00fcne dava"},"content":{"rendered":"<p style=\"text-align: center;\"><a href=\"http:\/\/www.korhanyilmaz.com\/wp-content\/uploads\/2012\/02\/90331.jpg\"  class=\"lightview\"><img loading=\"lazy\" decoding=\"async\" class=\"aligncenter  wp-image-49067\" src=\"http:\/\/www.korhanyilmaz.com\/wp-content\/uploads\/2012\/02\/90331.jpg\" alt=\"\" width=\"232\" height=\"232\" \/><\/a><\/p>\n<p style=\"text-align: justify;\">Ba\u015fbakan Erdo\u011fan, K\u0131l\u0131\u00e7daro\u011flu&#8217;nun, H\u00fck\u00fcmeti ve kendisini &#8221;h\u0131rs\u0131zl\u0131kla&#8221; su\u00e7lad\u0131\u011f\u0131 s\u00f6zleri nedeniyle 100 bin TL&#8217;lik tazminat davas\u0131 a\u00e7t\u0131.<\/p>\n<p style=\"text-align: justify;\">ANKARA &#8211; Ba\u015fbakan Recep Tayyip Erdo\u011fan&#8217;\u0131n avukat\u0131 Muammer Cemalo\u011flu&#8217;nun a\u00e7t\u0131\u011f\u0131 davan\u0131n dilek\u00e7esinde, K\u0131l\u0131\u00e7daro\u011flu&#8217;nun, 21 \u015eubat&#8217;taki grup toplant\u0131s\u0131nda AK Parti ve Ba\u015fbakan Erdo\u011fan&#8217;\u0131n \u015fahsiyet haklar\u0131na a\u011f\u0131r hakaretlerde bulundu\u011fu, onur ve sayg\u0131nl\u0131\u011f\u0131na y\u00f6nelik ifadeler kulland\u0131\u011f\u0131 iddia edildi.\u00a0<!--more--><\/p>\n<p style=\"text-align: justify;\">K\u0131l\u0131\u00e7daro\u011flu&#8217;nun grup toplant\u0131s\u0131ndaki konu\u015fmalar\u0131ndan baz\u0131 b\u00f6l\u00fcmlere yer verilen dilek\u00e7ede, K\u0131l\u0131\u00e7daro\u011flu&#8217;nun, H\u00fck\u00fcmeti ve Ba\u015fbakan Erdo\u011fan&#8217;\u0131 &#8221;h\u0131rs\u0131zl\u0131kla&#8221; su\u00e7lad\u0131\u011f\u0131 kaydedildi.<\/p>\n<p style=\"text-align: justify;\">K\u0131l\u0131\u00e7daro\u011flu&#8217;nun konu\u015fmalar\u0131n\u0131n, halk\u0131n yanl\u0131\u015f bilgilendirilmesine ve demagoji yapmaya y\u00f6nelik oldu\u011fu ifade edilen dilek\u00e7ede, \u015fu ifadelere yer verildi:<\/p>\n<p style=\"text-align: justify;\">&#8221;Ki\u015fi siyasi de olsa &#8216;\u00e7ete kurucusu, ruh sa\u011fl\u0131\u011f\u0131 bozuk, tipik b\u00f6l\u00fcc\u00fc, ahlaks\u0131z, ak\u0131ls\u0131z&#8217; demek a\u00e7\u0131k\u00e7a ona hakarettir. Bu s\u00f6zlerin ele\u015ftiri olmad\u0131\u011f\u0131, d\u00fc\u015f\u00fcnce a\u00e7\u0131klamas\u0131 d\u00fczeyinde bulunmad\u0131\u011f\u0131 a\u00e7\u0131k\u00e7a hakaret ve a\u015fa\u011f\u0131lama, k\u00fc\u00e7\u00fck d\u00fc\u015f\u00fcrme amac\u0131 ta\u015f\u0131d\u0131\u011f\u0131 g\u00f6r\u00fclmektedir. Bu dil, siyasi ele\u015ftiri s\u0131n\u0131r\u0131n\u0131 da a\u015facak bir d\u00fczeydedir. Ele\u015ftiri yanl\u0131\u015f\u0131 g\u00fcndeme getirip, do\u011fruyu \u00f6nermektir. Do\u011fru ve somut kan\u0131tlara dayanmakt\u0131r. Ele\u015ftiride, topluma verilen pozitif mesajlar olmal\u0131d\u0131r.&#8221;<\/p>\n<p style=\"text-align: justify;\">Dava konusu konu\u015fmada kamu yarar\u0131 bulunmad\u0131\u011f\u0131 savunulan dilek\u00e7ede, &#8221;Daval\u0131, m\u00fcvekkilimizi ele\u015ftirirken kamu yarar\u0131n\u0131n gere\u011fini g\u00f6z \u00f6n\u00fcne almam\u0131\u015f, bu haks\u0131z ve hukuka ayk\u0131r\u0131 ifadelerden ba\u015fka ifadelerle ele\u015ftiri yapmas\u0131 m\u00fcmk\u00fcnken, ele\u015ftiri s\u0131n\u0131rlar\u0131n\u0131 a\u015farak m\u00fcvekkilimizin ki\u015filik haklar\u0131na sald\u0131r\u0131da bulunmu\u015ftur&#8221; denildi.<\/p>\n<p style=\"text-align: justify;\">Dilek\u00e7ede, K\u0131l\u0131\u00e7daro\u011flu&#8217;nun, AK Parti t\u00fczel ki\u015fili\u011fi ve Ba\u015fbakan Erdo\u011fan hakk\u0131ndaki konu\u015fmalar\u0131ndan dolay\u0131 ayr\u0131 ayr\u0131 50&#8217;\u015fer bin liral\u0131k olmak \u00fczere, toplam 100 bin lira manevi tazminat \u00f6demesi talep edildi.<\/p>\n<p style=\"text-align: justify;\"><strong>&#8216;\u015eEYTANI B\u0130LE \u015eA\u015eIRTACAK HIRSIZLIK YAPTILAR&#8217;<\/strong><\/p>\n<p style=\"text-align: justify;\">K\u0131l\u0131\u00e7daro\u011flu ge\u00e7en hafta partisinin grup toplant\u0131s\u0131nda yapt\u0131\u011f\u0131 konu\u015fmada, &#8221;H\u00fck\u00fcmet e\u015fittir h\u0131rs\u0131zl\u0131k&#8230; H\u0131rs\u0131zl\u0131k literat\u00fcr\u00fcnde olmayan pek \u00e7ok kavram\u0131 \u00f6\u011frendik. \u015eeytan\u0131 bile \u015fa\u015f\u0131rtacak h\u0131rs\u0131zl\u0131k yapt\u0131lar. Fitre h\u0131rs\u0131zl\u0131\u011f\u0131 gelir miydi akl\u0131n\u0131za? Fitre h\u0131rs\u0131zl\u0131\u011f\u0131n\u0131 da \u00f6\u011frendik. Sadakadan, kurbandan h\u0131rs\u0131zl\u0131k yapmaya ba\u015flad\u0131lar. \u0130nsanda biraz vicdan, Allah korkusu varsa, h\u0131rs\u0131zl\u0131\u011fa kar\u015f\u0131 durmas\u0131 gerekir. Vicdan ta\u015f\u0131m\u0131yorsa, h\u0131rs\u0131z\u0131n s\u0131rt\u0131n\u0131 s\u0131vazlar ve &#8216;Yoluna devam et&#8217; der&#8221; diye konu\u015fmu\u015ftu.<\/p>\n<p style=\"text-align: justify;\"><a href=\"http:\/\/www.ntvmsnbc.com\/id\/25326462\/\" target=\"_blank\">Kaynak : NTVMSNBC<\/a><\/p>\n","protected":false},"excerpt":{"rendered":"<p style=\"text-align: center;\">\n<p style=\"text-align: justify;\">Ba\u015fbakan Erdo\u011fan, K\u0131l\u0131\u00e7daro\u011flu&#8217;nun, H\u00fck\u00fcmeti ve kendisini &#8221;h\u0131rs\u0131zl\u0131kla&#8221; su\u00e7lad\u0131\u011f\u0131 s\u00f6zleri nedeniyle 100 bin TL&#8217;lik tazminat davas\u0131 a\u00e7t\u0131.<\/p>\n<p style=\"text-align: justify;\">ANKARA &#8211; Ba\u015fbakan Recep Tayyip Erdo\u011fan&#8217;\u0131n avukat\u0131 Muammer Cemalo\u011flu&#8217;nun a\u00e7t\u0131\u011f\u0131 davan\u0131n dilek\u00e7esinde, K\u0131l\u0131\u00e7daro\u011flu&#8217;nun, 21 \u015eubat&#8217;taki grup toplant\u0131s\u0131nda AK Parti ve Ba\u015fbakan Erdo\u011fan&#8217;\u0131n \u015fahsiyet haklar\u0131na a\u011f\u0131r hakaretlerde bulundu\u011fu, onur ve sayg\u0131nl\u0131\u011f\u0131na y\u00f6nelik ifadeler <\/p>\n","protected":false},"author":1,"featured_media":0,"comment_status":"open","ping_status":"open","sticky":false,"template":"","format":"standard","meta":{"footnotes":""},"categories":[105],"tags":[],"class_list":["post-49064","post","type-post","status-publish","format-standard","hentry","category-gundem","odd"],"_links":{"self":[{"href":"http:\/\/www.korhanyilmaz.com\/index.php?rest_route=\/wp\/v2\/posts\/49064","targetHints":{"allow":["GET"]}}],"collection":[{"href":"http:\/\/www.korhanyilmaz.com\/index.php?rest_route=\/wp\/v2\/posts"}],"about":[{"href":"http:\/\/www.korhanyilmaz.com\/index.php?rest_route=\/wp\/v2\/types\/post"}],"author":[{"embeddable":true,"href":"http:\/\/www.korhanyilmaz.com\/index.php?rest_route=\/wp\/v2\/users\/1"}],"replies":[{"embeddable":true,"href":"http:\/\/www.korhanyilmaz.com\/index.php?rest_route=%2Fwp%2Fv2%2Fcomments&post=49064"}],"version-history":[{"count":0,"href":"http:\/\/www.korhanyilmaz.com\/index.php?rest_route=\/wp\/v2\/posts\/49064\/revisions"}],"wp:attachment":[{"href":"http:\/\/www.korhanyilmaz.com\/index.php?rest_route=%2Fwp%2Fv2%2Fmedia&parent=49064"}],"wp:term":[{"taxonomy":"category","embeddable":true,"href":"http:\/\/www.korhanyilmaz.com\/index.php?rest_route=%2Fwp%2Fv2%2Fcategories&post=49064"},{"taxonomy":"post_tag","embeddable":true,"href":"http:\/\/www.korhanyilmaz.com\/index.php?rest_route=%2Fwp%2Fv2%2Ftags&post=49064"}],"curies":[{"name":"wp","href":"https:\/\/api.w.org\/{rel}","templated":true}]}}