{"id":49058,"date":"2012-02-28T12:21:48","date_gmt":"2012-02-28T10:21:48","guid":{"rendered":"http:\/\/www.korhanyilmaz.com\/?p=49058"},"modified":"2012-02-28T13:54:25","modified_gmt":"2012-02-28T11:54:25","slug":"bahceli-akp-bir-28-subat-surumu-ve-imalatidir","status":"publish","type":"post","link":"http:\/\/www.korhanyilmaz.com\/?p=49058","title":{"rendered":"Bah\u00e7eli: AKP bir 28 \u015eubat s\u00fcr\u00fcm\u00fc ve imalat\u0131d\u0131r"},"content":{"rendered":"<p style=\"text-align: center;\"><a href=\"http:\/\/www.korhanyilmaz.com\/wp-content\/uploads\/2012\/02\/9032.jpg\"  class=\"lightview\"><img loading=\"lazy\" decoding=\"async\" class=\"aligncenter  wp-image-49059\" src=\"http:\/\/www.korhanyilmaz.com\/wp-content\/uploads\/2012\/02\/9032.jpg\" alt=\"\" width=\"308\" height=\"206\" \/><\/a><\/p>\n<p style=\"text-align: justify;\">MHP Genel Ba\u015fkan\u0131 Devlet Bah\u00e7eli, &#8220;AKP&#8217;nin bir 28 \u015eubat yap\u0131m\u0131, klasi\u011fi, s\u00fcr\u00fcm\u00fc ve imalat\u0131 oldu\u011funu \u015f\u00fcpheye yer b\u0131rakmayacak kadar net ve berrakt\u0131r&#8221; dedi.<\/p>\n<p style=\"text-align: justify;\">ANKARA &#8211; MHP lideri Bah\u00e7eli partisinin Meclis\u2019teki grup toplant\u0131s\u0131nda g\u00fcndemdeki konular\u0131 de\u011ferlendirdi. T\u00fcrkiye\u2019de belirli periyotlarla demokrasi d\u0131\u015f\u0131 m\u00fcdahalelerin sanc\u0131lar\u0131na ve tahribatlar\u0131na maruz kald\u0131\u011f\u0131n\u0131, silahlar\u0131n g\u00f6lgesi alt\u0131nda demokrasinin farkl\u0131 tarihlerde ask\u0131ya al\u0131nd\u0131\u011f\u0131n\u0131 ve millet iradesinin tarumar edilip h\u0131rpaland\u0131\u011f\u0131n\u0131 anlatan Bah\u00e7eli, do\u011frudan veya dolayl\u0131 t\u00fcm m\u00fcdahale veya ara rejimlerin \u00fclkeyi biraz daha geriye g\u00f6t\u00fcr\u00fcp enerji ve g\u00fcc\u00fcn\u00fc israf etti\u011fini s\u00f6yledi.<!--more--><\/p>\n<p style=\"text-align: justify;\">Demokrasinin ikamesiz ve yeri dolmaz bir de\u011fer oldu\u011funu s\u00f6yleyen Bah\u00e7eli, \u201cYetersiz ve eksik y\u00f6nleri olsa da kavga ve anla\u015fmazl\u0131klara kap\u0131 aralasa da sivil y\u00f6netimlerin me\u015fruiyeti hi\u00e7bir \u015feyle mukayese edilemez. Kendilerine g\u00f6rev vehmederek durumdan vazife \u00e7\u0131karanlar, ne demokrasiye katk\u0131 vermi\u015flerdir ne de \u00fclke y\u00f6netimine fayda sa\u011flam\u0131\u015flard\u0131r. Aziz milletimiz ne diyorsa do\u011fru ve ge\u00e7erli olan odur. Kimi tercih ediyorsa kimden yana tav\u0131r koyuyorsa siyasi sorumluluk m\u00fchr\u00fc onun elindedir\u201d dedi.<\/p>\n<p style=\"text-align: justify;\"><strong>\u201c28 \u015eUBAT\u2019TA OLAN ERBAKAN VE ARKADA\u015eLARINA OLDU\u201d<\/strong><\/p>\n<p style=\"text-align: justify;\">Siyaseti d\u0131\u015far\u0131dan tanzim etmeye, demokrasiyi etkisizle\u015ftirmeye ve alan\u0131n\u0131 daraltmaya tevess\u00fcl edenlerin a\u00e7\u0131k\u00e7a millet karar\u0131 ve iradesine kast ettiklerini s\u00f6yleyen Bah\u00e7eli, 28 \u015eubat post modern m\u00fcdahalesinin 15\u2019inci y\u0131l\u0131nda bu ger\u00e7ekler \u00fczerinde d\u00fcr\u00fcst\u00e7e yeniden muhasebe yap\u0131lmas\u0131 gerekti\u011fini s\u00f6yledi. 28 \u015eubat s\u00fcrecinin di\u011ferlerinden ayr\u0131 ve k\u0131yaslanamaz bir \u00f6zelli\u011fi oldu\u011funu belirten Bah\u00e7eli \u015f\u00f6yle devam etti:<\/p>\n<p style=\"text-align: justify;\">\u201cAKP zihniyeti bu karanl\u0131k d\u00f6nemde ye\u015fermi\u015f ve bin y\u0131l s\u00fcrece\u011fi iddia olunan bu s\u00fcre\u00e7ten siyasetin kunda\u011f\u0131na d\u00fc\u015fm\u00fc\u015ft\u00fcr. Olan Maalesef rahmetle and\u0131\u011f\u0131m\u0131z merhum Necmettin Erbakan Bey ve arkada\u015flar\u0131na olmu\u015ftur. S\u0131k\u0131nt\u0131y\u0131 onlar \u00e7ekmi\u015f, siyaseten onlar yasaklanm\u0131\u015f, h\u00fck\u00fcmetten onlar uzakla\u015ft\u0131r\u0131lm\u0131\u015ft\u0131r. Ve elbette AKP\u2019ye g\u00fcn do\u011fmu\u015f, ba\u015fta Ba\u015fbakan olmak \u00fczere, Milli G\u00f6r\u00fc\u015f g\u00f6mle\u011fini \u00e7\u0131kartanlar s\u00f6zde mazlum g\u00f6r\u00fcnt\u00fcleriyle demokrasi d\u0131\u015f\u0131 temas ve dayatmalardan ziyadesiyle kazan\u00e7l\u0131 \u00e7\u0131km\u0131\u015flard\u0131r. Zira Ba\u015fbakan Erdo\u011fan\u2019\u0131n d\u00fc\u015ft\u00fc\u011f\u00fc k\u0131sa s\u00fcreli cezaevi \u015fartlar\u0131n\u0131 kast ederek; \u2018O g\u00fcnler sayesinde gelece\u011fi kazand\u0131k, yeni d\u00f6nemin ad\u0131mlar\u0131n\u0131 att\u0131k\u2019 s\u00f6zleri g\u00f6r\u00fc\u015f ve d\u00fc\u015f\u00fcncelerimizi fazlas\u0131yla do\u011frulamaktad\u0131r. Art\u0131k AKP\u2019nin bir 28 \u015eubat yap\u0131m\u0131, klasi\u011fi, s\u00fcr\u00fcm\u00fc ve imalat\u0131 oldu\u011fu \u015f\u00fcpheye yer b\u0131rakmayacak kadar net ve berrakt\u0131r.\u201d<\/p>\n<p style=\"text-align: justify;\"><strong>\u201cAKP, S\u0130V\u0130L VESAYET\u0130N UYGULAYICISI\u201d<\/strong><\/p>\n<p style=\"text-align: justify;\">Askeri vesayet \u015fartlar\u0131 alt\u0131nda filizlenen bu zihniyetin bug\u00fcnk\u00fc zaman diliminde otoriter ve bask\u0131c\u0131 bir y\u00f6netimin t\u00fcm \u00e7irkin ve katlan\u0131lmaz y\u00f6ntemlerine ba\u015fvurdu\u011funu ileri s\u00fcren Bah\u00e7eli, \u201cAKP, Cumhuriyet\u2019in ara d\u00f6nemi, sivil vesayetin uygulay\u0131c\u0131s\u0131, s\u00f6m\u00fcrgecilerin fig\u00fcran\u0131, bizdenmi\u015f gibi g\u00f6r\u00fcnen siyaset misyoneri olarak bug\u00fcn T\u00fcrkiye\u2019yi musibetlerle dolu korku t\u00fcneline s\u00fcr\u00fcklemektedir. M\u00fcsl\u00fcmanlar\u0131n can\u0131yla, kan\u0131yla, mal\u0131yla beslenen k\u00fcresel g\u00fc\u00e7 merkezlerinin yana\u015fmas\u0131 olan AKP; bu niteli\u011fini gizlemek i\u00e7in ise her t\u00fcrl\u00fc milli ve manevi k\u0131ymeti istismar etmekten uzak durmam\u0131\u015ft\u0131r\u201d dedi.<\/p>\n<p style=\"text-align: justify;\"><strong>\u201cE\u011e\u0130T\u0130M S\u0130STEM\u0130 YAPBOZ TAHTASINA \u00c7EVR\u0130LD\u0130\u201d<\/strong><\/p>\n<p style=\"text-align: justify;\">MHP lideri Devlet Bah\u00e7eli, grup konu\u015fmas\u0131nda e\u011fitim sistemini de\u011fi\u015ftirecek AKP\u2019nin yeni teklifini de de\u011ferlendirdi. E\u011fitim sisteminin stratejik bir \u00f6neme sahip oldu\u011funa dikkat \u00e7eken Bah\u00e7eli, AKP d\u00f6neminde e\u011fitimle ilgili \u00f6nemli bir geli\u015fmenin kaydedilemedi\u011fini ileri s\u00fcrd\u00fc. AKP\u2019yle birlikte e\u011fitimde bilimsel y\u00f6ntemler de\u011fil, deneme-yan\u0131lma y\u00f6ntemleri uyguland\u0131\u011f\u0131n\u0131 iktidar partisinin, sorun \u00e7\u00f6zmek yerine att\u0131\u011f\u0131 her ad\u0131mla yeni problem alanlar\u0131 olu\u015fturdu\u011funu savunan Bah\u00e7eli, bug\u00fcne kadar alk\u0131\u015flayacaklar\u0131 ve takdir edecekleri bir projenin hen\u00fcz hayata ge\u00e7irilemedi\u011fini s\u00f6yledi. Bah\u00e7eli, \u201cH\u00fck\u00fcmet, g\u00fcn\u00fc kurtarmaya d\u00f6n\u00fck \u00e7eli\u015fkileriyle, polemik dozu had safhada olan yakla\u015f\u0131mlar\u0131yla ve istimara prim veren siyasi tutumuyla e\u011fitim sistemimizi adeta yap boz tahtas\u0131na \u00e7evirmi\u015ftir\u201d dedi.<\/p>\n<p style=\"text-align: justify;\">MHP\u2019nin okul \u00f6ncesi e\u011fitimin 6 ya\u015f grubu d\u00e2hil edilmek suretiyle, zorunlu temel e\u011fitimin iki kademeli olarak 9 y\u0131la \u00e7\u0131kar\u0131lmas\u0131n\u0131 \u00f6ng\u00f6rd\u00fc\u011f\u00fcn\u00fc anlatan Bah\u00e7eli, uzun vadede de 12 y\u0131ll\u0131k zorunlu temel e\u011fitimin tesis edilebilmesi i\u00e7in gerekli alt yap\u0131 \u00e7al\u0131\u015fmas\u0131n\u0131n yap\u0131lmas\u0131n\u0131 savunduklar\u0131n\u0131 s\u00f6yledi.<\/p>\n<p style=\"text-align: justify;\"><strong>\u201cHER BAKANIN KEND\u0130 E\u011e\u0130T\u0130M POL\u0130T\u0130KASI VAR\u201d<\/strong><\/p>\n<p style=\"text-align: justify;\">Milli e\u011fitim sistemini yozla\u015ft\u0131rarak her bakan de\u011fi\u015fikli\u011fiyle yeni bir maceraya at\u0131lman\u0131n gelecek nesillere b\u00fcy\u00fck maliyetler y\u00fckleyece\u011fini ifade eden Bah\u00e7eli, \u201cBuna da hi\u00e7 kimsenin, hele hele Milli E\u011fitim Bakanl\u0131\u011f\u0131 g\u00f6revini y\u00fcr\u00fcten \u015fah\u0131slar\u0131n hi\u00e7 hakk\u0131 yoktur. AKP h\u00fck\u00fcmetlerinde, bug\u00fcne kadar e\u011fitim konusunda d\u00f6rt bakan g\u00f6rev alm\u0131\u015ft\u0131r. \u015eu \u00e7arp\u0131kl\u0131\u011fa bak\u0131n\u0131z ki, her bakan\u0131n kendine ait bir politikas\u0131 olmu\u015f, gelen gidenin uygulamalar\u0131n\u0131 reddedercesine kendi zihniyetindekileri hayata ge\u00e7irmenin \u00e7are ve aray\u0131\u015f\u0131 i\u00e7inde olmu\u015ftur. Zannedersiniz ki, AKP\u2019nin bir e\u011fitim politikas\u0131 ve gelecekle ilgili bir hedefi bulunmamaktad\u0131r. Hadiselerin g\u00f6r\u00fcnen y\u00fcz\u00fc b\u00f6yledir, ortaya \u00e7\u0131kan ger\u00e7ekler buna i\u015faret etmektedir. Sorar\u0131m sizlere, her bakanla birlikte e\u011fitim sisteminin b\u00fct\u00fcn\u00fcyle de\u011fi\u015fmesine, yeni bir kulvara girmesine acaba d\u00fcnyan\u0131n neresinde tesad\u00fcf edilmektedir?\u201d dedi.<\/p>\n<p style=\"text-align: justify;\">AKP\u2019nin zorunlu e\u011fitimi 12 y\u0131la \u00e7\u0131kartaca\u011f\u0131 iddias\u0131yla getirdi\u011fi teklifin iddias\u0131n\u0131n aksine zorunlu e\u011fitimin baz\u0131 hallerde 4 y\u0131ll\u0131k ilk\u00f6\u011fretim birinci kademeyle s\u0131n\u0131rland\u0131r\u0131laca\u011f\u0131n\u0131 g\u00f6sterdi\u011fini ileri s\u00fcren Bah\u00e7eli \u015f\u00f6yle devam etti:<\/p>\n<p style=\"text-align: justify;\">\u201cBir\u00e7ok mahsuru i\u00e7inde bar\u0131nd\u0131ran bu s\u00f6zde haz\u0131rl\u0131\u011f\u0131n, gelece\u011fimize katk\u0131 sa\u011flamas\u0131 ve evlatlar\u0131m\u0131z\u0131n ihtiya\u00e7lar\u0131n\u0131 kar\u015f\u0131lamas\u0131 s\u00f6z konusu bile olmayacakt\u0131r. Ancak, d\u00fcn itibariyle teklifte ele\u015ftirilere neden olan ilk 4 y\u0131l\u0131n ard\u0131ndan a\u00e7\u0131k\u00f6\u011fretim se\u00e7ene\u011finden geri ad\u0131m at\u0131ld\u0131\u011f\u0131 ve a\u00e7\u0131k\u00f6\u011fretim uygulamas\u0131n\u0131n ikinci 4 y\u0131l\u0131n ard\u0131ndan devreye sokulaca\u011f\u0131 kamuoyuna yans\u0131m\u0131\u015ft\u0131r. B\u00f6yle olsa bile, zorunlu e\u011fitimin kesintisiz 12 y\u0131la \u00e7\u0131kmas\u0131 s\u00f6z konusu olmayacakt\u0131r.\u201d<\/p>\n<p style=\"text-align: justify;\"><strong>\u201cYEN\u0130 \u0130ST\u0130SMAR ALANLARI A\u00c7ILMASIN\u201d<\/strong><\/p>\n<p style=\"text-align: justify;\">Tart\u0131\u015fmalar\u0131n meslek liseleri, \u00f6zelde imam hatip liseleri ekseninde y\u00fcr\u00fct\u00fclmesinin yeni bir kutupla\u015fmaya davetiye \u00e7\u0131kard\u0131\u011f\u0131n\u0131 ileri s\u00fcren Bah\u00e7eli, \u201cBu \u00fclkede meslek veya imam hatip lisesinde okuyan evlatlar\u0131m\u0131z\u0131n hi\u00e7 kimseden eksik kal\u0131r yan\u0131 ya da herhangi bir yetersizlikleri bulunmamaktad\u0131r. Ve ge\u00e7mi\u015fte ya\u015fanan haks\u0131zl\u0131klar\u0131n, adaletsizliklerin bizim a\u00e7\u0131m\u0131zdan me\u015fru hi\u00e7bir taraf\u0131 da g\u00f6r\u00fclmemektedir. D\u00fcz liselerde okuyanlar neyse, imam hatiplerde okuyan evlatlar\u0131m\u0131zda ayn\u0131 de\u011fer ve takdire lay\u0131kt\u0131r\u201d dedi.<\/p>\n<p style=\"text-align: justify;\">Bah\u00e7eli, \u201cBu nedenle yeni istismar alanlar\u0131 a\u00e7madan, AKP\u2019nin e\u011fitim politikas\u0131n\u0131 ve g\u00fcndeme ta\u015f\u0131d\u0131\u011f\u0131 \u00f6nerilerini g\u00f6zden ge\u00e7irmesinde ve yeniden de\u011ferlendirmeye tabi tutmas\u0131nda say\u0131s\u0131z yararlar ve hay\u0131rlar olaca\u011f\u0131 a\u015fik\u00e2rd\u0131r\u201d de\u011ferlendirmesinde bulundu.(anka)<\/p>\n<p style=\"text-align: justify;\"><a href=\"http:\/\/www.radikal.com.tr\/Radikal.aspx?aType=RadikalDetayV3&amp;ArticleID=1080158&amp;CategoryID=78\" target=\"_blank\">Kaynak : Radikal.com.tr<\/a><\/p>\n","protected":false},"excerpt":{"rendered":"<p style=\"text-align: center;\">\n<p style=\"text-align: justify;\">MHP Genel Ba\u015fkan\u0131 Devlet Bah\u00e7eli, &#8220;AKP&#8217;nin bir 28 \u015eubat yap\u0131m\u0131, klasi\u011fi, s\u00fcr\u00fcm\u00fc ve imalat\u0131 oldu\u011funu \u015f\u00fcpheye yer b\u0131rakmayacak kadar net ve berrakt\u0131r&#8221; dedi.<\/p>\n<p style=\"text-align: justify;\">ANKARA &#8211; MHP lideri Bah\u00e7eli partisinin Meclis\u2019teki grup toplant\u0131s\u0131nda g\u00fcndemdeki konular\u0131 de\u011ferlendirdi. T\u00fcrkiye\u2019de belirli periyotlarla demokrasi d\u0131\u015f\u0131 m\u00fcdahalelerin sanc\u0131lar\u0131na ve tahribatlar\u0131na maruz kald\u0131\u011f\u0131n\u0131, silahlar\u0131n g\u00f6lgesi <\/p>\n","protected":false},"author":1,"featured_media":0,"comment_status":"open","ping_status":"open","sticky":false,"template":"","format":"standard","meta":{"footnotes":""},"categories":[105],"tags":[],"class_list":["post-49058","post","type-post","status-publish","format-standard","hentry","category-gundem","odd"],"_links":{"self":[{"href":"http:\/\/www.korhanyilmaz.com\/index.php?rest_route=\/wp\/v2\/posts\/49058","targetHints":{"allow":["GET"]}}],"collection":[{"href":"http:\/\/www.korhanyilmaz.com\/index.php?rest_route=\/wp\/v2\/posts"}],"about":[{"href":"http:\/\/www.korhanyilmaz.com\/index.php?rest_route=\/wp\/v2\/types\/post"}],"author":[{"embeddable":true,"href":"http:\/\/www.korhanyilmaz.com\/index.php?rest_route=\/wp\/v2\/users\/1"}],"replies":[{"embeddable":true,"href":"http:\/\/www.korhanyilmaz.com\/index.php?rest_route=%2Fwp%2Fv2%2Fcomments&post=49058"}],"version-history":[{"count":0,"href":"http:\/\/www.korhanyilmaz.com\/index.php?rest_route=\/wp\/v2\/posts\/49058\/revisions"}],"wp:attachment":[{"href":"http:\/\/www.korhanyilmaz.com\/index.php?rest_route=%2Fwp%2Fv2%2Fmedia&parent=49058"}],"wp:term":[{"taxonomy":"category","embeddable":true,"href":"http:\/\/www.korhanyilmaz.com\/index.php?rest_route=%2Fwp%2Fv2%2Fcategories&post=49058"},{"taxonomy":"post_tag","embeddable":true,"href":"http:\/\/www.korhanyilmaz.com\/index.php?rest_route=%2Fwp%2Fv2%2Ftags&post=49058"}],"curies":[{"name":"wp","href":"https:\/\/api.w.org\/{rel}","templated":true}]}}