{"id":49052,"date":"2012-02-27T11:29:05","date_gmt":"2012-02-27T09:29:05","guid":{"rendered":"http:\/\/www.korhanyilmaz.com\/?p=49052"},"modified":"2012-02-28T00:51:40","modified_gmt":"2012-02-27T22:51:40","slug":"chpde-2-olaganustu-kurultay","status":"publish","type":"post","link":"http:\/\/www.korhanyilmaz.com\/?p=49052","title":{"rendered":"CHP&#8217;de 2. Ola\u011fan\u00fcst\u00fc Kurultay"},"content":{"rendered":"<p style=\"text-align: center;\"><a href=\"http:\/\/www.korhanyilmaz.com\/wp-content\/uploads\/2012\/02\/9031.jpg\"  class=\"lightview\"><img loading=\"lazy\" decoding=\"async\" class=\"aligncenter  wp-image-49053\" src=\"http:\/\/www.korhanyilmaz.com\/wp-content\/uploads\/2012\/02\/9031.jpg\" alt=\"\" width=\"320\" height=\"214\" \/><\/a><\/p>\n<p style=\"text-align: justify;\">&#8220;Kurultaylar partisi&#8221; olarak an\u0131lan CHP&#8217;de, iki g\u00fcn \u00fcst \u00fcste, ikinci ola\u011fan\u00fcst\u00fc kurultay yap\u0131l\u0131yor.<\/p>\n<p style=\"text-align: justify;\">CHP&#8217;nin bu hafta i\u00e7indeki ikinci ola\u011fan\u00fcst\u00fc kurultay\u0131, CHP Lideri Kemal K\u0131l\u0131\u00e7daro\u011flu taraf\u0131ndan resmen a\u00e7\u0131ld\u0131. K\u0131l\u0131\u00e7daro\u011flu, k\u00fcrs\u00fcden &#8216;Delege \u00e7o\u011funlu\u011fumuz tamam. Kurultay\u0131m\u0131z\u0131 a\u00e7\u0131yorum&#8217; diyerek, a\u00e7\u0131l\u0131\u015f\u0131 ger\u00e7ekle\u015ftirdi. Divan Ba\u015fkan\u0131 olarak da, yine d\u00fcn oldu\u011fu gibi, Adnan Keskin se\u00e7ildi. Keskin, CHP&#8217;nin bug\u00fcnk\u00fc kurultay\u0131na 1247 delegenin 1031&#8217;\u00fcn\u00fcn kat\u0131ld\u0131\u011f\u0131n\u0131 resmen a\u00e7\u0131klad\u0131.K\u00fcrs\u00fcye \u00e7\u0131kan Mersin Milletvekili \u0130sa G\u00f6k ise d\u00fcn yap\u0131lan kurultayda ya\u015fanan olaylara de\u011findi ve &#8220;bana lin\u00e7 giri\u015fimi yap\u0131ld\u0131&#8221; dedi.\u00a0<!--more--><\/p>\n<p style=\"text-align: justify;\">CHP lideri Kemal K\u0131l\u0131\u00e7daro\u011flu\u2019nun ikinci ola\u011fan\u00fcst\u00fc kurultayda yapt\u0131\u011f\u0131 konu\u015fman\u0131n ard\u0131ndan k\u00fcrs\u00fcye d\u00fcn yaka pa\u00e7a salonun d\u0131\u015f\u0131na \u00e7\u0131kar\u0131lan CHP\u2019li \u0130sa G\u00f6k geldi. \u0130\u015fte \u0130sa G\u00f6k\u2019\u00fcn konu\u015fmalar\u0131:<\/p>\n<p style=\"text-align: justify;\">\u201cAtat\u00fcrk soyad\u0131 \u00f6zel bir kanunla verilmi\u015ftir. Konu\u015fmalarda sadece Mustafa Kemal deniyor. Ben genel ba\u015fkan\u0131ma Kemal dersem sayg\u0131s\u0131zl\u0131k olur. \u0130stirham\u0131m s\u00fcrekli olarak dikkat ediyorum t\u00fcm konu\u015fmalar\u0131n\u0131zda Mustafa kemal diyorsunuz. L\u00fctfen Mustafa Kemal Atat\u00fcrk diyelim.<\/p>\n<p style=\"text-align: justify;\"><strong>&#8220;\u00c7\u0130FTE KURULTAY \u015eIK OLMAMI\u015eTIR&#8221;<\/strong><\/p>\n<p style=\"text-align: justify;\">Bir t\u00fcz\u00fck s\u00f6z\u00fc verildi. Yaln\u0131z partiye de\u011fil t\u00fcm T\u00fcrkiye\u2019ye verdik bu s\u00f6z\u00fc. \u00dczerinden aylar ge\u00e7ti ama yerine getirilmedi. Ta ki 22 aral\u0131k tarihli Parti Meclisinde \u00f6nerge verene kadar.<\/p>\n<p style=\"text-align: justify;\">\u00c7ifte kurultay \u015f\u0131k olmam\u0131\u015ft\u0131r. Kurultaylar yap\u0131l\u0131r. Sol partilerde kurultaylar fikir f\u0131rt\u0131nas\u0131 \u015feklinde ge\u00e7er. Kurultaylardan korkmamak laz\u0131m. Garip bir durum var bizim kurultaylar\u0131m\u0131zda fikir tart\u0131\u015fmas\u0131na giremiyoruz.<\/p>\n<p style=\"text-align: justify;\">D\u00fcnk\u00fc kurultaya kimse huzur bozmaya gelmedi. Ben sadece partinin hukuki bir sorun ya\u015famamas\u0131 i\u00e7in uyar\u0131 \u00f6nergesi veriyorum. Kurultaylarda ba\u011f\u0131r\u0131\u015f \u00e7a\u011f\u0131r\u0131\u015f de\u011fil fikir masaya yat\u0131r\u0131lmal\u0131. Ben uyar\u0131y\u0131 yapmaya \u00e7al\u0131\u015f\u0131yorum. Ben partinin neferiyim. Ben ve arkada\u015flar\u0131m verilen her g\u00f6revi yapmaya \u00e7al\u0131\u015ft\u0131k.<\/p>\n<p style=\"text-align: justify;\"><strong>&#8220;L\u0130N\u00c7 G\u0130R\u0130\u015e\u0130M\u0130 VAR&#8221;<\/strong><\/p>\n<p style=\"text-align: justify;\">Benim talebi neydi, hukuku dolanmayal\u0131m, parti hukuki tart\u0131\u015fma i\u00e7ine girmesin. Ama \u00f6nergemi veremedi\u011fim gibi sald\u0131r\u0131 ba\u015flad\u0131. Asla genel ba\u015fkan\u0131m\u0131z konu\u015fma yaparken onu kesmek gibi bir \u015fey demedim. Sald\u0131r\u0131ya bak\u0131n diye ba\u011f\u0131r\u0131yorum ama bak\u0131lmad\u0131. Bir lin\u00e7 giri\u015fimi var. Daha sonra TV programlar\u0131nda e\u015fime kadar laflar gitmi\u015f.\u201d<\/p>\n<p style=\"text-align: justify;\"><strong>\u0130K\u0130NC\u0130 OLA\u011eAN\u00dcST\u00dc KURULTAY<\/strong><\/p>\n<p style=\"text-align: justify;\">\u201cKurultaylar partisi\u201d olarak an\u0131lan CHP\u2019de, iki g\u00fcn \u00fcst \u00fcste, ikinci ola\u011fan\u00fcst\u00fc kurultay.D\u00fcn Arena\u2019da ger\u00e7ekle\u015fen kurultay, Genel Merkez\u2019in \u00e7a\u011fr\u0131s\u0131yla, g\u00fcndemini bizzat Genel Ba\u015fkan Kemal K\u0131l\u0131\u00e7daro\u011flu\u2019nun haz\u0131rlad\u0131\u011f\u0131 kurultayd\u0131.<\/p>\n<p style=\"text-align: justify;\">Bu kez, muhaliflerin toplad\u0131klar\u0131 imzalar sonucu, g\u00fcndemi de muhalifler taraf\u0131ndan belirlenmi\u015f ikinci kurultay yap\u0131l\u0131yor.<\/p>\n<p style=\"text-align: justify;\">\u0130lk kurultay g\u00f6rkemliydi; delegeler, binlerce izleyici, y\u00fczlerce gazeteci.<\/p>\n<p style=\"text-align: justify;\">Ahmet Taner K\u0131\u015flal\u0131 Spor Kompleksi\u2019nde ger\u00e7ekle\u015fen bu ikinci kurultay ise daha m\u00fctevaz\u0131.<\/p>\n<p style=\"text-align: justify;\">Bir kere izleyici yok salonda. Sadece delegeler ve parti g\u00f6revlileri.<\/p>\n<p style=\"text-align: justify;\">Kurultay\u0131 bas\u0131n da izliyor; Ancak kamera yok. Nitekim bas\u0131n mensuplar\u0131 daha kurultay salonu giri\u015finde tek tek aran\u0131yorlar. \u00c7antalar\u0131nda kamera olup olmad\u0131\u011f\u0131na bak\u0131l\u0131yor.<\/p>\n<p style=\"text-align: justify;\"><strong>KILI\u00c7DARO\u011eLU KURULTAYI A\u00c7TI<\/strong><\/p>\n<p style=\"text-align: justify;\">CHP&#8217;nin bu hafta i\u00e7indeki ikinci ola\u011fan\u00fcst\u00fc kurultay\u0131, CHP Lideri Kemal K\u0131l\u0131\u00e7daro\u011flu taraf\u0131ndan resmen a\u00e7\u0131ld\u0131. K\u0131l\u0131\u00e7daro\u011flu, k\u00fcrs\u00fcden &#8216;Delege \u00e7o\u011funlu\u011fumuz tamam. Kurultay\u0131m\u0131z\u0131 a\u00e7\u0131yorum&#8217; diyerek, a\u00e7\u0131l\u0131\u015f\u0131 ger\u00e7ekle\u015ftirdi.<\/p>\n<p style=\"text-align: justify;\"><strong>KILI\u00c7DARO\u011eLU: GE\u00c7M\u0130\u015e T\u00dcZ\u00dc\u011e\u00dc BEN YAPMADIM<\/strong><\/p>\n<p style=\"text-align: justify;\">CHP Genel Ba\u015fkan\u0131 Kemal K\u0131l\u0131\u00e7daro\u011flu, daha \u00f6nceki t\u00fcz\u00fc\u011f\u00fc kendisinin yapmad\u0131\u011f\u0131n\u0131 belirterek, \u201cGe\u00e7mi\u015f t\u00fcz\u00fck, ge\u00e7mi\u015fte yap\u0131lm\u0131\u015ft\u0131 ama biz ge\u00e7mi\u015fe de\u011fil, ge\u00e7mi\u015ften ders alarak, gelece\u011fe bakaca\u011f\u0131z\u201d dedi.<\/p>\n<p style=\"text-align: justify;\">K\u0131l\u0131\u00e7daro\u011flu, partisinin 17. Ola\u011fan\u00fcst\u00fc Kurultay\u0131&#8217;nda yapt\u0131\u011f\u0131 kapan\u0131\u015f konu\u015fmas\u0131nda, CHP&#8217;nin her iki kurultay\u0131n\u0131n toplanmas\u0131na vesile 362 delegenin CHP&#8217;li olmalar\u0131ndan en ufak bir endi\u015fesinin olmad\u0131\u011f\u0131n\u0131 vurgulad\u0131. T\u00fcz\u00fck kurultay\u0131ndaki oylamalarda \u201cevet\u201d ya da \u201chay\u0131r\u201d diyenlerin CHP&#8217;lili\u011finden de endi\u015fe duymad\u0131\u011f\u0131n\u0131 ifade eden K\u0131l\u0131\u00e7daro\u011flu, \u015f\u00f6yle konu\u015ftu:<\/p>\n<p style=\"text-align: justify;\">\u201cElbette ki ele\u015ftiriler olacakt\u0131r. Sayg\u0131 \u00f6l\u00e7\u00fcs\u00fc i\u00e7inde b\u00fct\u00fcn ele\u015ftiriler benim ba\u015f\u0131m\u0131n \u00fcst\u00fcndedir. Herkese sayg\u0131 duyaca\u011f\u0131m, herkesi seviyorum, herkese inan\u0131yorum ama bir \u015fey var; biz bir \u00f6rg\u00fct\u00fcz. K\u00f6kleri tarihin derinliklerinde olan bir \u00e7\u0131nar\u0131z biz. O \u00e7\u0131nar\u0131n g\u00f6rkemli dallar\u0131 var, o \u00e7\u0131nar\u0131n tomurcuklar\u0131 var. Gen\u00e7ler, o \u00e7\u0131nar\u0131n tomurcuklar\u0131. Dallar\u0131, g\u00f6vdeleri, genel ba\u015fkanlar, kurultay delegelerimiz, milletvekillerimizdir, Kad\u0131n Kollar\u0131, Gen\u00e7lik Kollar\u0131 ba\u015fkanlar\u0131m\u0131zd\u0131r. Biz bir ulu \u00e7\u0131nar\u0131z. O \u00e7\u0131nar\u0131n dallar\u0131, k\u00f6kleri, T\u00fcrkiye Cumhuriyeti&#8217;nin b\u00fct\u00fcn co\u011frafyas\u0131nda vard\u0131r. Hi\u00e7 kimseyi \u00f6tekile\u015ftirmeden herkesin ele\u015ftirilerini b\u00fcy\u00fck bir dikkatle okudu\u011fumu da beni ele\u015ftiren arkada\u015flar\u0131m\u0131n bilmesini \u00f6zellikle isterim.<\/p>\n<p style=\"text-align: justify;\">Bu kurultay\u0131m\u0131z\u0131n da g\u00fczel ge\u00e7mesinden, sa\u011fl\u0131kl\u0131 bir tart\u0131\u015fma ortam\u0131nda ger\u00e7ekle\u015fmesinden son derece mutlu oldu\u011fumu da bilinmesini isterim.\u201d<\/p>\n<p style=\"text-align: justify;\"><strong>\u201cCHP, \u00c7A\u011eDA\u015e B\u0130R SOSYAL DEMOKRAT PART\u0130 OLACAKTIR\u201d<\/strong><\/p>\n<p style=\"text-align: justify;\">K\u0131l\u0131\u00e7daro\u011flu, kurultay\u0131 y\u00f6neten Divan Ba\u015fkanl\u0131\u011f\u0131&#8217;na da te\u015fekk\u00fcr ederek, \u201cHi\u00e7 kimsenin endi\u015fesi olmas\u0131n CHP, halk\u0131n partisi olacakt\u0131r. CHP, \u00e7a\u011fda\u015f bir sosyal demokrat parti olacakt\u0131r\u201d dedi.<\/p>\n<p style=\"text-align: justify;\">Daha \u00f6nce t\u00fcz\u00fc\u011f\u00fc kendisinin yapmad\u0131\u011f\u0131n\u0131 belirten K\u0131l\u0131\u00e7daro\u011flu, s\u00f6zlerini \u015f\u00f6yle tamamlad\u0131:<\/p>\n<p style=\"text-align: justify;\">\u201cGe\u00e7mi\u015f t\u00fcz\u00fck, ge\u00e7mi\u015fte yap\u0131lm\u0131\u015ft\u0131 ama biz ge\u00e7mi\u015fe de\u011fil, ge\u00e7mi\u015ften ders alarak, gelece\u011fe bakaca\u011f\u0131z. Hedefimiz gelecek, hedefimiz CHP&#8217;nin iktidar olmas\u0131 i\u00e7in \u00e7al\u0131\u015fmak. Herkese d\u00fc\u015fen g\u00f6rev var. Bana da her CHP&#8217;liye de g\u00f6rev d\u00fc\u015f\u00fcyor. Her CHP&#8217;ye sempati duyan yurtta\u015f\u0131m\u0131za da d\u00fc\u015f\u00fcyor. Beraber \u00e7al\u0131\u015faca\u011f\u0131z, T\u00fcrkiye&#8217;nin ayd\u0131nl\u0131\u011f\u0131 i\u00e7in. Ayd\u0131nl\u0131k gelecek i\u00e7in \u00e7ocuklar\u0131m\u0131z i\u00e7in gen\u00e7lerimiz, kad\u0131nlar\u0131m\u0131z, \u00e7a\u011fda\u015f T\u00fcrkiye i\u00e7in \u00e7al\u0131\u015faca\u011f\u0131z. Umudumuz budur, yolumuz budur. Bu yolda herkese ba\u015far\u0131lar diliyorum. Yolunuz a\u00e7\u0131k olsun\u201d<\/p>\n<p style=\"text-align: justify;\">Konu\u015fmalar\u0131n ard\u0131ndan kurultay \u00e7al\u0131\u015fmalar\u0131n tamamlad\u0131.(aa)<\/p>\n<p style=\"text-align: justify;\"><strong>DELEGELERE D\u00d6RT KEZ \u00c7A\u011eRI<\/strong><\/p>\n<p style=\"text-align: justify;\">Yasa gere\u011fi, CHP\u2019nin mutlaka bu kurultay\u0131 da yapmas\u0131 gerekiyor. Genel Merkez bu \u00fc\u00e7\u00fcnc\u00fc kurultay\u0131 engellemek i\u00e7in de harekete ge\u00e7ti. Bizzat Genel Ba\u015fkan Kemal K\u0131l\u0131\u00e7daro\u011flu imzas\u0131yla bu sabahtan itibaren CHP delegelerine d\u00f6rt ayr\u0131 SMS mesaj\u0131 at\u0131ld\u0131 ve delegeler kurultaya kat\u0131lmaya \u00e7a\u011fr\u0131ld\u0131.<\/p>\n<p style=\"text-align: justify;\"><strong>CHP&#8217;DE HUKUK\u00c7ULAR SAVA\u015eI<\/strong><\/p>\n<p style=\"text-align: justify;\">CHP&#8217;nin bug\u00fcn yap\u0131lan ikinci kurultay\u0131, tam anlam\u0131yla &#8220;hukuk\u00e7ular sava\u015f\u0131&#8221;na d\u00f6n\u00fc\u015ft\u00fc.<\/p>\n<p style=\"text-align: justify;\">Muhaliflerin sesi olarak, hukuk\u00e7u k\u00f6kenli Mersin Milletvekili \u0130sa G\u00f6k konu\u015furken, ona yan\u0131t\u0131 yine hukuk\u00e7u k\u00f6kenli, her iki kurultay\u0131n da divan ba\u015fkan\u0131 olan Adnan Keskin verdi.<\/p>\n<p style=\"text-align: justify;\">Tart\u0131\u015fma konusu ise, kurultay toplamak i\u00e7in yeterli delege say\u0131s\u0131n\u0131n ka\u00e7 oldu\u011fu y\u00f6n\u00fcndeydi. Muhalifler, kurultay\u0131 toplamak i\u00e7in delege say\u0131s\u0131n\u0131n \u00fc\u00e7te ikisinin haz\u0131r bulunmas\u0131 gerekti\u011fini savunurken, Keskin salt \u00e7o\u011funlu\u011fun yeterli oldu\u011funu vurgulad\u0131.<\/p>\n<p style=\"text-align: justify;\">Ancak salt \u00e7o\u011funluk yeterli olmas\u0131na ra\u011fmen, d\u00fcnk\u00fc kurultayda hazirun cetvelini imzalayan delegelerin say\u0131s\u0131n\u0131n \u00fc\u00e7te iki oran\u0131n\u0131n \u00fczerine \u00e7\u0131kt\u0131\u011f\u0131n\u0131 vurgulayan Keskin, &#8220;D\u00fcnk\u00fc toplant\u0131n\u0131n nisab\u0131, Say\u0131n G\u00f6k&#8217;\u00fcn istedi\u011fi rakam\u0131n da \u00fcst\u00fcndedir&#8221; dedi.<\/p>\n<p style=\"text-align: justify;\"><strong>G\u00dcRSEL TEK\u0130N: DELEGELER\u0130N KARARLARINA HEP\u0130M\u0130Z SAYGILI OLACA\u011eIZ<\/strong><\/p>\n<p style=\"text-align: justify;\">Tekin, 17. Ola\u011fan\u00fcst\u00fc Kurultay\u0131&#8217;n\u0131n yap\u0131ld\u0131\u011f\u0131 salondan ayr\u0131l\u0131\u015f\u0131nda gazetecilere a\u00e7\u0131klamalarda bulundu, sorular\u0131 yan\u0131tlad\u0131. Tekin, d\u00fcn ve bug\u00fcn ger\u00e7ekle\u015ftirilen ola\u011fan\u00fcst\u00fc kurultaylara ili\u015fkin de\u011ferlendirmesinde, \u201cSadece bize de\u011fil, ayn\u0131 zamanda CHP camias\u0131na ve T\u00fcrkiye&#8217;ye hay\u0131rl\u0131 olsun. Bu t\u00fcz\u00fck kurultay\u0131, sadece CHP i\u00e7in yap\u0131lm\u0131\u015f de\u011fil ayn\u0131 zamanda b\u00fct\u00fcn siyasi partilerin \u00f6rnek al\u0131p, parti i\u00e7i demokrasiyi i\u015fletmesi gerekiyor\u201d dedi.<\/p>\n<p style=\"text-align: justify;\"><strong>CHP\u2019DE TARTI\u015eMALAR KES\u0130NL\u0130KLE B\u0130TM\u0130\u015eT\u0130R<\/strong><\/p>\n<p style=\"text-align: justify;\">\u201cCHP&#8217;de tart\u0131\u015fmalar bitti mi?\u201d y\u00f6n\u00fcndeki soru \u00fczerine de Tekin, \u201cKesinlikle bitmi\u015ftir. Yani tart\u0131\u015fmalar\u0131n, ayr\u0131\u015fmalar\u0131n karar\u0131n\u0131 verebilecek en \u00f6nemli irade, partinin delegesidir. Kurultay delegesi \u00f6nemli mekanizmalardan se\u00e7ile se\u00e7ile geliyor. Partinin as\u0131l sahipleri delegeler. Bu iki g\u00fcnd\u00fcr arkada\u015flar\u0131m\u0131z\u0131n vermi\u015f oldu\u011fu karara hepimiz sayg\u0131l\u0131 olaca\u011f\u0131z\u201d ifadelerini kulland\u0131.<\/p>\n<p style=\"text-align: justify;\"><strong>BAYKAL: SADECE HAYIRLI OLSUN D\u0130YORUM<\/strong><\/p>\n<p style=\"text-align: justify;\">Kurultaylar \u00f6ncesinde, mevcut y\u00f6netime \u00fcst\u00fc kapal\u0131 mesajlar g\u00f6nderen, t\u00fcz\u00fck konusunda Kemal K\u0131l\u0131\u00e7daro\u011flu ile t\u00fcz\u00fck hakk\u0131nda telefonda g\u00f6r\u00fc\u015fen CHP Eski Genel Ba\u015fkan\u0131 Deniz Baykal, ikinci kurultay\u0131n da K\u0131l\u0131\u00e7daro\u011flu\u2019nun zaferiyle sonu\u00e7lanmas\u0131n\u0131n ard\u0131ndan, \u2018de\u011ferlendirme yapmak istemiyorum, sadece hay\u0131rl\u0131 olsun, diyorum\u2019 demekle yetindi.<\/p>\n<p style=\"text-align: justify;\"><strong>&#8220;\u0130K\u0130NC\u0130 RAUNDA&#8221; 1031 DELEGE KATILDI<\/strong><\/p>\n<p style=\"text-align: justify;\">Keskin, CHP&#8217;nin bug\u00fcnk\u00fc kurultay\u0131na da 1247 delegenin 1031&#8217;\u00fcn\u00fcn kat\u0131ld\u0131\u011f\u0131n\u0131 resmen a\u00e7\u0131klad\u0131. Muhaliflerin d\u00fcnk\u00fc kurultay\u0131n ard\u0131ndan noter \u00e7a\u011f\u0131r\u0131p, bas\u0131na &#8220;yeterli say\u0131 bulunmadan kurultay toplad\u0131lar&#8221; a\u00e7\u0131klamalar\u0131n\u0131 da ele\u015ftiren Divan Ba\u015fkan\u0131 Keskin, &#8220;A\u00e7\u0131klad\u0131\u011f\u0131m rakamlardan rahats\u0131zl\u0131k duyanlar varsa, d\u0131\u015far\u0131ya \u00e7\u0131k\u0131p bas\u0131na a\u00e7\u0131klama yapacaklar\u0131na, hazirun cetvelleri burada haz\u0131rd\u0131r. Onlar\u0131n g\u00f6r\u00fc\u015flerine sunuyorum&#8221; diye konu\u015ftu.<\/p>\n<p style=\"text-align: justify;\"><strong>SAVCI SAYAN&#8217;IN GEL\u0130\u015e\u0130 SIRASINDA ARBEDE<\/strong><\/p>\n<p style=\"text-align: justify;\">Bu arada, Kurultay&#8217;\u0131n yap\u0131laca\u011f\u0131 salonun giri\u015finde, delegeler d\u0131\u015f\u0131ndaki parti \u00fcyelerinin salona al\u0131nmamas\u0131 nedeniyle arbede ya\u015fan\u0131yor.<\/p>\n<p style=\"text-align: justify;\">CHP&#8217;nin eski Parti Meclisi (PM) ve Merkez Y\u00f6netim Kurulu (MYK) \u00fcyesi Savc\u0131 Sayan&#8217;\u0131n, kurultay salonuna geli\u015finde arbede ya\u015fand\u0131.<\/p>\n<p style=\"text-align: justify;\">Savc\u0131 Sayan, kurultay\u0131n yap\u0131ld\u0131\u011f\u0131 salona korumas\u0131 oldu\u011funu s\u00f6yledi\u011fi baz\u0131 ki\u015filerle birlikte girmek istedi. Polis ve baz\u0131 partililerin engeliyle kar\u015f\u0131la\u015fan Sayan, \u201c\u0130sa G\u00f6k&#8217;\u00fcn ak\u0131betini ya\u015famak istemiyorum. Bunlar benim arkada\u015flar\u0131m\u201d diyerek korumas\u0131 oldu\u011funu s\u00f6yledi\u011fi ki\u015filerle salona girmekte \u0131srar edince arbede ya\u015fand\u0131.<\/p>\n<p style=\"text-align: justify;\">Bunun \u00fczerine parti g\u00f6revlileri salona sadece delegelerin girebilece\u011fini belirterek, Sayan&#8217;\u0131n korumas\u0131 oldu\u011funu s\u00f6yledi\u011fi ki\u015filere engel oldu. Daha sonra Sayan, tek ba\u015f\u0131na salona girdi. Baz\u0131 delegeler, Sayan&#8217;a \u201cprovokat\u00f6r\u201d diye ba\u011f\u0131rarak tepki g\u00f6sterdi.<\/p>\n<p style=\"text-align: justify;\">Arbede s\u0131ras\u0131nda Sayan&#8217;\u0131n korumas\u0131 oldu\u011fu s\u00f6ylenenlerden biri, tartakland\u0131. Sayan&#8217;\u0131n salona giri\u015finin ard\u0131ndan polis, s\u00f6z konusu ki\u015fileri salonun bah\u00e7esinin d\u0131\u015far\u0131s\u0131na \u00e7\u0131kard\u0131.<\/p>\n<p style=\"text-align: justify;\"><a href=\"http:\/\/www.radikal.com.tr\/Radikal.aspx?aType=RadikalDetayV3&amp;ArticleID=1080038&amp;CategoryID=78\" target=\"_blank\">Kaynak : Radikal.com.tr<\/a><\/p>\n","protected":false},"excerpt":{"rendered":"<p style=\"text-align: center;\">\n<p style=\"text-align: justify;\">&#8220;Kurultaylar partisi&#8221; olarak an\u0131lan CHP&#8217;de, iki g\u00fcn \u00fcst \u00fcste, ikinci ola\u011fan\u00fcst\u00fc kurultay yap\u0131l\u0131yor.<\/p>\n<p style=\"text-align: justify;\">CHP&#8217;nin bu hafta i\u00e7indeki ikinci ola\u011fan\u00fcst\u00fc kurultay\u0131, CHP Lideri Kemal K\u0131l\u0131\u00e7daro\u011flu taraf\u0131ndan resmen a\u00e7\u0131ld\u0131. K\u0131l\u0131\u00e7daro\u011flu, k\u00fcrs\u00fcden &#8216;Delege \u00e7o\u011funlu\u011fumuz tamam. Kurultay\u0131m\u0131z\u0131 a\u00e7\u0131yorum&#8217; diyerek, a\u00e7\u0131l\u0131\u015f\u0131 ger\u00e7ekle\u015ftirdi. Divan Ba\u015fkan\u0131 olarak da, yine d\u00fcn oldu\u011fu gibi, Adnan Keskin se\u00e7ildi. <\/p>\n","protected":false},"author":1,"featured_media":0,"comment_status":"open","ping_status":"open","sticky":false,"template":"","format":"standard","meta":{"footnotes":""},"categories":[105],"tags":[],"class_list":["post-49052","post","type-post","status-publish","format-standard","hentry","category-gundem","odd"],"_links":{"self":[{"href":"http:\/\/www.korhanyilmaz.com\/index.php?rest_route=\/wp\/v2\/posts\/49052","targetHints":{"allow":["GET"]}}],"collection":[{"href":"http:\/\/www.korhanyilmaz.com\/index.php?rest_route=\/wp\/v2\/posts"}],"about":[{"href":"http:\/\/www.korhanyilmaz.com\/index.php?rest_route=\/wp\/v2\/types\/post"}],"author":[{"embeddable":true,"href":"http:\/\/www.korhanyilmaz.com\/index.php?rest_route=\/wp\/v2\/users\/1"}],"replies":[{"embeddable":true,"href":"http:\/\/www.korhanyilmaz.com\/index.php?rest_route=%2Fwp%2Fv2%2Fcomments&post=49052"}],"version-history":[{"count":0,"href":"http:\/\/www.korhanyilmaz.com\/index.php?rest_route=\/wp\/v2\/posts\/49052\/revisions"}],"wp:attachment":[{"href":"http:\/\/www.korhanyilmaz.com\/index.php?rest_route=%2Fwp%2Fv2%2Fmedia&parent=49052"}],"wp:term":[{"taxonomy":"category","embeddable":true,"href":"http:\/\/www.korhanyilmaz.com\/index.php?rest_route=%2Fwp%2Fv2%2Fcategories&post=49052"},{"taxonomy":"post_tag","embeddable":true,"href":"http:\/\/www.korhanyilmaz.com\/index.php?rest_route=%2Fwp%2Fv2%2Ftags&post=49052"}],"curies":[{"name":"wp","href":"https:\/\/api.w.org\/{rel}","templated":true}]}}