{"id":4905,"date":"2009-03-12T13:59:42","date_gmt":"2009-03-12T11:59:42","guid":{"rendered":"http:\/\/www.korhanyilmaz.com\/?p=4905"},"modified":"2009-03-12T13:59:42","modified_gmt":"2009-03-12T11:59:42","slug":"ap-turkiye-raporunu-onayladi","status":"publish","type":"post","link":"http:\/\/www.korhanyilmaz.com\/?p=4905","title":{"rendered":"AP T\u00fcrkiye raporunu onaylad\u0131!"},"content":{"rendered":"<p><img loading=\"lazy\" decoding=\"async\" class=\"aligncenter size-full wp-image-4906\" title=\"AP T\u00fcrkiye raporunu onaylad\u0131! \" src=\"http:\/\/www.korhanyilmaz.com\/wp-content\/uploads\/2009\/03\/120320091356334601436.jpg\" alt=\"AP T\u00fcrkiye raporunu onaylad\u0131! \" width=\"320\" height=\"100\" \/><\/p>\n<p style=\"text-align: justify;\">\n<p style=\"text-align: justify;\"><strong>Avrupa Parlamentosu genel kurulu, Hollandal\u0131 parlamenter Ria Oomen-Ruijten taraf\u0131ndan kaleme al\u0131nan T\u00fcrkiye raporunu tart\u0131\u015ft\u0131, T\u00fcrkiye&#8217;ye &#8220;reformlar\u0131 h\u0131zland\u0131r\u0131n&#8221; \u00e7a\u011fr\u0131s\u0131 yapt\u0131. Rapor, bug\u00fcn genel kurulda onayland\u0131.<\/strong><\/p>\n<p style=\"text-align: justify;\">Raporda, en \u00e7ok \u00f6ne \u00e7\u0131kan noktan\u0131n reformlar\u0131n yava\u015flamas\u0131ndan duyulan endi\u015fe oldu\u011fu belirtildi.<\/p>\n<p style=\"text-align: justify;\">Anayasa uzla\u015fmas\u0131 i\u00e7in siyasi parti liderlerine \u00e7a\u011fr\u0131 yap\u0131lan raporda, Ergenekon davas\u0131n\u0131n ba\u015flamas\u0131ndan da memnuniyet duyuldu\u011fu ifade edildi ve yetkililerin soru\u015fturmas\u0131 gerekti\u011fine dikkat \u00e7ekildi.<!--more--><\/p>\n<p style=\"text-align: justify;\">Raporda, Cumhurba\u015fkan\u0131 Abdullah G\u00fcl&#8217;\u00fcn Ermenistan ziyaretinin de memnunlukla kar\u015f\u0131land\u0131\u011f\u0131 ifade edildi, Ermeni tezlerine ise yer verilmedi.<\/p>\n<p style=\"text-align: justify;\">Rapor da vurgulanan bir di\u011fer nokta da T\u00fcrk askerinin K\u0131br\u0131s&#8217;tan \u00e7ekilmesi gerekti\u011fi oldu.<\/p>\n<p style=\"text-align: justify;\">Deniz Feneri davas\u0131na da yer verilen raporda ayr\u0131ca, &#8220;DTP- PPK ile aras\u0131na mesafe koymal\u0131&#8221; denildi.<\/p>\n<p style=\"text-align: justify;\">Tart\u0131\u015fmalar&#8230;<\/p>\n<p style=\"text-align: justify;\">Raporun tart\u0131\u015f\u0131lmas\u0131 s\u0131ras\u0131nda s\u00f6z alan parlamenterlerin \u00f6nemli bir k\u0131sm\u0131, tam \u00fcyelik m\u00fczakerelerini h\u0131zlanmas\u0131 i\u00e7in T\u00fcrkiye&#8217;ye reformlar\u0131n h\u0131zland\u0131r\u0131lmas\u0131 \u00e7a\u011fr\u0131s\u0131 yapt\u0131.<\/p>\n<p style=\"text-align: justify;\">\u0130fade \u00f6zg\u00fcrl\u00fc\u011f\u00fc, bas\u0131n \u00f6zg\u00fcrl\u00fc\u011f\u00fcn\u00fcn geli\u015ftirilmesi ve k\u00f6t\u00fc muamelenin tamamen giderilmesi konusunda ad\u0131mlar at\u0131lmas\u0131n\u0131 isteyen parlamenter, K\u00fcrt\u00e7e televizyon kanal\u0131n\u0131n a\u00e7\u0131lmas\u0131, Ermenistan ile ili\u015fkilerin geli\u015ftirilmesinden \u00f6vg\u00fcyle bahsettiler.<\/p>\n<p style=\"text-align: justify;\">T\u00fcrkiye&#8217;nin stratejik \u00f6nemi ve enerji hatlar\u0131 \u00fczerinde transit \u00fclke konumunda oldu\u011funu belirten parlamenterler, T\u00fcrkiye&#8217;den ge\u00e7ecek Nabucco projesinin AB i\u00e7in de hayati \u00f6nem ta\u015f\u0131d\u0131\u011f\u0131n\u0131 vurgulad\u0131lar.<\/p>\n<p style=\"text-align: justify;\">Tart\u0131\u015fma s\u0131ras\u0131nda s\u00f6z alan T\u00fcrkiye aleyhtar\u0131 k\u00fc\u00e7\u00fck az\u0131nl\u0131kta bir grup parlamenter ise co\u011frafi a\u00e7\u0131dan Avrupal\u0131 olmad\u0131\u011f\u0131, M\u00fcsl\u00fcman oldu\u011fu ve AB ekonomisine b\u00fcy\u00fck y\u00fck getirece\u011fi gerek\u00e7esiyle T\u00fcrkiye&#8217;nin AB \u00fcyesi olamayaca\u011f\u0131na dair konu\u015fmalar yapt\u0131lar.<\/p>\n<p style=\"text-align: justify;\"><strong>Raporun i\u00e7eri\u011fi<\/strong><\/p>\n<p style=\"text-align: justify;\">Genel kurulda oylanacak raporda, T\u00fcrkiye&#8217;nin AB reformlar\u0131nda son 3 y\u0131ld\u0131r devam eden yava\u015flamadan endi\u015fe duyuldu\u011fu belirtilerek, T\u00fcrk h\u00fck\u00fcmetinden &#8220;2005 y\u0131l\u0131nda taahh\u00fct etti\u011fi reform s\u00fcrecine devam konusunda siyasi iradesini ispatlamas\u0131&#8221; isteniyor.<\/p>\n<p style=\"text-align: justify;\">T\u00fcrk toplumunda ve \u00f6nde gelen siyasi partiler aras\u0131nda s\u00fcren kutupla\u015fman\u0131n 2008 y\u0131l\u0131nda daha da derinle\u015fti\u011fi savunulan raporda, bunun siyasi kurumlar\u0131n i\u015fleyi\u015fini ve reform s\u00fcrecinde ilerlemeyi olumsuz etkiledi\u011fi kaydediliyor.<\/p>\n<p style=\"text-align: justify;\">Siyasi parti liderlerine &#8220;ciddi \u015fekilde diyalog aramalar\u0131 ve uzla\u015fma ruhu i\u00e7inde T\u00fcrkiye&#8217;nin modernle\u015fmesi g\u00fcndemi \u00fczerinde uzla\u015fmalar\u0131&#8221; \u00e7a\u011fr\u0131s\u0131 yap\u0131lan taslak raporda, reformlar\u0131n &#8220;hukukun \u00fcst\u00fcnl\u00fc\u011f\u00fcne dayal\u0131, insan haklar\u0131na ve temel \u00f6zg\u00fcrl\u00fcklere ba\u011fl\u0131, istikrarl\u0131, demokratik, \u00e7o\u011fulcu ve m\u00fcreffeh bir toplum&#8221; hedefine y\u00f6nelik olmas\u0131 gere\u011fi vurgulan\u0131yor.<\/p>\n<p style=\"text-align: justify;\">Taslak raporda, &#8220;Daha \u00f6nceki kapsaml\u0131 Anayasa reformu \u00e7abalar\u0131n\u0131n ba\u015f\u00f6rt\u00fcs\u00fc tart\u0131\u015fmas\u0131yla son bulmas\u0131ndan ve toplumun daha fazla kutupla\u015fmas\u0131na yol a\u00e7mas\u0131ndan \u00fcz\u00fcnt\u00fc duyuyoruz. Temel \u00f6zg\u00fcrl\u00fckler ve insan haklar\u0131n\u0131n korunmas\u0131n\u0131 merkeze alacak yeni ve sivil anayasa \u00e7al\u0131\u015fmalar\u0131na yeniden ba\u015flamas\u0131 i\u00e7in h\u00fck\u00fcmete \u00e7a\u011fr\u0131 yap\u0131yoruz&#8221; deniliyor.<\/p>\n<p style=\"text-align: justify;\"><strong>Anayasa \u00e7al\u0131\u015fmalar\u0131<\/strong><\/p>\n<p style=\"text-align: justify;\">Yeni anayasa \u00e7al\u0131\u015fmalar\u0131na &#8220;etnik ve dini az\u0131nl\u0131klar dahil sivil toplumun ve siyasi partilerin de katk\u0131 yapmas\u0131&#8221; talep edilen taslak belgede, AK Parti ve DTP hakk\u0131nda a\u00e7\u0131lan kapatma davalar\u0131yla ilgili \u015fu ifadeye yer veriliyor:<\/p>\n<p style=\"text-align: justify;\">&#8220;2008 y\u0131l\u0131nda TBMM&#8217;deki iki partinin kapat\u0131lmas\u0131 istemiyle a\u00e7\u0131lan davalardan endi\u015fe ediyoruz. Siyasi partiler kanununun \u00f6ncelikli olarak de\u011fi\u015ftirilerek Avrupa \u0130nsan Haklar\u0131 Mahkemesi (A\u0130HM) kararlar\u0131 ve Avrupa Konseyi&#8217;nin Venedik Komisyonu \u00f6nerilerine b\u00fct\u00fcn\u00fcyle uyumlu hale getirilmesi gerekti\u011fini vurguluyoruz.&#8221;<\/p>\n<p style=\"text-align: justify;\"><strong>Ordu<\/strong><\/p>\n<p style=\"text-align: justify;\">Belgede, &#8220;Ordu \u00fczerinde tam sistematik sivil g\u00f6zetim sa\u011flanmas\u0131 konusunda ilerleme kaydedilememesinden&#8221; ve &#8220;TBMM&#8217;nin ordu ve savunma politikas\u0131n\u0131 denetlemesinin g\u00fc\u00e7lendirilememesinden&#8221; kayg\u0131 duyuldu\u011fu ifade ediliyor.<\/p>\n<p style=\"text-align: justify;\"><strong>Yarg\u0131<\/strong><\/p>\n<p style=\"text-align: justify;\">&#8220;Yarg\u0131 mensuplar\u0131n\u0131n siyasi tart\u0131\u015fmalara m\u00fcdahil olmamas\u0131n\u0131 g\u00fcvence alt\u0131na alarak, yarg\u0131n\u0131n tarafs\u0131zl\u0131\u011f\u0131n\u0131 ve mesleki yetkinli\u011fini g\u00fc\u00e7lendirecek sistematik \u00e7abalara acil ihtiya\u00e7 duyuldu\u011fu&#8221; vurgulanan belgede, h\u00fck\u00fcmetin yarg\u0131da reform \u00e7abalar\u0131n\u0131 s\u00fcrd\u00fcrmesinin \u00f6nemine i\u015faret ediliyor.<\/p>\n<p style=\"text-align: justify;\"><strong>Ergenekon davas\u0131<\/strong><\/p>\n<p style=\"text-align: justify;\">Taslak raporda, &#8220;Ergenekon su\u00e7 \u00f6rg\u00fct\u00fc san\u0131klar\u0131n\u0131n yarg\u0131lanmaya ba\u015flamas\u0131ndan memnuniyet duyuyoruz. \u00d6rg\u00fct\u00fcn devlet kurumlar\u0131na s\u0131zan uzant\u0131lar\u0131n\u0131n b\u00fct\u00fcn\u00fcyle ortaya \u00e7\u0131kar\u0131lmas\u0131 i\u00e7in, yetkilileri soru\u015fturmay\u0131 s\u00fcrd\u00fcrmeye te\u015fvik ediyoruz. San\u0131klara muameleyle ilgili (olumsuz) haberlerden endi\u015fe duyuyor, T\u00fcrk makamlar\u0131ndan san\u0131klara adil yarg\u0131lanma hakk\u0131 sunmalar\u0131n\u0131 ve hukukun \u00fcst\u00fcnl\u00fc\u011f\u00fc ilkelerine s\u0131k\u0131ca ba\u011fl\u0131 kalmalar\u0131n\u0131 istiyoruz&#8221; deniliyor.<\/p>\n<p style=\"text-align: justify;\">Komisyonda kabul edilen bir de\u011fi\u015fiklik \u00f6nergesiyle bu b\u00f6l\u00fcm\u00fcn sonuna, &#8220;Hrant Dink&#8217;in \u00f6ld\u00fcr\u00fclmesi gibi \u00e7\u00f6z\u00fcmlenemeyen davalar de\u011ferlendirilirken, Ergenekon&#8217;un bu t\u00fcr olaylarda rol\u00fc oldu\u011fu tezi daha \u00e7ok ciddiye al\u0131nmal\u0131d\u0131r&#8221; c\u00fcmlesi eklendi.<\/p>\n<p style=\"text-align: justify;\"><strong>PKK ter\u00f6r\u00fc &#8211; DTP<\/strong><\/p>\n<p style=\"text-align: justify;\">T\u00fcrkiye raporu tasla\u011f\u0131nda DTP&#8217;ye ve t\u00fcm se\u00e7ilmi\u015f parti \u00fcyelerine, &#8220;PKK ve ter\u00f6r eylemleriyle aralar\u0131na a\u00e7\u0131k\u00e7a mesafe koymalar\u0131&#8221; \u00e7a\u011fr\u0131s\u0131 da yap\u0131l\u0131yor.<\/p>\n<p style=\"text-align: justify;\">AP D\u0131\u015f \u0130li\u015fkiler Komitesi \u00fcyelerine sunulan taslak belgede, ter\u00f6r \u00f6rg\u00fct\u00fc PKK ve di\u011fer ter\u00f6r \u00f6rg\u00fctlerinin T\u00fcrkiye topraklar\u0131ndaki ter\u00f6r eylemleri k\u0131nanarak, &#8220;ter\u00f6rle m\u00fccadelesinde T\u00fcrkiye ile dayan\u0131\u015fma i\u00e7inde olundu\u011fu&#8221; tekrarlan\u0131yor.<\/p>\n<p style=\"text-align: justify;\">Ter\u00f6r \u00f6rg\u00fct\u00fc PKK&#8217;n\u0131n &#8220;derhal ve \u00f6n ko\u015fulsuz&#8221; silah b\u0131rakmas\u0131 istenen raporda, Irak&#8217;\u0131n kuzeyindeki b\u00f6lgesel y\u00f6netim dahil T\u00fcrkiye ile Irak makamlar\u0131 aras\u0131nda geli\u015ftirilen diyalog ve i\u015fbirli\u011finin memnuniyetle kar\u015f\u0131land\u0131\u011f\u0131 belirtiliyor.<\/p>\n<p style=\"text-align: justify;\">Irak makamlar\u0131n\u0131n, T\u00fcrkiye ile i\u015fbirli\u011fini yo\u011funla\u015ft\u0131rarak, topraklar\u0131ndan kom\u015fu \u00fclkelere ter\u00f6r sald\u0131r\u0131s\u0131 yap\u0131lmamas\u0131n\u0131 g\u00fcvence alt\u0131na almalar\u0131 talep edilen belgede, T\u00fcrkiye&#8217;nin de s\u0131n\u0131r \u00f6tesi askeri operasyonlar\u0131nda &#8220;Irak&#8217;\u0131n toprak b\u00fct\u00fcnl\u00fc\u011f\u00fcne, insan haklar\u0131na ve hukukun \u00fcst\u00fcnl\u00fc\u011f\u00fcne sayg\u0131 g\u00f6stermesi ve sivillerin zarar g\u00f6rmemesini garanti alt\u0131na almas\u0131&#8221; isteniyor.<\/p>\n<p style=\"text-align: justify;\">Taslak raporda, &#8220;DTP ve t\u00fcm se\u00e7ilmi\u015f \u00fcyeleri, PKK ve ter\u00f6r eylemleriyle aralar\u0131na a\u00e7\u0131k\u00e7a mesafe koymal\u0131d\u0131r. T\u00fcm siyasi partiler, T\u00fcrk devletinin istikrar\u0131, refah\u0131 ve b\u00fct\u00fcnl\u00fc\u011f\u00fcn\u00fc g\u00fc\u00e7lendirecek \u00e7\u00f6z\u00fcme katk\u0131 yapmal\u0131d\u0131r&#8221; deniliyor.<\/p>\n<p style=\"text-align: justify;\"><strong>K\u00fcrt meselesi<\/strong><\/p>\n<p style=\"text-align: justify;\">Belgede h\u00fck\u00fcmete, &#8220;K\u00fcrt meselesinin nihai \u00e7\u00f6z\u00fcm\u00fc i\u00e7in \u00f6ncelikli olarak siyasi inisiyatif g\u00f6stermesi&#8221; \u00e7a\u011fr\u0131s\u0131 yap\u0131larak, bu y\u00f6ndeki giri\u015fimin &#8220;K\u00fcrt k\u00f6kenli vatanda\u015flar i\u00e7in ekonomik ve sosyal f\u0131rsatlar sunarak devlet ve \u00f6zel okullar\u0131nda K\u00fcrt\u00e7e \u00f6\u011frenmeyi ger\u00e7ekten m\u00fcmk\u00fcn k\u0131lacak ve K\u00fcrt\u00e7e yay\u0131na izin verecek \u015fekilde k\u00fclt\u00fcrel haklar\u0131 somut \u015fekilde iyile\u015ftirmesinin&#8221; beklendi\u011fi ifade ediliyor.<\/p>\n<p style=\"text-align: justify;\"><strong>Ermenistan ile ili\u015fkiler<\/strong><\/p>\n<p style=\"text-align: justify;\">Cumhurba\u015fkan\u0131 Abdullah G\u00fcl&#8217;\u00fcn Ermenistan ziyaretinin memnuniyetle kar\u015f\u0131land\u0131\u011f\u0131 kaydedilen raporda, bu giri\u015fimin iki \u00fclkenin ili\u015fkilerini normalle\u015ftirmesine ger\u00e7ek katk\u0131 sunaca\u011f\u0131 umudu dile getiriliyor.<\/p>\n<p style=\"text-align: justify;\">1915 olaylar\u0131na ili\u015fkin Ermeni tezlerine yer verilmeyen belgede, T\u00fcrkiye&#8217;nin &#8220;s\u0131n\u0131r\u0131 yeniden a\u00e7arak Ermenistan ile ekonomik ve siyasi ili\u015fkileri b\u00fct\u00fcn\u00fcyle tesis etmesi&#8221; talep ediliyor.<\/p>\n<p style=\"text-align: justify;\">Raporda bu kapsamda T\u00fcrk ve Ermeni h\u00fck\u00fcmetlerine yap\u0131lan \u00e7a\u011fr\u0131da, &#8220;bug\u00fcne ve ge\u00e7mi\u015fe sayg\u0131 g\u00f6stererek, ge\u00e7mi\u015f olaylar\u0131n a\u00e7\u0131kl\u0131kla ve samimi olarak tart\u0131\u015f\u0131lmas\u0131na izin vererek, uzla\u015fma s\u00fcrecinin ba\u015flat\u0131lmas\u0131 ve AB Komisyonu&#8217;nun bu s\u00fcrece katk\u0131 yapmas\u0131&#8221; isteniyor.<\/p>\n<p style=\"text-align: justify;\"><strong>K\u0131br\u0131s sorunu<\/strong><\/p>\n<p style=\"text-align: justify;\">T\u00fcrkiye&#8217;nin K\u0131br\u0131s&#8217;taki &#8220;m\u00fczakere atmosferini kolayla\u015ft\u0131rmak i\u00e7in askerlerini \u00e7ekmesi ve her iki lidere kendi \u00fclkelerinin geleceklerini \u00f6zg\u00fcrce m\u00fczakere izni vermesi&#8221; gerekti\u011fi g\u00f6r\u00fc\u015f\u00fc de raporda yer al\u0131yor.<\/p>\n<p style=\"text-align: justify;\"><strong>Kabul edilen de\u011fi\u015fiklik \u00f6nergeleri<\/strong><\/p>\n<p style=\"text-align: justify;\">T\u00fcrkiye taslak raporuna dahil edilen uzla\u015fma \u00f6nerisiyle, T\u00fcrkiye&#8217;nin \u00fcyelik m\u00fczakerelerinde teknik olarak haz\u0131r fas\u0131llar\u0131n m\u00fczakerelere a\u00e7\u0131lmas\u0131 i\u00e7in \u00fcye \u00fclkelere \u00e7a\u011fr\u0131 yap\u0131ld\u0131.<\/p>\n<p style=\"text-align: justify;\">T\u00fcrk h\u00fck\u00fcmetinden &#8220;Mart 2009 yerel se\u00e7imlerine kat\u0131lan t\u00fcm partilerin se\u00e7im komisyonlar\u0131nda temsil edilmesine izin vermesi&#8221; isteminde bulunulan de\u011fi\u015fiklik \u00f6nergesi de komitedeki oylamada belgeye girdi.<\/p>\n<p style=\"text-align: justify;\">Kabul edilen bir ba\u015fka \u00f6nergeyle, &#8220;demokratik, \u00e7o\u011fulcu bir toplumda ifade \u00f6zg\u00fcrl\u00fc\u011f\u00fcn\u00fcn, ne s\u0131k s\u0131k internet sitesi yasaklamakla, ne de ele\u015ftirel bas\u0131na bask\u0131 yapmakla ve dava a\u00e7makla sa\u011flanabilece\u011fi&#8221; belirtildi.<\/p>\n<p style=\"text-align: justify;\">TRT-6&#8217;n\u0131n K\u00fcrt\u00e7e yay\u0131na ba\u015flamas\u0131ndan duyulan memnuniyet de uzla\u015fma \u00f6nergesiyle taslak rapora dahil edildi.<\/p>\n<p style=\"text-align: justify;\">T\u00fcrk i\u015f d\u00fcnyas\u0131nda s\u0131k\u00e7a yak\u0131nma konusu yap\u0131lan AB&#8217;nin \u00fc\u00e7\u00fcnc\u00fc \u00fclkelerle imzalad\u0131\u011f\u0131 serbest ticaret anla\u015fmalar\u0131na G\u00fcmr\u00fck Birli\u011fi \u00fcyesi olmas\u0131na kar\u015f\u0131n T\u00fcrkiye&#8217;nin dahil edilmemesi, verilen uzla\u015fma \u00f6nergesiyle rapora girerken, serbest ticaret anla\u015fmalar\u0131yla ilgili haz\u0131rlanan etki raporlar\u0131n\u0131n T\u00fcrkiye&#8217;yi de kapsamas\u0131 gere\u011fi vurguland\u0131.<\/p>\n<p style=\"text-align: justify;\">Taslak rapora eklenen bir ba\u015fka de\u011fi\u015fiklik \u00f6nergesinde, T\u00fcrkiye&#8217;den \u00f6\u011frenciler, akademisyenler ve i\u015f adamlar\u0131 gibi gruplara AB&#8217;nin vize kolayl\u0131\u011f\u0131 getirmesi \u00e7a\u011fr\u0131s\u0131 yap\u0131ld\u0131.<\/p>\n<p style=\"text-align: justify;\"><strong>Deniz Feneri davas\u0131<\/strong><\/p>\n<p style=\"text-align: justify;\">Bu arada kabul edilen de\u011fi\u015fiklik \u00f6nergeleriyle &#8220;T\u00fcrk h\u00fck\u00fcmetinden ve yarg\u0131 makamlar\u0131ndan, &#8216;ye\u015fil sermaye&#8217; olarak adland\u0131r\u0131lan \u015firketlerce ya da &#8216;Deniz Feneri&#8217; davas\u0131nda oldu\u011fu gibi yard\u0131m kurulu\u015flar\u0131nca doland\u0131r\u0131lan AB vatanda\u015f\u0131 ya da AB&#8217;de oturumu bulunan ma\u011fdurlar\u0131 ilgilendiren davalarda, AB \u00fcyesi \u00fclkelerle daha fazla i\u015fbirli\u011fi yapmalar\u0131&#8221; istendi.<\/p>\n<p style=\"text-align: justify;\">T\u00fcrkiye raport\u00f6r\u00fc, komisyondaki oylamadan sonra yapt\u0131\u011f\u0131 a\u00e7\u0131klamada, &#8220;T\u00fcrkiye&#8217;ye kar\u015f\u0131 adil ve d\u00fcr\u00fcst oldu\u011funu&#8221; savunarak, taslak belgenin AP genel kurulunda da kabul edilmesiyle birlikte ili\u015fkilere yeni bir ivme kazand\u0131r\u0131laca\u011f\u0131n\u0131 umdu\u011funu s\u00f6ylemi\u015fti.<\/p>\n<p style=\"text-align: justify;\">&#8220;Bu rapor T\u00fcrkiye&#8217;nin aynas\u0131 olmal\u0131d\u0131r&#8221; diyen Oomen-Ruijten, &#8220;Yarg\u0131 reformu stratejisi geli\u015ftirilmesine kar\u015f\u0131n, yeni sistematik reformlara ihtiya\u00e7 var. Kopenhag kriterleri m\u00fczakerelerin merkezidir. (M\u00fczakerelerin hedefi) yeni fas\u0131llar a\u00e7mak de\u011fil, T\u00fcrkiye&#8217;yi \u00e7a\u011fda\u015f, demokratik ve refah i\u00e7inde bir topluma d\u00f6n\u00fc\u015ft\u00fcrmektir&#8221; ifadesini kullanm\u0131\u015ft\u0131.<br \/>\n<strong><br \/>\nNe dediler?<\/strong>\n<\/p>\n<p style=\"text-align: justify;\">Avrupa Birli\u011fi Komisyonu Ba\u015fkan\u0131 Olli Rehn, T\u00fcrkiye&#8217;de 2008 y\u0131l\u0131nda reformlar\u0131n yava\u015flad\u0131\u011f\u0131n\u0131, ancak 2009&#8217;un ba\u015f\u0131ndan bu yana h\u0131zlanmas\u0131 konusunda T\u00fcrkiye&#8217;den olumlu sinyaller geldi\u011fini s\u00f6yledi.<\/p>\n<p style=\"text-align: justify;\">Rehn, K\u00fcrt\u00e7e televizyon kanal\u0131n\u0131n a\u00e7\u0131lmas\u0131, TBMM&#8217;de kad\u0131n ve erkek e\u015fitli\u011fi konusunda komisyon kurulmas\u0131 ve E\u011femem Ba\u011f\u0131\u015f&#8217;\u0131n ba\u015fm\u00fczakereci olarak atanmas\u0131n\u0131n olumlu ad\u0131mlar olarak g\u00f6rd\u00fcklerini s\u00f6yledi, bas\u0131n \u00f6zg\u00fcrl\u00fc\u011f\u00fc ve ifade \u00f6zg\u00fcrl\u00fc\u011f\u00fcyle ilgili geli\u015fmeleri yak\u0131ndan izlediklerini belirtti.<\/p>\n<p style=\"text-align: justify;\">K\u0131br\u0131s adas\u0131n\u0131n tekrar birle\u015fmesi i\u00e7in 2009 y\u0131l\u0131nda \u00f6nemli bir \u015fans yakaland\u0131\u011f\u0131n\u0131 belirten Rehn, T\u00fcrkiye&#8217;nin bu s\u00fcrece verece\u011fi g\u00fc\u00e7l\u00fc deste\u011fin \u00f6nemli oldu\u011funu s\u00f6yledi.<\/p>\n<p style=\"text-align: justify;\">T\u00fcrkiye raport\u00f6r\u00fc Hollandal\u0131 parlamenter Ria Oomen-Ruijten ise, kaleme ald\u0131\u011f\u0131 raporun en \u00f6nemli mesaj\u0131n\u0131n, &#8220;T\u00fcrkiye&#8217;ye, &#8216;reformlar\u0131 h\u0131zland\u0131r\u0131n&#8217; \u00e7a\u011fr\u0131s\u0131 yapmak oldu\u011funu&#8221; s\u00f6yledi.<\/p>\n<p style=\"text-align: justify;\">Raporda T\u00fcrkiye&#8217;yi ele\u015ftirirken, adil ve d\u00fcr\u00fcst de\u011ferlendirmeler yapmay\u0131 hedefledi\u011fini ifade eden Oomen-Ruijten, hukuk devleti ilkesinin tesisi, yarg\u0131 ba\u011f\u0131ms\u0131zl\u0131\u011f\u0131, temel hak ve \u00f6zg\u00fcrl\u00fcklerin geli\u015ftirilmesinin \u00f6ncelikli konular aras\u0131nda yer ald\u0131\u011f\u0131n\u0131 ifade etti ve Kopenhag siyasi kriterlerinin yerine getirilmesinin T\u00fcrkiye&#8217;nin modernle\u015fmesine b\u00fcy\u00fck katk\u0131 sa\u011flayaca\u011f\u0131n\u0131 ifade etti.<\/p>\n<p style=\"text-align: justify;\">T\u00fcrkiye&#8217;de reformlar\u0131n yava\u015flamas\u0131n\u0131 ele\u015ftirmekle birlikte olumlu geli\u015fmelere de raporda yer verildi\u011fini kaydeden raport\u00f6r, &#8220;10 y\u0131l \u00f6nce bir K\u00fcrt\u00e7e televizyon kanal\u0131n\u0131n kurulmas\u0131 T\u00fcrkiye i\u00e7in hayaldi&#8221; ifadesini kulland\u0131.<\/p>\n<p style=\"text-align: justify;\">T\u00fcrkiye raport\u00f6r\u00fc, Ermenistan ile ili\u015fkilerin geli\u015ftirilmesini \u00f6nemli bir geli\u015fme olarak g\u00f6rd\u00fcklerini belirterek, s\u0131n\u0131r\u0131n a\u00e7\u0131larak Ermenistan&#8217;\u0131n izolasyonuna son verilmesi gerekti\u011fini s\u00f6yledi, ifade \u00f6zg\u00fcrl\u00fc\u011f\u00fc ve bas\u0131n \u00f6zg\u00fcrl\u00fc\u011f\u00fc konusunda da, daha fazla ad\u0131mlar at\u0131lmas\u0131n\u0131 beklediklerini belirtti.<\/p>\n<p style=\"text-align: justify;\">Avrupa Parlamentosu&#8217;ndaki Sosyalist Grup Ba\u015fkan\u0131 Martin Schulz, AB&#8217;nin T\u00fcrkiye ile s\u00fcrd\u00fcrd\u00fc\u011f\u00fc tam \u00fcyelik m\u00fczakerelerini h\u0131zland\u0131rmas\u0131n\u0131 istedi. Schulz yapt\u0131\u011f\u0131 yaz\u0131l\u0131 a\u00e7\u0131klamada, \u00f6zellikle enerji fasl\u0131 olmak \u00fczere daha fazla b\u00f6l\u00fcm ba\u015fl\u0131\u011f\u0131n\u0131n a\u00e7\u0131lmas\u0131 \u00e7a\u011fr\u0131s\u0131n\u0131 yapt\u0131.<\/p>\n<p style=\"text-align: justify;\">&#8220;\u0130kili ili\u015fkilerin T\u00fcrkiye&#8217;nin AB \u00fcyelik m\u00fczakereleri i\u00e7in engel te\u015fkil etmemesi gerekti\u011fini&#8221; savunan Schulz, &#8220;T\u00fcrkiye&#8217;nin reform s\u00fcrecine ba\u011fl\u0131 kalaca\u011f\u0131na inan\u0131yoruz. T\u00fcrkiye, Ortado\u011fu bar\u0131\u015f s\u00fcrecinde ve Kafkasya b\u00f6lgesinde arabulucu olarak \u00e7ok \u00f6nemli rol oynuyor. Biz daha fazla b\u00f6l\u00fcm ba\u015fl\u0131\u011f\u0131n\u0131n a\u00e7\u0131lmas\u0131n\u0131 istiyoruz&#8221; dedi.<\/p>\n<p style=\"text-align: justify;\">Schulz, bununla birlikte reform s\u00fcrecinin yava\u015flamas\u0131n\u0131n, tam \u00fcyelik m\u00fczakerelerini de olumsuz etkileyece\u011fi uyar\u0131s\u0131nda bulundu.<\/p>\n<p style=\"text-align: justify;\">Avrupa Birli\u011fi d\u00f6nem ba\u015fkan\u0131 \u00c7ek Cumhuriyeti Ba\u015fbakan Yard\u0131mc\u0131s\u0131 Alexandr Vondra, T\u00fcrkiye ile s\u00fcrd\u00fcr\u00fclen tam \u00fcyelik m\u00fczakerelerinde, enerji ba\u015fl\u0131\u011f\u0131n\u0131 a\u00e7\u0131lmas\u0131na \u00f6ncelik vermek istediklerini s\u00f6yledi.<\/p>\n<p style=\"text-align: justify;\">Vondra, d\u00f6nem ba\u015fkanl\u0131\u011f\u0131 s\u0131ras\u0131nda, sosyal politika, istihdam ve vergilendirme ile ilgili iki ba\u015fl\u0131\u011f\u0131n a\u00e7\u0131lmas\u0131n\u0131n planland\u0131\u011f\u0131n\u0131 belirtti. Konu\u015fmas\u0131nda T\u00fcrkiye&#8217;nin stratejik \u00f6nemine de\u011finen Vondra, Nabucco projesinin AB i\u00e7in \u00f6nemli oldu\u011fu vurgulad\u0131 ve &#8220;enerji ba\u015fl\u0131\u011f\u0131n\u0131n a\u00e7\u0131lmas\u0131 bizim \u00f6nceliklerimiz aras\u0131nda yer al\u0131yor&#8221; dedi.<\/p>\n<p style=\"text-align: justify;\">2008 y\u0131l\u0131nda reformlar konusunda T\u00fcrkiye&#8217;den beklentilerin ger\u00e7ekle\u015fmedi\u011fini ifade eden Vondra, &#8220;\u00f6nemli reformlara ihtiya\u00e7 var, taahh\u00fctlerin eyleme d\u00f6n\u00fc\u015fmesi bekliyoruz&#8221; dedi.<\/p>\n<p style=\"text-align: justify;\">Vondra, &#8220;ifade \u00f6zg\u00fcrl\u00fc\u011f\u00fcn\u00fcn sa\u011flanmas\u0131 ve k\u00f6t\u00fc muamelenin tamamen engellenmesi gerekti\u011fini belirtti ve dini az\u0131nl\u0131klar\u0131n sorunlar\u0131 konusunda T\u00fcrkiye&#8217;nin daha fazla \u00e7aba g\u00f6stermesini beklediklerini&#8221; ifade etti.<\/p>\n<p style=\"text-align: justify;\">G\u00fcneydo\u011fu Anadolu&#8217;daki geli\u015fmelere de de\u011finen Vondra, &#8220;bu b\u00f6lgenin sosyal, ekonomik ve k\u00fclt\u00fcrel kalk\u0131nmas\u0131na \u00f6nem verilmesi gerekti\u011fini&#8221; s\u00f6yledi.<\/p>\n<p style=\"text-align: justify;\"><span style=\"color: #888888;\">Kaynak : Vatan Gazetesi<\/span><\/p>\n","protected":false},"excerpt":{"rendered":"<\/p>\n<p style=\"text-align: justify;\">\n<p style=\"text-align: justify;\">Avrupa Parlamentosu genel kurulu, Hollandal\u0131 parlamenter Ria Oomen-Ruijten taraf\u0131ndan kaleme al\u0131nan T\u00fcrkiye raporunu tart\u0131\u015ft\u0131, T\u00fcrkiye&#8217;ye &#8220;reformlar\u0131 h\u0131zland\u0131r\u0131n&#8221; \u00e7a\u011fr\u0131s\u0131 yapt\u0131. Rapor, bug\u00fcn genel kurulda onayland\u0131.<\/p>\n<p style=\"text-align: justify;\">Raporda, en \u00e7ok \u00f6ne \u00e7\u0131kan noktan\u0131n reformlar\u0131n yava\u015flamas\u0131ndan duyulan endi\u015fe oldu\u011fu belirtildi.<\/p>\n<p style=\"text-align: justify;\">Anayasa uzla\u015fmas\u0131 i\u00e7in siyasi parti liderlerine \u00e7a\u011fr\u0131 yap\u0131lan raporda, <\/p>\n","protected":false},"author":1,"featured_media":0,"comment_status":"open","ping_status":"closed","sticky":false,"template":"","format":"standard","meta":{"footnotes":""},"categories":[105],"tags":[],"class_list":["post-4905","post","type-post","status-publish","format-standard","hentry","category-gundem","odd"],"_links":{"self":[{"href":"http:\/\/www.korhanyilmaz.com\/index.php?rest_route=\/wp\/v2\/posts\/4905","targetHints":{"allow":["GET"]}}],"collection":[{"href":"http:\/\/www.korhanyilmaz.com\/index.php?rest_route=\/wp\/v2\/posts"}],"about":[{"href":"http:\/\/www.korhanyilmaz.com\/index.php?rest_route=\/wp\/v2\/types\/post"}],"author":[{"embeddable":true,"href":"http:\/\/www.korhanyilmaz.com\/index.php?rest_route=\/wp\/v2\/users\/1"}],"replies":[{"embeddable":true,"href":"http:\/\/www.korhanyilmaz.com\/index.php?rest_route=%2Fwp%2Fv2%2Fcomments&post=4905"}],"version-history":[{"count":0,"href":"http:\/\/www.korhanyilmaz.com\/index.php?rest_route=\/wp\/v2\/posts\/4905\/revisions"}],"wp:attachment":[{"href":"http:\/\/www.korhanyilmaz.com\/index.php?rest_route=%2Fwp%2Fv2%2Fmedia&parent=4905"}],"wp:term":[{"taxonomy":"category","embeddable":true,"href":"http:\/\/www.korhanyilmaz.com\/index.php?rest_route=%2Fwp%2Fv2%2Fcategories&post=4905"},{"taxonomy":"post_tag","embeddable":true,"href":"http:\/\/www.korhanyilmaz.com\/index.php?rest_route=%2Fwp%2Fv2%2Ftags&post=4905"}],"curies":[{"name":"wp","href":"https:\/\/api.w.org\/{rel}","templated":true}]}}