{"id":49038,"date":"2012-02-27T20:11:41","date_gmt":"2012-02-27T18:11:41","guid":{"rendered":"http:\/\/www.korhanyilmaz.com\/?p=49038"},"modified":"2012-02-27T23:44:20","modified_gmt":"2012-02-27T21:44:20","slug":"mgk-toplantisindan-iki-onemli-karar","status":"publish","type":"post","link":"http:\/\/www.korhanyilmaz.com\/?p=49038","title":{"rendered":"MGK toplant\u0131s\u0131ndan iki \u00f6nemli karar"},"content":{"rendered":"<p style=\"text-align: justify;\">\n<p style=\"text-align: center;\"><a href=\"http:\/\/www.korhanyilmaz.com\/wp-content\/uploads\/2012\/02\/9030.jpg\"  class=\"lightview\"><img loading=\"lazy\" decoding=\"async\" class=\"aligncenter  wp-image-49042\" src=\"http:\/\/www.korhanyilmaz.com\/wp-content\/uploads\/2012\/02\/9030.jpg\" alt=\"\" width=\"322\" height=\"241\" \/><\/a><\/p>\n<p style=\"text-align: justify;\">MGK&#8217;n\u0131n \u015fubat ay\u0131 ola\u011fan toplant\u0131s\u0131 sonras\u0131ndan yay\u0131mlanan bildiride, &#8220;Do\u011fu ve G\u00fcneydo\u011fu Anadolu B\u00f6lgelerindeki \u00f6\u011fretmen a\u00e7\u0131\u011f\u0131 ele al\u0131nm\u0131\u015f&#8221; ifadelerine yer verildi. Bildiride, b\u00f6l\u00fcc\u00fc ter\u00f6r \u00f6rg\u00fct\u00fcn\u00fcn Irak&#8217;\u0131n kuzeyindeki varl\u0131\u011f\u0131n\u0131n sona erdirilmesi i\u00e7in somut ad\u0131mlar at\u0131lmas\u0131 gerekti\u011fi belirtildi.<\/p>\n<p style=\"text-align: justify;\">(DHA) &#8212; Cumhurba\u015fkan\u0131 Abdullah G\u00fcl&#8217;\u00fcn ba\u015fkanl\u0131\u011f\u0131nda, \u00c7ankaya K\u00f6\u015fk\u00fc&#8217;nde ger\u00e7ekle\u015fen \u015fubat ay\u0131 ola\u011fan toplant\u0131s\u0131 5 saat s\u00fcrd\u00fc.\u00a0<!--more--><\/p>\n<p style=\"text-align: justify;\">MGK \u00fcyesi olmayan Milli E\u011fitim Bakan\u0131 \u00d6mer Din\u00e7er, bakanl\u0131\u011f\u0131n\u0131n \u00e7al\u0131\u015fmalar\u0131 hakk\u0131nda bilgi vermek \u00fczere kat\u0131ld\u0131\u011f\u0131 toplant\u0131dan 15.30 s\u0131ralar\u0131nda ayr\u0131ld\u0131.<\/p>\n<p style=\"text-align: justify;\">MGK toplant\u0131s\u0131n\u0131n ard\u0131ndan a\u00e7\u0131klanan bildiride, toplant\u0131da i\u00e7 ve d\u0131\u015f geli\u015fmelerin ele al\u0131nd\u0131\u011f\u0131 ifade edildi.<\/p>\n<p style=\"text-align: justify;\">\u00dclkenin b\u00fct\u00fcnl\u00fc\u011f\u00fc ve b\u00f6l\u00fcnmezli\u011fini, toplumun huzur ve g\u00fcvenli\u011fini hedef alan ve vatanda\u015flar\u0131m\u0131z\u0131n can\u0131na, mal\u0131na, hak ve \u00f6zg\u00fcrl\u00fcklerine kasteden ter\u00f6rist eylemlere kar\u015f\u0131 g\u00fcvenlik g\u00fc\u00e7lerinin a\u011f\u0131r k\u0131\u015f ko\u015fullar\u0131na ra\u011fmen fedakarca, etkin ve koordineli bir \u015fekilde y\u00fcr\u00fctt\u00fc\u011f\u00fc m\u00fccadelenin g\u00f6r\u00fc\u015f\u00fcld\u00fc\u011f\u00fc belirtilen bildiride \u015fu bilgilere yer verildi:<\/p>\n<p style=\"text-align: justify;\">&#8220;Bu m\u00fccadelenin \u00f6n\u00fcm\u00fczdeki d\u00f6nemde de ayn\u0131 kararl\u0131l\u0131kla devam edece\u011fi, \u00f6te yandan ter\u00f6r\u00fcn istismar kaynaklar\u0131n\u0131n kurutulmas\u0131 amac\u0131yla y\u00fcr\u00fct\u00fclen kapsaml\u0131 \u00e7abalar\u0131n da demokrasiye, hukuk devleti ilkelerine ve evrensel de\u011ferlere ba\u011fl\u0131 olarak s\u00fcrd\u00fcr\u00fclece\u011fi bir kere daha teyit edilmi\u015ftir.<\/p>\n<p style=\"text-align: justify;\">Irak&#8217;\u0131n g\u00fcvenlik ve istikrar\u0131na \u00f6nem veren T\u00fcrkiye&#8217;nin Irak&#8217;taki geli\u015fmeleri yak\u0131nen takip etmeyi s\u00fcrd\u00fcrd\u00fc\u011f\u00fc vurgulanm\u0131\u015ft\u0131r. \u00d6te yandan b\u00f6l\u00fcc\u00fc ter\u00f6r \u00f6rg\u00fct\u00fcn\u00fcn Irak&#8217;\u0131n kuzeyindeki mevcudiyetinin sona erdirilmesi i\u00e7in somut ad\u0131mlar at\u0131lmas\u0131 gerekti\u011fi de bir kez daha teyit edilmi\u015ftir.&#8221;<\/p>\n<p style=\"text-align: justify;\"><strong>Suriye\u00a0<\/strong><\/p>\n<p style=\"text-align: justify;\">Ortado\u011fu ve Kuzey Afrika b\u00f6lgesinde meydana gelen geli\u015fmeler ve \u00f6zellikle Suriye&#8217;deki durumun kapsaml\u0131 surette ele al\u0131nd\u0131\u011f\u0131 belirtilen bildiride, \u015f\u00f6yle denildi: &#8220;M\u0131s\u0131r&#8217;da Halk Meclisi ve \u015eura Konseyi se\u00e7imlerinin tamamlanmas\u0131, Yemen&#8217;de erken cumhurba\u015fkanl\u0131\u011f\u0131 se\u00e7imlerinin ger\u00e7ekle\u015ftirilmesi ve Libya&#8217;da ulusal kongre se\u00e7imlerine ili\u015fkin se\u00e7im yasas\u0131n\u0131n kabul\u00fc suretiyle bu dost ve karde\u015f \u00fclkelerde siyasi ge\u00e7i\u015f s\u00fcre\u00e7lerinde kaydedilen ilerlemelerden duyulan memnuniyet ifade edilmi\u015ftir.<\/p>\n<p style=\"text-align: justify;\">Suriye&#8217;de devam eden \u015fiddet, y\u0131ld\u0131rma ve toplu k\u0131y\u0131m eylemlerine uluslararas\u0131 toplumun seyirci kalmamas\u0131 gerekti\u011fi vurgulanm\u0131\u015f, bu \u00e7er\u00e7evede Suriye halk\u0131n\u0131n korunmas\u0131n\u0131n ve insani yard\u0131m ula\u015ft\u0131r\u0131lmas\u0131n\u0131n \u00f6neminin alt\u0131 \u00e7izilmi\u015ftir. Bu kapsamda ayr\u0131ca uluslararas\u0131 forumlarda meydana gelen geli\u015fmeler g\u00f6zden ge\u00e7irilmi\u015f, BM Genel Kurulu&#8217;nun 16 \u015eubat 2012 tarihinde ezici bir \u00e7o\u011funlukla kabul etti\u011fi karardan duyulan memnuniyet dile getirilmi\u015f ve 24 \u015fubat tarihinde Tunus&#8217;ta ger\u00e7ekle\u015ftirilen Suriye&#8217;nin dostlar\u0131 grubu toplant\u0131s\u0131n\u0131n sonu\u00e7lar\u0131 de\u011ferlendirilmi\u015ftir.&#8221;<\/p>\n<p style=\"text-align: justify;\"><strong>E\u011fitim\u00a0<\/strong><\/p>\n<p style=\"text-align: justify;\">Toplant\u0131da ayr\u0131ca Do\u011fu ve G\u00fcneydo\u011fu Anadolu b\u00f6lgelerindeki \u00f6\u011fretmen a\u00e7\u0131\u011f\u0131n\u0131n ele al\u0131nd\u0131\u011f\u0131, \u00e7ocuklara daha kaliteli bir e\u011fitim sa\u011flanmas\u0131 i\u00e7in gereken ihtiya\u00e7lar\u0131n de\u011ferlendirildi\u011fi bildirildi.<\/p>\n<p style=\"text-align: justify;\"><a href=\"http:\/\/www.cnnturk.com\/2012\/turkiye\/02\/27\/mgk.toplantisindan.iki.onemli.karar\/650898.0\/index.html\" target=\"_blank\">Kaynak : CNN T\u00dcRK<\/a><\/p>\n","protected":false},"excerpt":{"rendered":"<p style=\"text-align: justify;\">\n<p style=\"text-align: center;\">\n<p style=\"text-align: justify;\">MGK&#8217;n\u0131n \u015fubat ay\u0131 ola\u011fan toplant\u0131s\u0131 sonras\u0131ndan yay\u0131mlanan bildiride, &#8220;Do\u011fu ve G\u00fcneydo\u011fu Anadolu B\u00f6lgelerindeki \u00f6\u011fretmen a\u00e7\u0131\u011f\u0131 ele al\u0131nm\u0131\u015f&#8221; ifadelerine yer verildi. Bildiride, b\u00f6l\u00fcc\u00fc ter\u00f6r \u00f6rg\u00fct\u00fcn\u00fcn Irak&#8217;\u0131n kuzeyindeki varl\u0131\u011f\u0131n\u0131n sona erdirilmesi i\u00e7in somut ad\u0131mlar at\u0131lmas\u0131 gerekti\u011fi belirtildi.<\/p>\n<p style=\"text-align: justify;\">(DHA) &#8212; Cumhurba\u015fkan\u0131 Abdullah G\u00fcl&#8217;\u00fcn ba\u015fkanl\u0131\u011f\u0131nda, \u00c7ankaya K\u00f6\u015fk\u00fc&#8217;nde ger\u00e7ekle\u015fen \u015fubat <\/p>\n","protected":false},"author":1,"featured_media":0,"comment_status":"open","ping_status":"open","sticky":false,"template":"","format":"standard","meta":{"footnotes":""},"categories":[105],"tags":[],"class_list":["post-49038","post","type-post","status-publish","format-standard","hentry","category-gundem","odd"],"_links":{"self":[{"href":"http:\/\/www.korhanyilmaz.com\/index.php?rest_route=\/wp\/v2\/posts\/49038","targetHints":{"allow":["GET"]}}],"collection":[{"href":"http:\/\/www.korhanyilmaz.com\/index.php?rest_route=\/wp\/v2\/posts"}],"about":[{"href":"http:\/\/www.korhanyilmaz.com\/index.php?rest_route=\/wp\/v2\/types\/post"}],"author":[{"embeddable":true,"href":"http:\/\/www.korhanyilmaz.com\/index.php?rest_route=\/wp\/v2\/users\/1"}],"replies":[{"embeddable":true,"href":"http:\/\/www.korhanyilmaz.com\/index.php?rest_route=%2Fwp%2Fv2%2Fcomments&post=49038"}],"version-history":[{"count":0,"href":"http:\/\/www.korhanyilmaz.com\/index.php?rest_route=\/wp\/v2\/posts\/49038\/revisions"}],"wp:attachment":[{"href":"http:\/\/www.korhanyilmaz.com\/index.php?rest_route=%2Fwp%2Fv2%2Fmedia&parent=49038"}],"wp:term":[{"taxonomy":"category","embeddable":true,"href":"http:\/\/www.korhanyilmaz.com\/index.php?rest_route=%2Fwp%2Fv2%2Fcategories&post=49038"},{"taxonomy":"post_tag","embeddable":true,"href":"http:\/\/www.korhanyilmaz.com\/index.php?rest_route=%2Fwp%2Fv2%2Ftags&post=49038"}],"curies":[{"name":"wp","href":"https:\/\/api.w.org\/{rel}","templated":true}]}}