{"id":49032,"date":"2012-02-27T22:39:58","date_gmt":"2012-02-27T20:39:58","guid":{"rendered":"http:\/\/www.korhanyilmaz.com\/?p=49032"},"modified":"2012-02-27T23:35:27","modified_gmt":"2012-02-27T21:35:27","slug":"1000-yil-surecekti-10-yil-surmedi","status":"publish","type":"post","link":"http:\/\/www.korhanyilmaz.com\/?p=49032","title":{"rendered":"1000 y\u0131l s\u00fcrecekti, 10 y\u0131l s\u00fcrmedi"},"content":{"rendered":"<p style=\"text-align: center;\"><a href=\"http:\/\/www.korhanyilmaz.com\/wp-content\/uploads\/2012\/02\/9027.jpg\"  class=\"lightview\"><img loading=\"lazy\" decoding=\"async\" class=\"aligncenter  wp-image-49033\" src=\"http:\/\/www.korhanyilmaz.com\/wp-content\/uploads\/2012\/02\/9027.jpg\" alt=\"\" width=\"263\" height=\"221\" \/><\/a><\/p>\n<p style=\"text-align: justify;\">Ba\u015fbakan Yard\u0131mc\u0131s\u0131 B\u00fclent Ar\u0131n\u00e7, &#8220;\u00f6nemli olan 28 \u015eubat s\u00fcrecinin &#8216;1000 y\u0131l s\u00fcrecek&#8217; dendi\u011fi halde 10 y\u0131l bile s\u00fcrmemi\u015f olmas\u0131d\u0131r ve 28 \u015eubat&#8217;\u0131n faillerinden, yarg\u0131 taraf\u0131ndan hesap sorulacak noktaya gelinmi\u015f olmas\u0131d\u0131r&#8221; dedi.<\/p>\n<p style=\"text-align: justify;\">Ba\u015fbakan Yard\u0131mc\u0131s\u0131 B\u00fclent Ar\u0131n\u00e7, Ahmed-i Hani&#8217;nin eseri Mem u Zin&#8217;den uyarlanan &#8220;Siya Mem u Zin&#8221; adl\u0131 dizinin Rixos Otel&#8217;indeki galas\u0131na kat\u0131ld\u0131.\u00a0<!--more--><\/p>\n<p style=\"text-align: justify;\">B\u00fclent Ar\u0131n\u00e7, galaya geli\u015finde gazetecilerin diziye ili\u015fkin soru \u00fczerine \u015funlar\u0131 s\u00f6yledi: &#8220;Bu ak\u015fam TRT 6 i\u00e7in \u00e7ekilen \u00e7ok \u00f6nemli bir dizinin galas\u0131nday\u0131z. Bu me\u015fhur bir a\u015fk hikayesi, Mem ve Zin, dillere destan. K\u00fclt\u00fcr\u00fcm\u00fcz\u00fcn medeniyetimizin en g\u00fczel \u00f6rneklerinden birinin destan\u0131d\u0131r. Ahmed-i Hani taraf\u0131ndan manzum olarak yaz\u0131lm\u0131\u015ft\u0131r. TRT bu konuda \u00e7ok duyarl\u0131 davrand\u0131 ve bu a\u015fk\u0131 ya\u015fatabilecek insanlarla g\u00fczel bir dizi \u00e7ekilebilmesine vesile oldu. Umar\u0131m herkesin be\u011fenisi olacak ve TRT 6 ekranlar\u0131ndan bu dizinin yay\u0131nlanmas\u0131, TRT tarihinde de bir ilk olacak.<\/p>\n<p style=\"text-align: justify;\">Kitap, ge\u00e7ti\u011fimiz y\u0131llarda K\u00fclt\u00fcr Bakanl\u0131\u011f\u0131 taraf\u0131ndan bas\u0131lm\u0131\u015ft\u0131. Bu, K\u00fcrt\u00e7e yaz\u0131lm\u0131\u015f bir naz\u0131m eserdir. Dizide de alt yaz\u0131larla bu T\u00fcrk\u00e7e olarak desteklenecek, orijinalli\u011fi kaybolmas\u0131n diye. Umar\u0131m \u00e7ok ba\u015far\u0131l\u0131 olmu\u015ftur, halk\u0131m\u0131z taraf\u0131ndan be\u011fenilecektir. Art\u0131k \u00f6zg\u00fcrl\u00fckler T\u00fcrkiye&#8217;sinde ana dilde yaz\u0131lm\u0131\u015f bir eserin dizi haline getirilmi\u015f olmas\u0131ndan hepimiz k\u0131van\u00e7 duyaca\u011f\u0131z. TRT&#8217;yi de sanat\u00e7\u0131lar\u0131m\u0131z da kutluyorum.&#8221;<\/p>\n<p style=\"text-align: justify;\"><strong>\u00d6mer Din\u00e7er&#8217;in MGK toplant\u0131s\u0131na kat\u0131lmas\u0131\u00a0<\/strong><\/p>\n<p style=\"text-align: justify;\">B\u00fclent Ar\u0131n\u00e7, bug\u00fcnk\u00fc MGK toplant\u0131s\u0131na Milli E\u011fitim Bakan\u0131 \u00d6mer Din\u00e7er&#8217;in de kat\u0131lmas\u0131n\u0131n sorulmas\u0131 \u00fczerine \u015f\u00f6yle konu\u015ftu: &#8220;MGK&#8217;n\u0131n as\u0131l \u00fcyeleri bellidir ancak ihtiya\u00e7 duyuldu\u011funda g\u00fcndeme g\u00f6re bakanlar, ilgili genel m\u00fcd\u00fcrler, m\u00fcste\u015farlar da kendilerinden bilgi al\u0131nmak \u00fczere \u00e7a\u011fr\u0131labilmektedir. Ge\u00e7ti\u011fimiz MGK toplant\u0131lar\u0131nda bazen Enerji, bazen Sa\u011fl\u0131k Bakan\u0131m\u0131z\u0131n \u00e7a\u011fr\u0131ld\u0131\u011f\u0131n\u0131 biliyorum. Bug\u00fcn de Milli E\u011fitim Bakan\u0131m\u0131z ve bir m\u00fcste\u015far yard\u0131mc\u0131s\u0131, kurula bilgi vermek \u00fczere davet edilmi\u015fti.<\/p>\n<p style=\"text-align: justify;\">Genelde T\u00fcrkiye&#8217;de e\u011fitimin geldi\u011fi nokta, \u00f6\u011fretmenlerimiz, dersliklerimiz, yat\u0131l\u0131 b\u00f6lge ilk\u00f6\u011fretim okullar\u0131 ve yeni sistem i\u00e7erisinde e\u011fitimi daha rasyonel hale gelmesi i\u00e7in Milli E\u011fitim Bakanl\u0131\u011f\u0131m\u0131z\u0131n yapt\u0131\u011f\u0131 \u00e7al\u0131\u015fmalar bir rapor olarak sunuldu. Bu konularda neler g\u00f6r\u00fc\u015f\u00fcld\u00fc\u011f\u00fc k\u0131sa k\u0131sa bazen bildiriye al\u0131nabilir. Esasen MGK&#8217;daki konu\u015fmalar\u0131n gizli oldu\u011funu biliyorsunuz ama kamuoyunu bilgilendirmek amac\u0131yla da k\u0131sa \u00f6zetler verilebiliyor.<\/p>\n<p style=\"text-align: justify;\"><strong>4+4+4 tart\u0131\u015fmas\u0131\u00a0<\/strong><\/p>\n<p style=\"text-align: justify;\">Benim de s\u00f6yleyece\u011fim, bildiride sunulan g\u00f6r\u00fc\u015flere itibar edilmesidir. Yoksa zannediyorum ki baz\u0131 arkada\u015flar \u015funu sormak istiyor; mecliste bir kanun teklifi var, 4 4 4 \u015feklinde yeniden yap\u0131lanma ile ilgili bu konu kesinlike MGK toplant\u0131s\u0131nda konu\u015fulmam\u0131\u015ft\u0131r. \u00c7\u00fcnk\u00fc bu bir kanun teklifidir, kanun teklifini veren bir milletvekilidir. Genel kurul \u00e7al\u0131\u015fmalar\u0131nda \u015f\u00fcphesiz h\u00fck\u00fcmet taraf\u0131ndan s\u0131ralara oturmak suretiyle d\u00fc\u015f\u00fcnceleri al\u0131nacakt\u0131r ama bir h\u00fck\u00fcmet meselesi olmamas\u0131 sebebiyle b\u00f6yle bir teklifin MGK g\u00fcndemine girmesi ve konu\u015fulmas\u0131 esasen m\u00fcmk\u00fcn de\u011fildir.&#8221;<\/p>\n<p style=\"text-align: justify;\">Ar\u0131n\u00e7, &#8220;Zorunlu e\u011fitimi yeniden yap\u0131land\u0131ran teklifte a\u00e7\u0131k \u00f6\u011fretimin ikinci d\u00f6rt y\u0131ldan sonraya al\u0131nmas\u0131n\u0131 nas\u0131l de\u011ferlendiriyorsunuz&#8221; sorusunu, &#8220;Bilemem. teklifin sahibine sormak laz\u0131m. Tasar\u0131 olsayd\u0131 h\u00fck\u00fcmet s\u00f6zc\u00fcs\u00fc olarak s\u00f6ylerdim&#8221; diye yan\u0131tlad\u0131.<\/p>\n<p style=\"text-align: justify;\"><strong>&#8220;28 \u015eubat 1000 y\u0131l s\u00fcrecek deniyordu, 10 y\u0131l s\u00fcrmedi&#8221;\u00a0<\/strong><\/p>\n<p style=\"text-align: justify;\">B\u00fclent Ar\u0131n\u00e7, yar\u0131n 28 \u015eubat&#8217;\u0131n y\u0131l d\u00f6n\u00fcm\u00fc oldu\u011fu hat\u0131rlat\u0131larak, &#8220;Sizin i\u00e7in 28 \u015eubat nedir, neler s\u00f6ylemek istersiniz&#8221; sorusuna \u015fu yan\u0131t\u0131 verdi: &#8220;28 \u015fubat ile ilgili s\u00f6yleyeceklerim ayak\u00fcst\u00fc \u015feyler de\u011fil, o d\u00f6nemi ya\u015fam\u0131\u015f bir siyaset\u00e7i olarak zaman zaman belgesellerin i\u00e7erisinde, televizyon m\u00fclakatlar\u0131nda \u00e7o\u011fu zaman da gazetelere verdi\u011fimiz r\u00f6portajlarda bildiklerimizi anlat\u0131yoruz.<\/p>\n<p style=\"text-align: justify;\">\u00d6nemli olan 28 \u015eubat s\u00fcrecinin &#8216;1000 y\u0131l s\u00fcrecek&#8217; dendi\u011fi halde 10 y\u0131l bile s\u00fcrmemi\u015f olmas\u0131d\u0131r ve 28 \u015eubat&#8217;\u0131n faillerinden, yarg\u0131 taraf\u0131ndan hesap sorulacak noktaya gelinmi\u015f olmas\u0131d\u0131r. Bunu olumlu bir geli\u015fme olarak g\u00f6rebilirsiniz.&#8221;<\/p>\n<p style=\"text-align: justify;\"><a href=\"http:\/\/www.cnnturk.com\/2012\/turkiye\/02\/27\/1000.yil.surecekti.10.yil.surmedi\/650934.0\/index.html\" target=\"_blank\">Kaynak : CNN T\u00dcRK\u00a0<\/a><\/p>\n","protected":false},"excerpt":{"rendered":"<p style=\"text-align: center;\">\n<p style=\"text-align: justify;\">Ba\u015fbakan Yard\u0131mc\u0131s\u0131 B\u00fclent Ar\u0131n\u00e7, &#8220;\u00f6nemli olan 28 \u015eubat s\u00fcrecinin &#8216;1000 y\u0131l s\u00fcrecek&#8217; dendi\u011fi halde 10 y\u0131l bile s\u00fcrmemi\u015f olmas\u0131d\u0131r ve 28 \u015eubat&#8217;\u0131n faillerinden, yarg\u0131 taraf\u0131ndan hesap sorulacak noktaya gelinmi\u015f olmas\u0131d\u0131r&#8221; dedi.<\/p>\n<p style=\"text-align: justify;\">Ba\u015fbakan Yard\u0131mc\u0131s\u0131 B\u00fclent Ar\u0131n\u00e7, Ahmed-i Hani&#8217;nin eseri Mem u Zin&#8217;den uyarlanan &#8220;Siya Mem u Zin&#8221; adl\u0131 dizinin <\/p>\n","protected":false},"author":1,"featured_media":0,"comment_status":"open","ping_status":"open","sticky":false,"template":"","format":"standard","meta":{"footnotes":""},"categories":[105],"tags":[],"class_list":["post-49032","post","type-post","status-publish","format-standard","hentry","category-gundem","odd"],"_links":{"self":[{"href":"http:\/\/www.korhanyilmaz.com\/index.php?rest_route=\/wp\/v2\/posts\/49032","targetHints":{"allow":["GET"]}}],"collection":[{"href":"http:\/\/www.korhanyilmaz.com\/index.php?rest_route=\/wp\/v2\/posts"}],"about":[{"href":"http:\/\/www.korhanyilmaz.com\/index.php?rest_route=\/wp\/v2\/types\/post"}],"author":[{"embeddable":true,"href":"http:\/\/www.korhanyilmaz.com\/index.php?rest_route=\/wp\/v2\/users\/1"}],"replies":[{"embeddable":true,"href":"http:\/\/www.korhanyilmaz.com\/index.php?rest_route=%2Fwp%2Fv2%2Fcomments&post=49032"}],"version-history":[{"count":0,"href":"http:\/\/www.korhanyilmaz.com\/index.php?rest_route=\/wp\/v2\/posts\/49032\/revisions"}],"wp:attachment":[{"href":"http:\/\/www.korhanyilmaz.com\/index.php?rest_route=%2Fwp%2Fv2%2Fmedia&parent=49032"}],"wp:term":[{"taxonomy":"category","embeddable":true,"href":"http:\/\/www.korhanyilmaz.com\/index.php?rest_route=%2Fwp%2Fv2%2Fcategories&post=49032"},{"taxonomy":"post_tag","embeddable":true,"href":"http:\/\/www.korhanyilmaz.com\/index.php?rest_route=%2Fwp%2Fv2%2Ftags&post=49032"}],"curies":[{"name":"wp","href":"https:\/\/api.w.org\/{rel}","templated":true}]}}