{"id":49028,"date":"2012-02-27T23:16:45","date_gmt":"2012-02-27T21:16:45","guid":{"rendered":"http:\/\/www.korhanyilmaz.com\/?p=49028"},"modified":"2012-02-27T23:31:59","modified_gmt":"2012-02-27T21:31:59","slug":"cift-kol-ve-bacak-naklinden-kotu-haber","status":"publish","type":"post","link":"http:\/\/www.korhanyilmaz.com\/?p=49028","title":{"rendered":"\u00c7ift kol ve bacak naklinden k\u00f6t\u00fc haber"},"content":{"rendered":"<p style=\"text-align: center;\"><a href=\"http:\/\/www.korhanyilmaz.com\/wp-content\/uploads\/2012\/02\/9025.jpg\"  class=\"lightview\"><img loading=\"lazy\" decoding=\"async\" class=\"aligncenter  wp-image-49029\" src=\"http:\/\/www.korhanyilmaz.com\/wp-content\/uploads\/2012\/02\/9025.jpg\" alt=\"\" width=\"307\" height=\"236\" \/><\/a><\/p>\n<p style=\"text-align: justify;\">Hacettepe \u00dcniversitesi (H\u00dc), iki kol ve iki bacak nakli yap\u0131lan \u015eevket \u00c7avdar&#8217;\u0131n ya\u015fam\u0131n\u0131 yitirdi\u011fini bildirdi.<\/p>\n<p style=\"text-align: justify;\">\u00dcniversiteden yap\u0131lan yaz\u0131l\u0131 a\u00e7\u0131klamada, 24 \u015eubat&#8217;ta sabah saatlerinde kol ve bacak nakli yap\u0131lan \u00c7avdar&#8217;\u0131n nakil s\u00fcrecine ili\u015fkin bilgilere yer verildi.<!--more--><\/p>\n<p style=\"text-align: justify;\"><a href=\"http:\/\/www.korhanyilmaz.com\/wp-content\/uploads\/2012\/02\/9026.jpg\"  class=\"lightview\"><img loading=\"lazy\" decoding=\"async\" class=\"alignleft  wp-image-49030\" style=\"margin-left: 10px; margin-right: 10px;\" src=\"http:\/\/www.korhanyilmaz.com\/wp-content\/uploads\/2012\/02\/9026.jpg\" alt=\"\" width=\"204\" height=\"116\" \/><\/a>A\u00e7\u0131klamada, \u015funlar kaydedildi: &#8220;Hastam\u0131zda geli\u015fen metabolik dengesizlik maalesef hastam\u0131z\u0131n ya\u015fam\u0131n\u0131 ciddi d\u00fczeyde etkileyecek duruma gelmi\u015f, al\u0131nan t\u00fcm \u00f6nlemler ve uygulanan yo\u011fun tedavi yakla\u015f\u0131mlar\u0131na ra\u011fmen hastam\u0131z 27.02.2012 tarihinde saat 19.20&#8217;de kaybedilmi\u015ftir. Yakla\u015f\u0131k 90 saate varan s\u00fcreyle 200&#8217;e yak\u0131n doktor ve sa\u011fl\u0131k personelinin insan\u00fcst\u00fc bir \u00e7aba g\u00f6stermesine kar\u015f\u0131n hastam\u0131z\u0131 kaybetmenin derin \u00fcz\u00fcnt\u00fcs\u00fcn\u00fc duymaktay\u0131z.<\/p>\n<p style=\"text-align: justify;\">Bu s\u00fcre\u00e7te, hastam\u0131za dokular\u0131n\u0131 ba\u011f\u0131\u015flayan verici ailesine minnettarl\u0131\u011f\u0131m\u0131z\u0131 bildirirken, kan ba\u011f\u0131\u015flar\u0131yla destek veren halk\u0131m\u0131za ve bu zorlu s\u00fcre\u00e7te yan\u0131m\u0131zda olan Sa\u011fl\u0131k Bakanl\u0131\u011f\u0131&#8217;na m\u00fcte\u015fekkiriz. Hastam\u0131za Allah&#8217;tan rahmet, yak\u0131nlar\u0131na sab\u0131r ve ba\u015f sa\u011fl\u0131\u011f\u0131 diliyoruz.&#8221;<\/p>\n<p style=\"text-align: justify;\">A\u00e7\u0131klamada ayr\u0131ca y\u00fcz nakli ger\u00e7ekle\u015ftirilen Cengiz G\u00fcl&#8217;\u00fcn sorunsuz olarak izlenmeye devam etti\u011fi bildirildi.<\/p>\n<p style=\"text-align: justify;\"><strong>Cenaze ailesine teslim edildi<\/strong><\/p>\n<p style=\"text-align: justify;\">Bu arada hayat\u0131n\u0131 kaybeden \u015eevket \u00c7avdar&#8217;\u0131n cenazesi ailesine teslim edildi.<\/p>\n<p style=\"text-align: justify;\">Yap\u0131lan i\u015flemlerin ard\u0131ndan ailesine teslim edilen \u00c7avdar&#8217;\u0131n cenazesi daha sonra \u00f6zel bir cenaze arac\u0131yla Hacettepe \u00dcniversitesi T\u0131p Fak\u00fcltesinden g\u00f6t\u00fcr\u00fcld\u00fc.<\/p>\n<p style=\"text-align: justify;\">\u00d6te yandan \u00c7avdar&#8217;\u0131n yak\u0131nlar\u0131 \u00fcniversiteye ve hastane bah\u00e7esinde g\u00f6r\u00fcnt\u00fc almaya \u00e7al\u0131\u015fan gazetecilere tepki g\u00f6sterdiler.<\/p>\n<p style=\"text-align: justify;\">\u00c7avdar&#8217;\u0131n yak\u0131nlar\u0131n\u0131n gazetecilere tepki g\u00f6stermesi nedeniyle ya\u015fanan arbede s\u0131ras\u0131nda baz\u0131 gazeteciler hafif yaraland\u0131.<\/p>\n<p style=\"text-align: justify;\"><a href=\"http:\/\/www.cnnturk.com\/2012\/saglik\/02\/27\/cift.kol.ve.bacak.naklinden.kotu.haber\/650829.0\/index.html\" target=\"_blank\">Kaynak : CNN T\u00dcRK<\/a><\/p>\n","protected":false},"excerpt":{"rendered":"<p style=\"text-align: center;\">\n<p style=\"text-align: justify;\">Hacettepe \u00dcniversitesi (H\u00dc), iki kol ve iki bacak nakli yap\u0131lan \u015eevket \u00c7avdar&#8217;\u0131n ya\u015fam\u0131n\u0131 yitirdi\u011fini bildirdi.<\/p>\n<p style=\"text-align: justify;\">\u00dcniversiteden yap\u0131lan yaz\u0131l\u0131 a\u00e7\u0131klamada, 24 \u015eubat&#8217;ta sabah saatlerinde kol ve bacak nakli yap\u0131lan \u00c7avdar&#8217;\u0131n nakil s\u00fcrecine ili\u015fkin bilgilere yer verildi.<\/p>\n","protected":false},"author":1,"featured_media":0,"comment_status":"open","ping_status":"open","sticky":false,"template":"","format":"standard","meta":{"footnotes":""},"categories":[105],"tags":[],"class_list":["post-49028","post","type-post","status-publish","format-standard","hentry","category-gundem","odd"],"_links":{"self":[{"href":"http:\/\/www.korhanyilmaz.com\/index.php?rest_route=\/wp\/v2\/posts\/49028","targetHints":{"allow":["GET"]}}],"collection":[{"href":"http:\/\/www.korhanyilmaz.com\/index.php?rest_route=\/wp\/v2\/posts"}],"about":[{"href":"http:\/\/www.korhanyilmaz.com\/index.php?rest_route=\/wp\/v2\/types\/post"}],"author":[{"embeddable":true,"href":"http:\/\/www.korhanyilmaz.com\/index.php?rest_route=\/wp\/v2\/users\/1"}],"replies":[{"embeddable":true,"href":"http:\/\/www.korhanyilmaz.com\/index.php?rest_route=%2Fwp%2Fv2%2Fcomments&post=49028"}],"version-history":[{"count":0,"href":"http:\/\/www.korhanyilmaz.com\/index.php?rest_route=\/wp\/v2\/posts\/49028\/revisions"}],"wp:attachment":[{"href":"http:\/\/www.korhanyilmaz.com\/index.php?rest_route=%2Fwp%2Fv2%2Fmedia&parent=49028"}],"wp:term":[{"taxonomy":"category","embeddable":true,"href":"http:\/\/www.korhanyilmaz.com\/index.php?rest_route=%2Fwp%2Fv2%2Fcategories&post=49028"},{"taxonomy":"post_tag","embeddable":true,"href":"http:\/\/www.korhanyilmaz.com\/index.php?rest_route=%2Fwp%2Fv2%2Ftags&post=49028"}],"curies":[{"name":"wp","href":"https:\/\/api.w.org\/{rel}","templated":true}]}}