{"id":49024,"date":"2012-02-26T18:46:09","date_gmt":"2012-02-26T16:46:09","guid":{"rendered":"http:\/\/www.korhanyilmaz.com\/?p=49024"},"modified":"2012-02-27T03:55:45","modified_gmt":"2012-02-27T01:55:45","slug":"hocali-katliami-kurbanlari-taksimde-anildi","status":"publish","type":"post","link":"http:\/\/www.korhanyilmaz.com\/?p=49024","title":{"rendered":"Hocal\u0131 katliam\u0131 kurbanlar\u0131 Taksim&#8217;de an\u0131ld\u0131"},"content":{"rendered":"<p style=\"text-align: justify;\"><a href=\"http:\/\/www.korhanyilmaz.com\/wp-content\/uploads\/2012\/02\/9024.jpg\"  class=\"lightview\"><img loading=\"lazy\" decoding=\"async\" class=\"aligncenter size-full wp-image-49025\" title=\"\" src=\"http:\/\/www.korhanyilmaz.com\/wp-content\/uploads\/2012\/02\/9024.jpg\" alt=\"\" width=\"292\" height=\"194\" \/><\/a><\/p>\n<p style=\"text-align: justify;\">Hocal\u0131 katlliam\u0131, sivil toplum kurulu\u015flar\u0131n\u0131n, sendikalar\u0131n ve siyasi partilerin destek verdi\u011fi mitingle Taksim&#8217;de protesto edildi.<\/p>\n<p style=\"text-align: justify;\">\u0130\u00e7i\u015fleri Bakan\u0131 \u0130dris Naim \u015eahin, Taksim Meydan\u0131&#8217;nda Hocal\u0131 Katliam\u0131n\u0131 protesto etmek amac\u0131yla d\u00fczenlenen mitingde yapt\u0131\u011f\u0131 konu\u015fmada, T\u00fcrk milletinin inanc\u0131yla, k\u00fclt\u00fcr\u00fcyle ve \u00f6rf\u00fcyle her zaman zulm\u00fcn kar\u015f\u0131s\u0131nda, mazlumun yan\u0131nda olan bir millet oldu\u011funu belirterek, T\u00fcrk milletinin insanl\u0131\u011fa ders vermi\u015f bir millet oldu\u011funu dile getirdi.<!--more--><\/p>\n<p style=\"text-align: justify;\">&#8220;T\u00fcrk milleti olarak, ne Kazakistan&#8217;da, ne Azerbaycan&#8217;da, ne T\u00fcrkiye&#8217;de, ne Balkanlar&#8217;da, d\u00fcnyan\u0131n hi\u00e7bir yerinde insanl\u0131k ad\u0131na utan\u0131lacak bir tarihimiz, bir ge\u00e7mi\u015fimiz yoktur&#8221; diyen Bakan \u015eahin, yery\u00fcz\u00fcnde insanl\u0131k i\u00e7in adaletin temsilcisi olmas\u0131 bak\u0131m\u0131ndan T\u00fcrk milletinin her zaman g\u00fcc\u00fcn\u00fc korudu\u011funu, g\u00fc\u00e7l\u00fc oldu\u011funu, en b\u00fcy\u00fck g\u00fcc\u00fcn\u00fcn birlik ve beraberlik oldu\u011funu kaydetti.<\/p>\n<p style=\"text-align: justify;\">T\u00fcr milletinin g\u00f6nl\u00fcn\u00fcn, kalbinin sevgiyle dolu oldu\u011funu dile getiren Bakan \u015eahin, &#8220;Cephedeki d\u00fc\u015fman\u0131na su ikram etme erdemine g\u00f6steren sadece T\u00fcrk askeri ve milletidir. T\u00fcrk milletinin y\u00fcre\u011fi ve g\u00f6nl\u00fc sevgi doludur, ama y\u00fcre\u011fi bir olan T\u00fcrk milletinin ayn\u0131 zamanda gerekti\u011finde yumru\u011fu da birdir. Yery\u00fcz\u00fcnde herhangi bir zul\u00fcm, herhangi bir haks\u0131zl\u0131k T\u00fcrk milletine yap\u0131lm\u0131\u015f gibidir.<\/p>\n<p style=\"text-align: justify;\">Afrika&#8217;da, Asya&#8217;da, Balkanlar&#8217;da da olsa bu T\u00fcrk milletini ilgilendirir. \u00c7\u00fcnk\u00fc biz sadece kendimiz i\u00e7in de\u011fil, yery\u00fcz\u00fcndeki t\u00fcm canl\u0131lar ve t\u00fcm insanl\u0131k i\u00e7in \u00e7al\u0131\u015fan, onlar\u0131 seven ve kabul eden milletiz. \u0130nanc\u0131m\u0131z, k\u00fclt\u00fcr\u00fcm\u00fcz, yolumuz,ba\u015fk\u0131m\u0131z ve sevdam\u0131z bir. Azerbaycan&#8217;da ak\u0131t\u0131lan kan bizim kan\u0131m\u0131zd\u0131r&#8221; \u015feklinde konu\u015ftu.<\/p>\n<p style=\"text-align: justify;\"><strong>&#8220;Orta\u00e7a\u011f de\u011ferleriyle i\u015flenen bu korkun\u00e7 ve barbar katliam&#8221;\u00a0<\/strong><\/p>\n<p style=\"text-align: justify;\">Hocal\u0131 Katliam\u0131n\u0131 Anma G\u00f6n\u00fcll\u00fcleri Komitesi S\u00f6zc\u00fcs\u00fc Mesut \u00dclker, Orta\u00e7a\u011f de\u011ferleriyle i\u015flenen Hocal\u0131 katliam\u0131n\u0131n insanl\u0131\u011fa kar\u015f\u0131 yap\u0131lm\u0131\u015f bir sald\u0131r\u0131 oldu\u011funu belirterek, &#8220;Ne yaz\u0131k ki, bu insanl\u0131k ay\u0131b\u0131n\u0131n failleri, azmettiricileri, sorumlular\u0131 bug\u00fcne kadar yarg\u0131lanmayarak cezas\u0131z kalm\u0131\u015flard\u0131r&#8221; dedi.<\/p>\n<p style=\"text-align: justify;\">\u00c7e\u015fitli sivil toplum kurulu\u015flar\u0131n\u0131n, sendikalar\u0131n ve siyasi partilerin destek verdi\u011fi Hocal\u0131 katliam\u0131n\u0131 protesto amac\u0131yla Taksim Meydan\u0131&#8217;nda d\u00fczenlenen mitingde konu\u015fan Hocal\u0131 Katliam\u0131n\u0131 Anma G\u00f6n\u00fcll\u00fcleri Komitesi S\u00f6zc\u00fcs\u00fc \u00dclker, Hocal\u0131&#8217;da katledilen masum insanlar\u0131n \u00e7\u0131\u011fl\u0131klar\u0131n\u0131n hala duyuldu\u011funu belirtti.<\/p>\n<p style=\"text-align: justify;\">Bug\u00fcn binlerce insan\u0131n bu katliam\u0131 k\u0131namak i\u00e7in topland\u0131\u011f\u0131n\u0131 ifade eden \u00dclker, &#8220;Azerbaycan&#8217;\u0131n Hocal\u0131 kentinde Ermenistan askerleri taraf\u0131ndan soyk\u0131r\u0131ma u\u011frat\u0131lan y\u00fczlerce insan\u0131n aziz hat\u0131ras\u0131n\u0131 yad etmek i\u00e7in topland\u0131k. 1992&#8217;nin 26 \u015eubat&#8217;\u0131nda, yani bundan tam 20 y\u0131l \u00f6nce bug\u00fcn Ermenistan askerleri, geni\u015f \u00e7apl\u0131 bir sald\u0131r\u0131 sonucunda Hocal\u0131 \u015fehrini i\u015fgal etmi\u015f, sivil halk\u0131, \u00e7oluk \u00e7ocuk, gen\u00e7, hasta, ihtiyar, hamile demeden, organize ve planl\u0131 bir bi\u00e7imde katletmi\u015ftir&#8221;\u00a0diye konu\u015ftu.<\/p>\n<p style=\"text-align: justify;\"><strong>Hocal\u0131&#8217;da ne ya\u015fand\u0131?\u00a0<\/strong><\/p>\n<p style=\"text-align: justify;\">Hocal\u0131 katliam\u0131, Azerbaycan-Ermenistan aras\u0131nda 20 y\u0131ld\u0131r s\u00fcren Karaba\u011f sorununun en \u00f6nemli d\u00f6n\u00fcm noktalar\u0131ndan biriydi. Azerbaycan&#8217;\u0131n, Ermeniler taraf\u0131ndan i\u015fgal alt\u0131nda tutulan Yukar\u0131 Karaba\u011f b\u00f6lgesinde \u00f6nemli bir yerle\u015fim merkezi olan Hocal\u0131 \u015fehri, co\u011frafi konumuyla stratejik bir \u00f6neme sahipti.<\/p>\n<p style=\"text-align: justify;\">Bulundu\u011fu b\u00f6lgenin tek havaalan\u0131na sahip olmas\u0131 ve ba\u011flant\u0131 yollar\u0131 \u00fczerinde yer almas\u0131, il\u00e7enin \u00f6nemini art\u0131ran etkenlerdi. Sovyetler Birli\u011fi&#8217;nin da\u011f\u0131lmas\u0131 sonras\u0131nda, Ermenilerin Azerbaycan topraklar\u0131na sald\u0131r\u0131s\u0131nda, yo\u011fun bir art\u0131\u015f meydana geldi.<\/p>\n<p style=\"text-align: justify;\">Asl\u0131nda bu sald\u0131r\u0131lar, 1988 y\u0131l\u0131nda, Sovyetler da\u011f\u0131lmadan \u00f6nce ba\u015flam\u0131\u015ft\u0131, ancak 1992&#8217;de doruk noktas\u0131na ula\u015ft\u0131. Sald\u0131r\u0131lar\u0131n en ac\u0131mas\u0131z\u0131 Hocal\u0131&#8217;ya yap\u0131ld\u0131. 25-26 \u015eubat&#8217;ta \u015fehre giren Ermeniler ve Ruslara ait 366.motorize piyade alay\u0131, hi\u00e7bir ay\u0131r\u0131m yapmadan, 106&#8217;s\u0131 kad\u0131n, 63&#8217;\u00fc \u00e7ocuk 70&#8217;ten fazlas\u0131 ya\u015fl\u0131 olmak \u00fczere 613 Azerbaycan T\u00fcrk&#8217;\u00fcn\u00fc katletti. Binlerce insan, \u015fehriterk etmek zorunda kald\u0131. Bu katliam, Karaba\u011f sava\u015f\u0131nda ve sorunun k\u00f6kle\u015fmesinde de \u00f6nemli rol oynad\u0131.<\/p>\n<p style=\"text-align: justify;\">Azerbaycan ve Ermenistan aras\u0131nda 1988 y\u0131l\u0131nda ba\u015flayan sava\u015f 6 y\u0131l s\u00fcrd\u00fc. Bu s\u00fcre sonras\u0131nda, bir milyona yak\u0131n Azeri kendi topraklar\u0131nda g\u00f6\u00e7men durumunda ya\u015famak zorunda kald\u0131. Azerbaycan topraklar\u0131n\u0131n y\u00fczde 20&#8217;si i\u015fgal edildi. \u0130\u015fgal, Birle\u015fmi\u015f Milletler taraf\u0131ndan al\u0131nan kararlarda da onayland\u0131. Bu kararlarda Ermeni kuvvetlerinin Yukar\u0131 Karaba\u011f&#8217;daki i\u015fgale son vermeleri istendi. Ancak Amerika, Rusya gibi devletlerin BM kararlar\u0131nda \u00e7ekimser kalmalar\u0131, i\u015fgalin ortadan kalkmas\u0131n\u0131 engelleyen en \u00f6nemli fakt\u00f6r oldu.<\/p>\n<p style=\"text-align: justify;\">Bug\u00fcn, Karaba\u011f sorununun \u00e7\u00f6z\u00fcm\u00fcne y\u00f6nelik s\u00fcre\u00e7, Avrupa G\u00fcvenlik ve \u0130\u015fbirli\u011fi Te\u015fkilat\u0131 \u00e7at\u0131s\u0131 alt\u0131nda olu\u015fturulan Minsk Grubu taraf\u0131ndan y\u00fcr\u00fct\u00fcl\u00fcyor. Grubun e\u015f ba\u015fkanl\u0131\u011f\u0131 g\u00f6revini ABD, Rusya ve Fransa y\u00fcr\u00fct\u00fcyor. Ancak 20 y\u0131la yak\u0131n s\u00fcredir devam eden g\u00f6r\u00fc\u015fmelerde bir sonuca var\u0131lamad\u0131.<\/p>\n<p style=\"text-align: justify;\">2008 y\u0131l\u0131nda Rusya-G\u00fcrcistan aras\u0131nda ya\u015fanan sava\u015ftan sonra, Abhazya ve G\u00fcney Osetya&#8217;n\u0131nba\u011f\u0131ms\u0131zl\u0131klar\u0131n\u0131 ilan etmeleri, Minsk grubu \u00e7al\u0131\u015fmalar\u0131n\u0131 yo\u011funla\u015ft\u0131rd\u0131. Bunun yan\u0131 s\u0131ra, Rusya&#8217;da iki \u00fclke liderleriyle g\u00f6r\u00fc\u015fme trafi\u011fini h\u0131zland\u0131rd\u0131. Uzmanlar, s\u00fcrecin h\u0131zlanmas\u0131n\u0131n alt\u0131nda yatan en \u00f6nemli neden olarak, &#8220;benzer bir durumun Karaba\u011f&#8217;da ya\u015fanmas\u0131n\u0131 engellemek&#8221; olarak g\u00f6steriyorlar.<\/p>\n<p style=\"text-align: justify;\">Azerbaycan&#8217;\u0131n Ermenistan kar\u015f\u0131s\u0131nda ekonomik ve askeri alanlarda giderek g\u00fc\u00e7lenmesi, Ermenistan ba\u015fta olmak \u00fczere Bat\u0131l\u0131 \u00fclkeleri endi\u015felendiriyor. Rusy aise, \u015fu an \u00e7\u00f6z\u00fcms\u00fczl\u00fckten en fazla yararlanan \u00fclke konumunda g\u00f6z\u00fck\u00fcyor. \u00c7\u00fcnk\u00fc bu durum, hem Azerbaycan hem de Ermenistan \u00fczerinde n\u00fcfuzunun devam etmesini sa\u011fl\u0131yor.<\/p>\n<p style=\"text-align: justify;\"><a href=\"http:\/\/www.cnnturk.com\/2012\/turkiye\/02\/26\/hocali.katliami.kurbanlari.taksimde.anildi\/650637.0\/index.html\" target=\"_blank\">Kaynak : CNN T\u00dcRK<\/a><\/p>\n","protected":false},"excerpt":{"rendered":"<p style=\"text-align: justify;\">\n<p style=\"text-align: justify;\">Hocal\u0131 katlliam\u0131, sivil toplum kurulu\u015flar\u0131n\u0131n, sendikalar\u0131n ve siyasi partilerin destek verdi\u011fi mitingle Taksim&#8217;de protesto edildi.<\/p>\n<p style=\"text-align: justify;\">\u0130\u00e7i\u015fleri Bakan\u0131 \u0130dris Naim \u015eahin, Taksim Meydan\u0131&#8217;nda Hocal\u0131 Katliam\u0131n\u0131 protesto etmek amac\u0131yla d\u00fczenlenen mitingde yapt\u0131\u011f\u0131 konu\u015fmada, T\u00fcrk milletinin inanc\u0131yla, k\u00fclt\u00fcr\u00fcyle ve \u00f6rf\u00fcyle her zaman zulm\u00fcn kar\u015f\u0131s\u0131nda, mazlumun yan\u0131nda olan bir millet oldu\u011funu belirterek, <\/p>\n","protected":false},"author":1,"featured_media":0,"comment_status":"open","ping_status":"open","sticky":false,"template":"","format":"standard","meta":{"footnotes":""},"categories":[105],"tags":[],"class_list":["post-49024","post","type-post","status-publish","format-standard","hentry","category-gundem","odd"],"_links":{"self":[{"href":"http:\/\/www.korhanyilmaz.com\/index.php?rest_route=\/wp\/v2\/posts\/49024","targetHints":{"allow":["GET"]}}],"collection":[{"href":"http:\/\/www.korhanyilmaz.com\/index.php?rest_route=\/wp\/v2\/posts"}],"about":[{"href":"http:\/\/www.korhanyilmaz.com\/index.php?rest_route=\/wp\/v2\/types\/post"}],"author":[{"embeddable":true,"href":"http:\/\/www.korhanyilmaz.com\/index.php?rest_route=\/wp\/v2\/users\/1"}],"replies":[{"embeddable":true,"href":"http:\/\/www.korhanyilmaz.com\/index.php?rest_route=%2Fwp%2Fv2%2Fcomments&post=49024"}],"version-history":[{"count":0,"href":"http:\/\/www.korhanyilmaz.com\/index.php?rest_route=\/wp\/v2\/posts\/49024\/revisions"}],"wp:attachment":[{"href":"http:\/\/www.korhanyilmaz.com\/index.php?rest_route=%2Fwp%2Fv2%2Fmedia&parent=49024"}],"wp:term":[{"taxonomy":"category","embeddable":true,"href":"http:\/\/www.korhanyilmaz.com\/index.php?rest_route=%2Fwp%2Fv2%2Fcategories&post=49024"},{"taxonomy":"post_tag","embeddable":true,"href":"http:\/\/www.korhanyilmaz.com\/index.php?rest_route=%2Fwp%2Fv2%2Ftags&post=49024"}],"curies":[{"name":"wp","href":"https:\/\/api.w.org\/{rel}","templated":true}]}}