{"id":49020,"date":"2012-02-26T23:45:15","date_gmt":"2012-02-26T21:45:15","guid":{"rendered":"http:\/\/www.korhanyilmaz.com\/?p=49020"},"modified":"2012-02-27T00:05:15","modified_gmt":"2012-02-26T22:05:15","slug":"havalaninda-pasta-kesti","status":"publish","type":"post","link":"http:\/\/www.korhanyilmaz.com\/?p=49020","title":{"rendered":"Havalan\u0131nda pasta kesti"},"content":{"rendered":"<p style=\"text-align: center;\"><a href=\"http:\/\/www.korhanyilmaz.com\/wp-content\/uploads\/2012\/02\/9023.jpg\"  class=\"lightview\"><img loading=\"lazy\" decoding=\"async\" class=\"aligncenter  wp-image-49021\" src=\"http:\/\/www.korhanyilmaz.com\/wp-content\/uploads\/2012\/02\/9023.jpg\" alt=\"\" width=\"276\" height=\"207\" \/><\/a><\/p>\n<p style=\"text-align: justify;\">Ba\u015fbakan Recep Tayyip Erdo\u011fan&#8217;\u0131, Esenbo\u011fa Havaliman\u0131&#8217;nda partililer 59&#8217;uncu do\u011fum g\u00fcn\u00fc i\u00e7in haz\u0131rlad\u0131klar\u0131 pastayla kar\u015f\u0131lad\u0131.<\/p>\n<p style=\"text-align: justify;\">D\u00f6rtyol- Ba\u015fbakan Recep Tayyip Erdo\u011fan, e\u015fi Emine Erdo\u011fan ile birlikte \u00f6zel u\u00e7ak ANA ile saat 22.45&#8217;te Ankara&#8217;ya geldi.\u00a0<!--more--><\/p>\n<p style=\"text-align: justify;\">Erdo\u011fan&#8217;\u0131 Havaliman\u0131&#8217;nda, Ba\u015fbakanl\u0131k M\u00fcste\u015far\u0131 Efkan Ala, Ankara Valisi Alaaddin Y\u00fcksel, Ankara B\u00fcy\u00fck\u015fehir Belediye Ba\u015fkan\u0131 Melih G\u00f6k\u00e7ek, Emniyet M\u00fcd\u00fcr\u00fc Zeki \u00c7atalkaya ve Alt\u0131nda\u011f Belediye Ba\u015fkan\u0131 Veysel Tiryaki kar\u015f\u0131lad\u0131.<\/p>\n<p style=\"text-align: justify;\">\u00d6te yandan, Ba\u015fbakan Erdo\u011fan, AKP&#8217;li gen\u00e7ler ve kad\u0131nlar\u0131n olu\u015fturdu\u011fu kalabal\u0131k bir grup taraf\u0131ndan B\u00fcy\u00fck \u015eeref Salonu&#8217;nda 59&#8217;uncu do\u011fum g\u00fcn\u00fc i\u00e7in haz\u0131rlanan pastay\u0131 kesti ve kendisini kar\u015f\u0131layanlara te\u015fekk\u00fcr etti.<\/p>\n<p style=\"text-align: justify;\"><a href=\"http:\/\/www.cumhuriyet.com.tr\/?hn=318046\" target=\"_blank\">Kaynak : Cumhuriyet Haber Portal\u0131<\/a><\/p>\n","protected":false},"excerpt":{"rendered":"<p style=\"text-align: center;\">\n<p style=\"text-align: justify;\">Ba\u015fbakan Recep Tayyip Erdo\u011fan&#8217;\u0131, Esenbo\u011fa Havaliman\u0131&#8217;nda partililer 59&#8217;uncu do\u011fum g\u00fcn\u00fc i\u00e7in haz\u0131rlad\u0131klar\u0131 pastayla kar\u015f\u0131lad\u0131.<\/p>\n<p style=\"text-align: justify;\">D\u00f6rtyol- Ba\u015fbakan Recep Tayyip Erdo\u011fan, e\u015fi Emine Erdo\u011fan ile birlikte \u00f6zel u\u00e7ak ANA ile saat 22.45&#8217;te Ankara&#8217;ya geldi. <\/p>\n","protected":false},"author":1,"featured_media":0,"comment_status":"open","ping_status":"open","sticky":false,"template":"","format":"standard","meta":{"footnotes":""},"categories":[105],"tags":[],"class_list":["post-49020","post","type-post","status-publish","format-standard","hentry","category-gundem","odd"],"_links":{"self":[{"href":"http:\/\/www.korhanyilmaz.com\/index.php?rest_route=\/wp\/v2\/posts\/49020","targetHints":{"allow":["GET"]}}],"collection":[{"href":"http:\/\/www.korhanyilmaz.com\/index.php?rest_route=\/wp\/v2\/posts"}],"about":[{"href":"http:\/\/www.korhanyilmaz.com\/index.php?rest_route=\/wp\/v2\/types\/post"}],"author":[{"embeddable":true,"href":"http:\/\/www.korhanyilmaz.com\/index.php?rest_route=\/wp\/v2\/users\/1"}],"replies":[{"embeddable":true,"href":"http:\/\/www.korhanyilmaz.com\/index.php?rest_route=%2Fwp%2Fv2%2Fcomments&post=49020"}],"version-history":[{"count":0,"href":"http:\/\/www.korhanyilmaz.com\/index.php?rest_route=\/wp\/v2\/posts\/49020\/revisions"}],"wp:attachment":[{"href":"http:\/\/www.korhanyilmaz.com\/index.php?rest_route=%2Fwp%2Fv2%2Fmedia&parent=49020"}],"wp:term":[{"taxonomy":"category","embeddable":true,"href":"http:\/\/www.korhanyilmaz.com\/index.php?rest_route=%2Fwp%2Fv2%2Fcategories&post=49020"},{"taxonomy":"post_tag","embeddable":true,"href":"http:\/\/www.korhanyilmaz.com\/index.php?rest_route=%2Fwp%2Fv2%2Ftags&post=49020"}],"curies":[{"name":"wp","href":"https:\/\/api.w.org\/{rel}","templated":true}]}}