{"id":49016,"date":"2012-02-26T15:14:14","date_gmt":"2012-02-26T13:14:14","guid":{"rendered":"http:\/\/www.korhanyilmaz.com\/?p=49016"},"modified":"2012-02-27T00:01:07","modified_gmt":"2012-02-26T22:01:07","slug":"akp-hukuksuzlugun-hukukunu-tesis-etmistir","status":"publish","type":"post","link":"http:\/\/www.korhanyilmaz.com\/?p=49016","title":{"rendered":"&#8220;AKP, Hukuksuzlu\u011fun hukukunu tesis etmi\u015ftir&#8221;"},"content":{"rendered":"<p style=\"text-align: center;\"><a href=\"http:\/\/www.korhanyilmaz.com\/wp-content\/uploads\/2012\/02\/9022.jpg\"  class=\"lightview\"><img loading=\"lazy\" decoding=\"async\" class=\"aligncenter  wp-image-49017\" src=\"http:\/\/www.korhanyilmaz.com\/wp-content\/uploads\/2012\/02\/9022.jpg\" alt=\"\" width=\"276\" height=\"207\" \/><\/a><\/p>\n<p style=\"text-align: justify;\">Milliyet\u00e7i Hareket Partisi Genel Ba\u015fkan Yard\u0131mc\u0131s\u0131 Semih Yal\u00e7\u0131n, muhalefetten h\u00fck\u00fcmetin hatalar\u0131n\u0131 say\u0131p d\u00f6kenlere her t\u00fcrl\u00fc vicdans\u0131z, insafs\u0131z yaftan\u0131n yap\u0131\u015ft\u0131r\u0131ld\u0131\u011f\u0131n\u0131 s\u00f6yledi.<\/p>\n<p style=\"text-align: justify;\">Ankara- MHP Genel Ba\u015fkan Yard\u0131mc\u0131s\u0131, Gaziantep Milletvekili Prof. Dr. E. Semih Yal\u00e7\u0131n, partisinin Milas \u0130l\u00e7e Kongresinde yapt\u0131\u011f\u0131 konu\u015fmada, T\u00fcrkiye&#8217;de iktidar\u0131n varl\u0131\u011f\u0131n\u0131 s\u00fcrekli ink\u00e2r etti\u011fi bir bunal\u0131m ve s\u00fcrekli olarak \u00f6teledi\u011fi siyas\u00ee ve ekonomik sorunlar bulundu\u011funu belirtti.\u00a0<!--more--><\/p>\n<p style=\"text-align: justify;\">\u00d6zellikle ekonomik s\u0131k\u0131nt\u0131lar\u0131n halk\u0131n belini b\u00fckt\u00fc\u011f\u00fcn\u00fc kaydeden Yal\u00e7\u0131n &#8220;H\u00fck\u00fcmetin i\u015f ba\u015f\u0131nda oldu\u011fu her g\u00fcn emeklinin, k\u00f6yl\u00fcn\u00fcn, \u00e7al\u0131\u015fanlar\u0131n ve i\u015f bekleyen gen\u00e7 milyonlar\u0131n aleyhine i\u015flemektedir. G\u00fcndemi M\u0130T, KCK, Suriye, Arap Bahar\u0131 NATO, demokratikle\u015fme, f\u00fcze savunma sistemi gibi konularla me\u015fgul eden, kamuoyunu yalanc\u0131 pehlivanl\u0131k g\u00f6sterileri ve ucuz kahramanl\u0131k hik\u00e2yeleriyle avutan AKP iktidar\u0131, halk\u0131n ge\u00e7im derdine kulaklar\u0131n\u0131 t\u0131kam\u0131\u015ft\u0131r. H\u00fck\u00fcmet, ekonomi gemisini rotas\u0131ndan \u00e7\u0131karm\u0131\u015f, amans\u0131z bir fakirle\u015fme dalgas\u0131yla a\u00e7\u0131klara s\u00fcr\u00fckleni\u015fini \u00f6nleyemedi\u011fi gibi, \u00fccretliler aras\u0131ndaki gelir dengesini tamamen bozmu\u015ftur&#8221; dedi.<\/p>\n<p style=\"text-align: justify;\">Yal\u00e7\u0131n AKP&#8217;nin y\u00f6netiminde 10 y\u0131lda ula\u015f\u0131lan menzilin; yoksulluk, sefalet ve ihanet k\u0131tas\u0131 oldu\u011funu, belirterek &#8220;Kara g\u00f6r\u00fcnm\u00fc\u015f, deniz t\u00fckenmi\u015ftir&#8221; diye konu\u015ftu. Yal\u00e7\u0131n a\u00e7\u0131klamalar\u0131n\u0131 \u015f\u00f6yle s\u00fcrd\u00fcrd\u00fc:<\/p>\n<p style=\"text-align: justify;\">&#8220;AKP; yozla\u015ft\u0131rmad\u0131k kurum, hedefe koymad\u0131k kesim b\u0131rakmam\u0131\u015ft\u0131r. AKP h\u00fck\u00fcmetinin en \u00e7ok ma\u011fdur etti\u011fi kesimlerin ba\u015f\u0131nda emekliler ve \u00e7al\u0131\u015fanlar gelmektedir. Memurlara toplu s\u00f6zle\u015fme hakk\u0131 getiren anayasa de\u011fi\u015fikli\u011finin \u00fczerinden 17 ay ge\u00e7mi\u015ftir. Ancak toplu s\u00f6zle\u015fme hakk\u0131n\u0131 i\u00e7eren kanun tasar\u0131s\u0131n\u0131n ak\u0131beti h\u00e2l\u00e2 belli de\u011fildir. \u0130ktidar oldu\u011fu g\u00fcnden bu yana istikrar\u0131 ve tasarrufu gerek\u00e7e g\u00f6stererek kamu g\u00f6revlilerini ezen, hakir g\u00f6ren, yok sayan h\u00fck\u00fcmet, yeni bir ilke imza atm\u0131\u015f ve y\u0131llar sonra ilk defa memurlar yeni y\u0131lda maa\u015f zamm\u0131 alamam\u0131\u015ft\u0131r. Halk ekonomik sorunlarla bo\u011fu\u015furken, AKP kurmaylar\u0131n\u0131n ve yanda\u015flar\u0131n\u0131n bir eli ya\u011fda bir eli baldad\u0131r. Ekonomik kayg\u0131lar AKP&#8217;nin lider kadrosuyla parti te\u015fkilat\u0131 mensuplar\u0131n\u0131n evlerine u\u011framam\u0131\u015ft\u0131r. AKP y\u00f6neticilerinin \u00e7o\u011fu ekmek ve akaryak\u0131t fiyatlar\u0131ndan bile habersizdir. Muhalefetten h\u00fck\u00fcmetin hatalar\u0131n\u0131 say\u0131p d\u00f6kenlere her t\u00fcrl\u00fc vicdans\u0131z, insafs\u0131z yafta yap\u0131\u015ft\u0131r\u0131lmakta, \u00fclkenin i\u00e7inde bulundu\u011fu a\u00e7mazlardan \u015fik\u00e2yet edenler kovu\u015fturmaya, soru\u015fturmaya u\u011framakta, h\u00fcrriyetleri k\u0131s\u0131tlanmaktad\u0131r. AKP iktidar\u0131, T\u00fcrkiye&#8217;de hukuksuzlu\u011fun hukukunu tesis etmi\u015ftir. Yolsuzlukla m\u00fccadele ad\u0131 alt\u0131nda sevk etti\u011fi yolsuzluk kervan\u0131na duble yollar in\u015fa etmi\u015ftir. AKP iktidar\u0131, mazlumun ah\u0131n\u0131 b\u0131rakmayaca\u011f\u0131, demokratikle\u015fmeyi sa\u011flayaca\u011f\u0131 iddias\u0131yla kand\u0131rd\u0131\u011f\u0131 kitleleri, zulm\u00fcn ve tahakk\u00fcm\u00fcn kuca\u011f\u0131na b\u0131rakm\u0131\u015ft\u0131r.&#8221;<\/p>\n<p style=\"text-align: justify;\"><a href=\"http:\/\/www.cumhuriyet.com.tr\/?hn=317984\" target=\"_blank\">Kaynak : Cumhuriyet Haber Portal\u0131<\/a><\/p>\n","protected":false},"excerpt":{"rendered":"<p style=\"text-align: center;\">\n<p style=\"text-align: justify;\">Milliyet\u00e7i Hareket Partisi Genel Ba\u015fkan Yard\u0131mc\u0131s\u0131 Semih Yal\u00e7\u0131n, muhalefetten h\u00fck\u00fcmetin hatalar\u0131n\u0131 say\u0131p d\u00f6kenlere her t\u00fcrl\u00fc vicdans\u0131z, insafs\u0131z yaftan\u0131n yap\u0131\u015ft\u0131r\u0131ld\u0131\u011f\u0131n\u0131 s\u00f6yledi.<\/p>\n<p style=\"text-align: justify;\">Ankara- MHP Genel Ba\u015fkan Yard\u0131mc\u0131s\u0131, Gaziantep Milletvekili Prof. Dr. E. Semih Yal\u00e7\u0131n, partisinin Milas \u0130l\u00e7e Kongresinde yapt\u0131\u011f\u0131 konu\u015fmada, T\u00fcrkiye&#8217;de iktidar\u0131n varl\u0131\u011f\u0131n\u0131 s\u00fcrekli ink\u00e2r etti\u011fi bir bunal\u0131m ve s\u00fcrekli <\/p>\n","protected":false},"author":1,"featured_media":0,"comment_status":"open","ping_status":"open","sticky":false,"template":"","format":"standard","meta":{"footnotes":""},"categories":[105],"tags":[],"class_list":["post-49016","post","type-post","status-publish","format-standard","hentry","category-gundem","odd"],"_links":{"self":[{"href":"http:\/\/www.korhanyilmaz.com\/index.php?rest_route=\/wp\/v2\/posts\/49016","targetHints":{"allow":["GET"]}}],"collection":[{"href":"http:\/\/www.korhanyilmaz.com\/index.php?rest_route=\/wp\/v2\/posts"}],"about":[{"href":"http:\/\/www.korhanyilmaz.com\/index.php?rest_route=\/wp\/v2\/types\/post"}],"author":[{"embeddable":true,"href":"http:\/\/www.korhanyilmaz.com\/index.php?rest_route=\/wp\/v2\/users\/1"}],"replies":[{"embeddable":true,"href":"http:\/\/www.korhanyilmaz.com\/index.php?rest_route=%2Fwp%2Fv2%2Fcomments&post=49016"}],"version-history":[{"count":0,"href":"http:\/\/www.korhanyilmaz.com\/index.php?rest_route=\/wp\/v2\/posts\/49016\/revisions"}],"wp:attachment":[{"href":"http:\/\/www.korhanyilmaz.com\/index.php?rest_route=%2Fwp%2Fv2%2Fmedia&parent=49016"}],"wp:term":[{"taxonomy":"category","embeddable":true,"href":"http:\/\/www.korhanyilmaz.com\/index.php?rest_route=%2Fwp%2Fv2%2Fcategories&post=49016"},{"taxonomy":"post_tag","embeddable":true,"href":"http:\/\/www.korhanyilmaz.com\/index.php?rest_route=%2Fwp%2Fv2%2Ftags&post=49016"}],"curies":[{"name":"wp","href":"https:\/\/api.w.org\/{rel}","templated":true}]}}