{"id":49012,"date":"2012-02-26T19:47:37","date_gmt":"2012-02-26T17:47:37","guid":{"rendered":"http:\/\/www.korhanyilmaz.com\/?p=49012"},"modified":"2012-02-26T22:39:53","modified_gmt":"2012-02-26T20:39:53","slug":"kilicdaroglu-tamam-soz-savda","status":"publish","type":"post","link":"http:\/\/www.korhanyilmaz.com\/?p=49012","title":{"rendered":"K\u0131l\u0131\u00e7daro\u011flu tamam s\u00f6z Sav&#8217;da!"},"content":{"rendered":"<p style=\"text-align: center;\"><a href=\"http:\/\/www.korhanyilmaz.com\/wp-content\/uploads\/2012\/02\/9021.jpg\"  class=\"lightview\"><img loading=\"lazy\" decoding=\"async\" class=\"aligncenter  wp-image-49013\" src=\"http:\/\/www.korhanyilmaz.com\/wp-content\/uploads\/2012\/02\/9021.jpg\" alt=\"\" width=\"306\" height=\"177\" \/><\/a><\/p>\n<p style=\"text-align: justify;\">CHP&#8217;de, genel merkez ile muhalifleri kar\u015f\u0131 kar\u015f\u0131ya getiren kurultay maratonun ilk g\u00fcn\u00fc tamamaland\u0131. \u0130sa G\u00f6k arbedesinin dikkat \u00e7ekti\u011fi g\u00fcnde yeni t\u00fcz\u00fck kabul edilirken, Kemal K\u0131l\u0131\u00e7daro\u011flu delegeleri muhalefetin yar\u0131nki kurultay\u0131na \u00e7a\u011f\u0131rd\u0131.<\/p>\n<p style=\"text-align: justify;\">ANKARA &#8211; Cumhuriyet Halk Partisi&#8217;nin 16. Ola\u011fan\u00fcst\u00fc Kurultay\u0131 Ankara Arena Spor Salonu&#8217;nda yap\u0131ld\u0131.\u00a0<!--more--><\/p>\n<p style=\"text-align: justify;\">Genel merkez ile muhalifleri kar\u015f\u0131 kar\u015f\u0131ya getiren kurultayda, 87 maddelik t\u00fcz\u00fck de\u011fi\u015fikli\u011fi kabul edildi. \u0130sa G\u00f6k arbedesinin ya\u015fand\u0131\u011f\u0131 g\u00fcn\u00fcn sonunda te\u015fekk\u00fcr konu\u015fmas\u0131 i\u00e7in k\u00fcrs\u00fcye \u00e7\u0131kan Kemal K\u0131l\u0131\u00e7daro\u011flu, muhaliflerin \u00e7a\u011fr\u0131s\u0131 \u00fczerine yar\u0131n yap\u0131lacak 17. Ola\u011fan\u00fcst\u00fc Kurultay&#8217;a t\u00fcm delegelerin kat\u0131lmas\u0131sn\u0131 istedi.<\/p>\n<p style=\"text-align: justify;\">Gelip gelmeyecekleri merak konusu olan muhaliflerin a\u011f\u0131rl\u0131kl\u0131 olarak kat\u0131lmad\u0131klar\u0131 kurultaya, eski Genel Ba\u015fkanlardan Hikmet \u00c7etin, Murat Karayal\u00e7\u0131n ve Altan \u00d6ymen gelirken, Deniz Baykal s\u00fcrpriz yapmad\u0131 ve kurultaya kat\u0131lmad\u0131.<\/p>\n<p style=\"text-align: justify;\">Genel merkezin haz\u0131rlad\u0131\u011f\u0131 t\u00fcz\u00fc\u011f\u00fcn kabul edilmesinin ard\u0131ndan k\u00fcrs\u00fcye \u00e7\u0131kan K\u0131l\u0131\u00e7daro\u011flu, &#8220;T\u00fcz\u00fc\u011f\u00fcn haz\u0131rlanmas\u0131nda b\u00fcy\u00fck eme\u011fi ge\u00e7en b\u00fct\u00fcn arkada\u015flar\u0131ma, ba\u015fta emektar Atilla Sav\u2019a te\u015fekk\u00fcr\u00fc bor\u00e7 bilirim&#8230;<\/p>\n<p style=\"text-align: justify;\">T\u00fcm delege arkada\u015flardan iste\u011fim, yar\u0131nki kurultaya kat\u0131lmalar\u0131 ve hi\u00e7bir provokasyona yol a\u00e7\u0131lmamas\u0131. Yapanlar olursa da sessiz kal\u0131narak kurultay\u0131n bitirilmesi. Ayr\u0131ca yar\u0131nki kurultay\u0131n ba\u015fka salonda olma nedeni, bu salonun uygun olmay\u0131\u015f\u0131ndand\u0131r&#8230;<\/p>\n<p style=\"text-align: justify;\">Bu t\u00fcz\u00fck, sadece CHP a\u00e7\u0131s\u0131ndan de\u011fil T\u00fcrk siyasal ya\u015fam\u0131 ve demokrasi tarihi a\u00e7\u0131s\u0131ndan da d\u00f6n\u00fcm noktas\u0131d\u0131r. Bunu beraber kurduk, sa\u011folun varolun&#8230;\u201d \u015feklinde konu\u015ftu.<\/p>\n<p style=\"text-align: justify;\"><strong>YEN\u0130 T\u00dcZ\u00dcKTE NELER VAR?<\/strong><\/p>\n<p style=\"text-align: justify;\">T\u00fcz\u00fckte muhaliflerin 9 iste\u011finden 7\u2019si yerine getirildi.<\/p>\n<p style=\"text-align: justify;\">Haz\u0131rlanan taslakta muhaliflerin isteklerinde yer alan ve Genel Merkez&#8217;in ilk etapta so\u011fuk bakt\u0131\u011f\u0131 &#8216;\u00f6rg\u00fctlere hazine yard\u0131m\u0131ndan y\u00fczde 40 pay verilmesi&#8217; karara ba\u011fland\u0131.<\/p>\n<p style=\"text-align: justify;\">Milletvekili adaylar\u0131n\u0131 belirleme konusunda da t\u00fcz\u00fck tasla\u011f\u0131nda yenilikler yap\u0131ld\u0131. 550 milletvekili aday\u0131n\u0131 belirlemede y\u00fczde 10&#8217;un alt\u0131nda oy al\u0131nan iller hari\u00e7 y\u00fczde 15&#8217;lik merkez yoklamas\u0131 ile adaylar belirlenecek. B\u00f6ylece 63 milletvekilini Genel Merkez belirleyebilecek. Geri kalan b\u00f6lgelerde ise milletvekili adaylar\u0131 i\u00e7in \u00f6n se\u00e7im yap\u0131lacak.<\/p>\n<p style=\"text-align: justify;\">Parti Meclisi say\u0131s\u0131 ise 80&#8217;den 60&#8217;a d\u00fc\u015f\u00fcr\u00fcld\u00fc. \u00dczerinde tart\u0131\u015fma ya\u015fanan bir ba\u015fka konu olan kad\u0131n kotas\u0131 ise y\u00fczde 25&#8217;den y\u00fczde 33&#8217;e \u00e7\u0131kar\u0131ld\u0131.<\/p>\n<p style=\"text-align: justify;\"><strong>KURULTAYDA NELER YA\u015eANDI?<\/strong><\/p>\n<p style=\"text-align: justify;\">Kurultaya ka\u00e7 delegenin kat\u0131ld\u0131\u011f\u0131 tart\u0131\u015fmalar\u0131 ya\u015fand\u0131.<\/p>\n<p style=\"text-align: justify;\">CHP Genel Ba\u015fkan Yard\u0131mc\u0131s\u0131 Nihat Matkap, kongreye kat\u0131lan delege say\u0131s\u0131n\u0131 946 olarak a\u00e7\u0131klad\u0131. Ancak muhalifler say\u0131n\u0131n \u00e7ok daha az oldu\u011funu iddia etti. Muhalif kanattan Mersin milletvekili \u0130sa G\u00f6k, kurultay i\u00e7in yeterli delege say\u0131s\u0131 olmad\u0131\u011f\u0131n\u0131 iddia ederek kurultay divan\u0131na bir dilek\u00e7e verdi. \u0130sa G\u00f6k ile partililer aras\u0131nda gerginlik ya\u015fand\u0131.<\/p>\n<p style=\"text-align: justify;\"><strong>300&#8217;E YAKIN F\u0130RE VER\u0130LD\u0130<\/strong><\/p>\n<p style=\"text-align: justify;\">Divan, 1247 delegenin 948&#8217;inin kurultaya geldi\u011fi a\u00e7\u0131kland\u0131. Muhalifler, kurultay\u0131n toplanmamas\u0131 i\u00e7in gerekli delege say\u0131s\u0131 olan 624&#8217;\u00fcn bulunamamas\u0131 i\u00e7in kurultaya kat\u0131lmama yolunu se\u00e7mi\u015flerdi. Bu sonu\u00e7 yakla\u015f\u0131k 300 delegenin kurultaya gelmedi\u011fini g\u00f6steriyor.<\/p>\n<p style=\"text-align: justify;\">Bu arada muhalifler ise kurultaya 583 delegenin kat\u0131ld\u0131\u011f\u0131n\u0131 \u00f6ne s\u00fcrd\u00fc ve salona noter getirerek delegelerin imzalar\u0131n\u0131 tespit ettirmek istedi.<\/p>\n<p style=\"text-align: justify;\"><strong>SALONDAN NOTLAR<\/strong><\/p>\n<p style=\"text-align: justify;\">Salon, CHP&#8217;nin k\u0131rm\u0131z\u0131 ve beyaz renklerinin d\u0131\u015f\u0131nda, demokrasi ve bar\u0131\u015f\u0131n rengi olarak an\u0131lan mavi ile s\u00fcslendi.<\/p>\n<p style=\"text-align: justify;\">Atat\u00fcrk&#8217;\u00fcn g\u00f6\u011fs\u00fcnde CHP rozeti ta\u015f\u0131yan foto\u011fraf\u0131 ile CHP Lideri Kemal K\u0131l\u0131\u00e7daro\u011flu&#8217;nun kravats\u0131z foto\u011fraf\u0131 salonun en g\u00f6r\u00fcn\u00fcr yerine as\u0131ld\u0131.<\/p>\n<p style=\"text-align: justify;\">Onuncu Y\u0131l Mar\u015f\u0131 salonda en \u00e7ok s\u00f6ylenen mar\u015flardand\u0131. Ayr\u0131ca, Z\u00fclf\u00fc Livaneli, Edip Akbayram, Cem Karaca ve Selda Ba\u011fcan\u2019\u0131n \u015fark\u0131lar\u0131 da \u00e7al\u0131n\u0131yord\u0131.<\/p>\n<p style=\"text-align: justify;\">D\u0131\u015far\u0131ya konulan dev ekranla da halk\u0131n kurultay\u0131 an be an izlemesi sa\u011fland\u0131.<\/p>\n<p style=\"text-align: justify;\"><strong>CHP&#8217;N\u0130N YEN\u0130 T\u00dcZ\u00dc\u011e\u00dc<\/strong><\/p>\n<p style=\"text-align: justify;\">CHP&#8217;nin 47 maddede de\u011fi\u015fiklik getiren yeni t\u00fcz\u00fc\u011f\u00fc, PM ve MYK&#8217;n\u0131n olu\u015fumunu d\u00fczenleyen maddeler hari\u00e7, 1 Mart 2012&#8217;de, bu iki madde ise 34. ola\u011fan kurultay\u0131n topland\u0131\u011f\u0131 g\u00fcn y\u00fcr\u00fcrl\u00fc\u011fe girecek.<\/p>\n<p style=\"text-align: justify;\">De\u011fi\u015ftirilen t\u00fcz\u00fc\u011fe g\u00f6re, CHP&#8217;nin ilkeleri ve de\u011ferleri, programda yer alan bi\u00e7imiyle say\u0131larak yeniden d\u00fczenlendi.<\/p>\n<p style=\"text-align: justify;\">\u0130nsan haklar\u0131, kad\u0131n-erkek e\u015fitli\u011fi, \u00e7o\u011fulcu ve kat\u0131l\u0131mc\u0131 demokrasi ilkeleriyle geli\u015ftirilen t\u00fcz\u00fc\u011f\u00fcn &#8221;Ama\u00e7&#8221; ba\u015fl\u0131kl\u0131 \u00fc\u00e7\u00fcnc\u00fc maddesi, &#8221;Demokratik ve laik hukuk devleti, bireylerin hak ve \u00f6zg\u00fcrl\u00fckleri, kad\u0131n ve \u00e7ocuklar\u0131n korunmas\u0131, engelli haklar\u0131n\u0131n g\u00f6zetilmesinin&#8221; yan\u0131 s\u0131ra aralar\u0131nda &#8221;\u00c7evre ve hayvan haklar\u0131, teknolojik geli\u015fmeye, yenili\u011fe ve de\u011fi\u015fime a\u00e7\u0131k \u00f6zg\u00fcr ve ele\u015ftirel d\u00fc\u015f\u00fcnceye sahip toplum bireylerinin yeti\u015ftirilmesi&#8221; gibi konular\u0131n da tan\u0131mlanmas\u0131yla olu\u015fturuldu. &#8221;Emperyalizmin \u00f6nlenmesi i\u00e7in m\u00fccadele etmek&#8221; de ama\u00e7lar aras\u0131nda say\u0131ld\u0131.<\/p>\n<p style=\"text-align: justify;\">Parti \u00fcyelerinin g\u00f6rev ve haklar\u0131 b\u00f6l\u00fcm\u00fcndeki d\u00fczenleme ile parti \u00fcyelerinin ba\u011fl\u0131 olduklar\u0131 il\u00e7e ba\u015fkanl\u0131klar\u0131na y\u0131lda 12\u2013120 lira aras\u0131nda aidat verecekler. \u0130l\u00e7e ba\u015fkanl\u0131klar\u0131, bu \u00f6dentinin y\u00fczde 15&#8217;ini il ba\u015fkanl\u0131\u011f\u0131na aktaracak. Bu y\u00fck\u00fcml\u00fcl\u00fc\u011f\u00fcn\u00fc yerine getirmeyen \u00fcyeleri, parti i\u00e7i se\u00e7me ve se\u00e7ilme haklar\u0131n\u0131 kullanamayacak.<\/p>\n<p style=\"text-align: justify;\">T\u00fcz\u00fc\u011f\u00fcn \u00fcyelik ba\u015fl\u0131kl\u0131 maddelerinde de d\u00fczenlemeye ve sadele\u015ftirilmeye gidildi. \u00dcyelik ba\u015fvurular\u0131n\u0131n kolayla\u015ft\u0131r\u0131lmas\u0131 i\u00e7in internet \u00fczerinden \u00f6n ba\u015fvuru olana\u011f\u0131 getirildi.<\/p>\n<p style=\"text-align: justify;\">T\u00fcz\u00fckte &#8221;Aday \u00fcyelik&#8221; ba\u015fl\u0131kl\u0131 9. madde, &#8221;\u00fcyelik ba\u015fvurusunun ask\u0131ya \u00e7\u0131kar\u0131lmas\u0131&#8221; ba\u015fl\u0131\u011f\u0131 ile yeniden d\u00fczenlendi. Aday \u00fcyelikle ilgili d\u00fczenleme kald\u0131r\u0131l\u0131rken, \u00fcyelik i\u00e7in yap\u0131lan ba\u015fvurulara 15 g\u00fcnl\u00fck ask\u0131 s\u00fcresi i\u00e7erisinde itiraz edilmedi\u011finde ba\u015fvuru sahibinin \u00fcye yaz\u0131lmas\u0131 benimsendi.<\/p>\n<p style=\"text-align: justify;\"><strong>MYK karar\u0131 ile \u00fcyelik<\/strong><\/p>\n<p style=\"text-align: justify;\">Yeni t\u00fcz\u00fckte MYK karar\u0131 ile \u00fcye yaz\u0131m\u0131 da yeniden d\u00fczenlendi.<\/p>\n<p style=\"text-align: justify;\">&#8221;Y\u0131\u011fma \u00fcye&#8221; tart\u0131\u015fmalar\u0131na neden olan bu maddede &#8221;amac\u0131na uygun kullan\u0131lmas\u0131n\u0131 sa\u011flamak gerek\u00e7esiyle&#8221; d\u00fczenlendi. Buna g\u00f6re &#8221;Nitelikleri gere\u011fi, \u00fcyeli\u011fe bu madde h\u00fckm\u00fc uyar\u0131nca al\u0131nanlar, 3 ay s\u00fcreyle yaln\u0131z se\u00e7ilme hakk\u0131ndan yararlanacakt\u0131r&#8221; \u015feklinde de\u011fi\u015ftirildi. MYK karar\u0131 ile partiye \u00fcye yaz\u0131lanlar\u0131n 3 ay boyunca se\u00e7me hakk\u0131n\u0131 kullanmas\u0131 durumu ortadan kald\u0131r\u0131ld\u0131.<\/p>\n<p style=\"text-align: justify;\">T\u00fcz\u00fckte yap\u0131lan de\u011fi\u015fiklikle parti \u00fcyelerinin e\u011fitim almalar\u0131 ve \u00fcyenin ald\u0131\u011f\u0131 e\u011fitimlerin \u00fcye defteri ve \u00fcye k\u00fct\u00fc\u011f\u00fcne i\u015flenmesi kural\u0131 getirildi.<\/p>\n<p style=\"text-align: justify;\">\u0130l ve il\u00e7elerde y\u00f6netim kurulu \u00fcyelerinin, il, il\u00e7e sekreteri, sayman ve bili\u015fim sorumlusu se\u00e7meleri \u00f6ng\u00f6r\u00fcl\u00fcyor. \u0130l ba\u015fkanlar\u0131n\u0131n g\u00f6revleri de daha ayr\u0131nt\u0131l\u0131 olarak tan\u0131mland\u0131.<\/p>\n<p style=\"text-align: justify;\"><strong>PM \u00fcye say\u0131s\u0131 60, MYK \u00fcye say\u0131s\u0131 17 oldu<\/strong><\/p>\n<p style=\"text-align: justify;\">PM&#8217;nin 80 olan \u00fcye say\u0131s\u0131, 60&#8217;a indirildi.<\/p>\n<p style=\"text-align: justify;\">T\u00fcz\u00fckte MYK&#8217;n\u0131n \u00fcye say\u0131s\u0131 da rakamsal olarak ifade edildi ve 17 olarak belirlendi. Kad\u0131n ve gen\u00e7lik kollar\u0131 ba\u015fkanlar\u0131 PM ve MYK toplant\u0131lar\u0131na kat\u0131labilecek ancak oy kullanamayacak.<\/p>\n<p style=\"text-align: justify;\">Ulusal ve uluslararas\u0131 mevzuata uygun olmak kayd\u0131yla Avrupa Birli\u011fi \u00fcyesi \u00fclkelerle \u0130svi\u00e7re, Norve\u00e7, Rusya, ABD, Kanada, Avustralya ve KKTC&#8217;de, Avrasya ve Kafkasya \u00fclkeleriyle bu \u00fclkelerdeki uluslararas\u0131 kurulu\u015flar nezdinde yurtd\u0131\u015f\u0131 temsilcilikleri kurulabilecek.<\/p>\n<p style=\"text-align: justify;\">Yeni t\u00fcz\u00fckte il ve il\u00e7e y\u00f6netim kurulu \u00fcyeliklerinin \u00fcye tam say\u0131s\u0131n\u0131n \u00fc\u00e7te ikisinin alt\u0131na inmesi halinde d\u00fc\u015fm\u00fc\u015f say\u0131laca\u011f\u0131, as\u0131l \u00fcyeliklerde ayn\u0131 g\u00fcn i\u00e7inde yar\u0131dan fazla bo\u015falma olmas\u0131 haliyle birlikte, her iki durumda da il\u00e7elerde 45 g\u00fcn, illerde ise 30 g\u00fcn i\u00e7inde ola\u011fan\u00fcst\u00fc kongreye gitme zorunlulu\u011fu getirildi. Ayr\u0131ca il ve il\u00e7e kongrelerinin toplanmalar\u0131yla ilgili say\u0131, \u00fcye tam say\u0131s\u0131n\u0131n salt \u00e7o\u011funlu\u011fu olarak benimsendi.<\/p>\n<p style=\"text-align: justify;\">Yeni t\u00fcz\u00fckte ola\u011fan\u00fcst\u00fc genel \u00e7a\u011fr\u0131lar\u0131n\u0131n birden fazla oldu\u011fu durumlarda, Genel Ba\u015fkana bu \u00e7a\u011fr\u0131lar\u0131 birle\u015ftirme yetkisi verildi.<\/p>\n<p style=\"text-align: justify;\">Birle\u015ftirilerek yap\u0131lacak ola\u011fan\u00fcst\u00fc kurultay g\u00fcndeminin, her g\u00fcndemin ayr\u0131 ayr\u0131 oylanarak g\u00f6r\u00fc\u015f\u00fclmesine olanak tan\u0131yacak bi\u00e7imde belirlenmesi kural\u0131 getirildi.<\/p>\n<p style=\"text-align: justify;\"><strong>Genel Ba\u015fkan se\u00e7imi<\/strong><\/p>\n<p style=\"text-align: justify;\">CHP t\u00fcz\u00fc\u011f\u00fcn\u00fcn en \u00e7ok ele\u015ftirilen maddelerinden biri olan Genel Ba\u015fkan aday\u0131 \u00f6nerme ile ilgili madde de yeniden d\u00fczenlendi. Aday \u00f6nerme ile ilgili y\u00fczde 20 olan oran y\u00fczde 10&#8217;a indirilirken, &#8221;Ba\u015fkanl\u0131k Divan\u0131 \u00f6neriyi ve imza sahiplerinin adlar\u0131n\u0131 okur ve varsa itirazlar\u0131 karara ba\u011flar. Bir delege, adaylardan sadece biri i\u00e7in imza verir&#8221; ifadesi yer ald\u0131.<\/p>\n<p style=\"text-align: justify;\">Kurultayda organ se\u00e7imlerinde kural olarak tek ve ortak liste (\u00e7ar\u015faf liste) benimsendi. Ancak gu\u00a8ndemin \u00e7al\u0131\u015fma raporu ve g\u00f6ru\u00a8\u015fmeler maddesine ge\u00e7ilmeden \u00f6nce Kurultay u\u00a8yelerinin onda birinin \u00f6nerisi ve Kurultaya kat\u0131lan u\u00a8yelerin salt \u00e7o\u011funlu\u011fuyla blok liste usul\u00fcyle se\u00e7imlerin yap\u0131lmas\u0131na karar verilebilece\u011fi belirtildi.<\/p>\n<p style=\"text-align: justify;\">Milletvekili genel se\u00e7imlerinde merkez yoklamas\u0131 yoluyla belirlenecek adaylar\u0131n tespitinde ve parti organlar\u0131 \u00fcyeliklerinde, kongre ve kurultay delegesi se\u00e7imlerinde en az y\u00fczde 33 cinsiyet kotas\u0131 uygulanmas\u0131 kararla\u015ft\u0131r\u0131ld\u0131. Milletvekili genel se\u00e7imlerinde merkez yoklamas\u0131 yoluyla belirlenecek adaylar\u0131n tespitinde ve parti organlar\u0131 \u00fcyeliklerinde, kongre ve kurultay delegesi se\u00e7imlerinde gen\u00e7lik kotas\u0131 ise y\u00fczde 10 olarak uygulanacak.<\/p>\n<p style=\"text-align: justify;\"><strong>&#8221;Onur kurulu olu\u015fturuldu&#8221;<\/strong><\/p>\n<p style=\"text-align: justify;\">Partinin eski genel ba\u015fkanlar\u0131, TBMM Ba\u015fkanl\u0131\u011f\u0131, Ba\u015fkanvekilli\u011fi ve bakanl\u0131k yapm\u0131\u015f \u00fcyelerin yer ald\u0131\u011f\u0131 &#8221;Onur Kurulu&#8221; olu\u015fturulacak. Kurul \u00fcyeleri, ayn\u0131 zamanda kurultay\u0131n do\u011fal \u00fcyeleri olacak.<\/p>\n<p style=\"text-align: justify;\">Milletvekilli\u011fi adayl\u0131\u011f\u0131 i\u00e7in \u00f6n se\u00e7im ve aday yoklamas\u0131 \u00f6ncelikli olarak belirlendi. Hangi se\u00e7im \u00e7evrelerinde \u00f6n se\u00e7im, aday yoklamas\u0131 ya da merkez yoklamas\u0131n\u0131n uygulanaca\u011f\u0131na PM karar verecek.<\/p>\n<p style=\"text-align: justify;\">Adaylar\u0131n toplam say\u0131s\u0131, Genel Merkezce Y\u00fcksek Se\u00e7im Kurulu Ba\u015fkanl\u0131\u011f\u0131&#8217;na sunulan partinin g\u00f6sterdi\u011fi milletvekili adaylar\u0131n\u0131n y\u00fczde 15&#8217;inden fazla olamayacak.<\/p>\n<p style=\"text-align: justify;\">De\u011fi\u015fikli\u011fe g\u00f6re partinin ald\u0131\u011f\u0131 Hazine yard\u0131m\u0131n\u0131n y\u00fczde 40&#8217;\u0131 il ve il\u00e7e \u00f6rg\u00fctlerine g\u00f6nderilecek.<\/p>\n<p style=\"text-align: justify;\">Parti i\u00e7i e\u011fitim de ayr\u0131nt\u0131l\u0131 olarak d\u00fczenlendi. Etkin \u00fcyelik i\u00e7in her \u00fcyenin s\u00fcrekli e\u011fitimi temel al\u0131nd\u0131.<\/p>\n<p style=\"text-align: justify;\">Bundan b\u00f6yle parti program\u0131 ve t\u00fcz\u00fckte de\u011fi\u015fiklik yap\u0131lmas\u0131 yetkisi kurultayda olacak. De\u011fi\u015fiklik \u00f6nerilerini, Genel Ba\u015fkan, Parti Meclisi veya Kurultay \u00fcyelerinin yirmide birinin yaz\u0131l\u0131 olarak vermesi gerekecek. Program ve tu\u00a8zu\u00a8k de\u011fi\u015fikliklerinde karar yeter say\u0131s\u0131, Kurultay \u00fcye tam say\u0131s\u0131n\u0131n salt \u00e7o\u011funlu\u011fu olacak.<\/p>\n<p style=\"text-align: justify;\"><a href=\"http:\/\/www.ntvmsnbc.com\/id\/25325437\/\" target=\"_blank\">Kaynak : NTVMSNBC<\/a><\/p>\n","protected":false},"excerpt":{"rendered":"<p style=\"text-align: center;\">\n<p style=\"text-align: justify;\">CHP&#8217;de, genel merkez ile muhalifleri kar\u015f\u0131 kar\u015f\u0131ya getiren kurultay maratonun ilk g\u00fcn\u00fc tamamaland\u0131. \u0130sa G\u00f6k arbedesinin dikkat \u00e7ekti\u011fi g\u00fcnde yeni t\u00fcz\u00fck kabul edilirken, Kemal K\u0131l\u0131\u00e7daro\u011flu delegeleri muhalefetin yar\u0131nki kurultay\u0131na \u00e7a\u011f\u0131rd\u0131.<\/p>\n<p style=\"text-align: justify;\">ANKARA &#8211; Cumhuriyet Halk Partisi&#8217;nin 16. Ola\u011fan\u00fcst\u00fc Kurultay\u0131 Ankara Arena Spor Salonu&#8217;nda yap\u0131ld\u0131. <\/p>\n","protected":false},"author":1,"featured_media":0,"comment_status":"open","ping_status":"open","sticky":false,"template":"","format":"standard","meta":{"footnotes":""},"categories":[105],"tags":[],"class_list":["post-49012","post","type-post","status-publish","format-standard","hentry","category-gundem","odd"],"_links":{"self":[{"href":"http:\/\/www.korhanyilmaz.com\/index.php?rest_route=\/wp\/v2\/posts\/49012","targetHints":{"allow":["GET"]}}],"collection":[{"href":"http:\/\/www.korhanyilmaz.com\/index.php?rest_route=\/wp\/v2\/posts"}],"about":[{"href":"http:\/\/www.korhanyilmaz.com\/index.php?rest_route=\/wp\/v2\/types\/post"}],"author":[{"embeddable":true,"href":"http:\/\/www.korhanyilmaz.com\/index.php?rest_route=\/wp\/v2\/users\/1"}],"replies":[{"embeddable":true,"href":"http:\/\/www.korhanyilmaz.com\/index.php?rest_route=%2Fwp%2Fv2%2Fcomments&post=49012"}],"version-history":[{"count":0,"href":"http:\/\/www.korhanyilmaz.com\/index.php?rest_route=\/wp\/v2\/posts\/49012\/revisions"}],"wp:attachment":[{"href":"http:\/\/www.korhanyilmaz.com\/index.php?rest_route=%2Fwp%2Fv2%2Fmedia&parent=49012"}],"wp:term":[{"taxonomy":"category","embeddable":true,"href":"http:\/\/www.korhanyilmaz.com\/index.php?rest_route=%2Fwp%2Fv2%2Fcategories&post=49012"},{"taxonomy":"post_tag","embeddable":true,"href":"http:\/\/www.korhanyilmaz.com\/index.php?rest_route=%2Fwp%2Fv2%2Ftags&post=49012"}],"curies":[{"name":"wp","href":"https:\/\/api.w.org\/{rel}","templated":true}]}}