{"id":49008,"date":"2012-02-25T18:45:39","date_gmt":"2012-02-25T16:45:39","guid":{"rendered":"http:\/\/www.korhanyilmaz.com\/?p=49008"},"modified":"2012-02-25T21:04:45","modified_gmt":"2012-02-25T19:04:45","slug":"erdogan-desteklemeye-devam-edecegiz","status":"publish","type":"post","link":"http:\/\/www.korhanyilmaz.com\/?p=49008","title":{"rendered":"Erdo\u011fan: &#8220;Desteklemeye devam edece\u011fiz&#8221;"},"content":{"rendered":"<p style=\"text-align: center;\"><a href=\"http:\/\/www.korhanyilmaz.com\/wp-content\/uploads\/2012\/02\/9020.jpg\"  class=\"lightview\"><img loading=\"lazy\" decoding=\"async\" class=\"aligncenter  wp-image-49009\" src=\"http:\/\/www.korhanyilmaz.com\/wp-content\/uploads\/2012\/02\/9020.jpg\" alt=\"\" width=\"280\" height=\"193\" \/><\/a><\/p>\n<p style=\"text-align: justify;\">Ba\u015fbakan Recep Tayyip Erdo\u011fan, Libya Ba\u015fbakan\u0131 ile g\u00f6r\u00fc\u015ft\u00fc. Erdo\u011fan, ge\u00e7i\u015f s\u00fcrecini t\u00fcm imkanlar\u0131yla desteklemeye devam edeceklerini s\u00f6yledi. T\u00fcrkiye&#8217;de tedavi g\u00f6ren yaral\u0131 Libyal\u0131lardan baz\u0131 \u00f6zel hastanelerin \u00fccret talep etti\u011fi y\u00f6n\u00fcnde ula\u015fan bilgilerin de \u00fczerine gideceklerini belirtti.\u00a0<!--more--><\/p>\n<p style=\"text-align: justify;\">Ba\u015fbakan Erdo\u011fan, Libya Ba\u015fbakan\u0131 Abdurrahim El Kib ile ba\u015f ba\u015fa g\u00f6r\u00fc\u015fmesinin ard\u0131ndan ger\u00e7ekle\u015ftirilen heyetler aras\u0131 g\u00f6r\u00fc\u015fmeden sonra d\u00fczenlenen ortak bas\u0131n toplant\u0131s\u0131nda yapt\u0131\u011f\u0131 konu\u015fmada, &#8220;Aziz karde\u015fim&#8221; diye hitap etti\u011fi El Kib ve heyetine &#8220;\u00dclkemize ho\u015f geldiniz&#8221; diye seslendi.<\/p>\n<p style=\"text-align: justify;\">Gerek El Kib ile ikili g\u00f6r\u00fc\u015fmenin, gerekse heyetler aras\u0131 \u00e7al\u0131\u015fma yeme\u011finin karde\u015fane bir hava i\u00e7erisinde, iki \u00fclkenin gerek sorunlar\u0131n\u0131 de\u011ferlendirme, gerekse iki \u00fclke bakanlar\u0131n\u0131n yapt\u0131klar\u0131 \u00e7al\u0131\u015fmalar\u0131n de\u011ferlendirilmesi noktas\u0131nda \u00e7ok faydal\u0131 oldu\u011funu belirten Erdo\u011fan, g\u00f6r\u00fc\u015fmelerin, ili\u015fkilerin ele al\u0131nmas\u0131 konusunda iyi bir f\u0131rsat oldu\u011funu s\u00f6yledi.<\/p>\n<p style=\"text-align: justify;\">Erdo\u011fan, El Kib&#8217;in 31 Ekim 2011&#8217;de g\u00f6reve atand\u0131\u011f\u0131n\u0131 hat\u0131rlatarak, &#8220;Kendileri g\u00f6reve atanmas\u0131ndan sonra ilk ikili ziyaretini \u00fclkemizi ziyaret suretiyle ger\u00e7ekle\u015ftirece\u011fini s\u00f6ylemi\u015fti ve bu ziyaret de bu \u015fekilde ger\u00e7ekle\u015fmi\u015f oldu. Bundan dolay\u0131 \u015fahs\u0131m ve milletim ad\u0131na kendilerine te\u015fekk\u00fcr ediyorum&#8221; diye konu\u015ftu.<\/p>\n<p style=\"text-align: justify;\">Erdo\u011fan, bu ziyaretin, yeni Libya&#8217;n\u0131n, yeni y\u00f6netimin T\u00fcrkiye&#8217;ye atfetti\u011fi \u00f6nemi ve de\u011feri g\u00f6stermesi bak\u0131m\u0131ndan da farkl\u0131l\u0131k arz etti\u011fini vurgulad\u0131. Ge\u00e7en y\u0131l Eyl\u00fcl ay\u0131nda Libya&#8217;ya yapt\u0131\u011f\u0131 ziyarete de\u011finerek, verdikleri deste\u011fe ve anlatt\u0131. Yeni y\u00f6netimin i\u00e7 bar\u0131\u015f ve anayasal demokrasinin tesisi i\u00e7in g\u00f6sterdi\u011fi gayreti \u00f6ven Erdo\u011fan, &#8220;Libya&#8217;daki bu ge\u00e7i\u015f s\u00fcrecini bug\u00fcne kadar samimiyetle destekledik, bundan sonra da t\u00fcm imkanlar\u0131m\u0131zla desteklemeye devam edece\u011fiz&#8221; dedi.<\/p>\n<p style=\"text-align: justify;\"><strong>&#8220;Bizden istenen ne olursa yard\u0131mc\u0131 olmaya gayret edece\u011fiz&#8221;\u00a0<\/strong><\/p>\n<p style=\"text-align: justify;\">Libya&#8217;daki y\u00f6netimin ge\u00e7i\u015f s\u00fcrecinin tamamlanmas\u0131ndan taviz vermeyece\u011fi d\u00fc\u015f\u00fcncesinde oldu\u011funu dile getiren Erdo\u011fan, \u015funlar\u0131 s\u00f6yledi:<\/p>\n<p style=\"text-align: justify;\">&#8220;Bu \u00e7er\u00e7evede \u00fclkedeki g\u00fcvenlik birimlerinin yeniden yap\u0131lanmas\u0131 ve milis g\u00fc\u00e7lerinin da\u011f\u0131t\u0131lmas\u0131 \u00f6zellikle \u00f6nem arz ediyor. Libya&#8217;da i\u00e7 g\u00fcvenli\u011fin tesis edilmesi i\u00e7in T\u00fcrkiye olarak bizler gerek e\u011fitim, gerek malzeme yard\u0131m\u0131 sa\u011flanmas\u0131 hususunda bir dizi ad\u0131m at\u0131yor, \u00e7e\u015fitli giri\u015fimlerde bulunuyoruz. Nitekim Ocak ay\u0131nda da bu konuyla ilgili bir ekibimiz Libya&#8217;ya gitti. Libya g\u00fcvenlik g\u00fc\u00e7lerinin ihtiya\u00e7lar\u0131n\u0131 kar\u015f\u0131lamak amac\u0131yla bizden istenen ne olursa bundan sonraki s\u00fcre\u00e7te de kendilerine yard\u0131mc\u0131 olmaya gayret edece\u011fiz.&#8221;<\/p>\n<p style=\"text-align: justify;\"><strong>&#8220;\u00dccret talep eden hastanelerin \u00fczerine gidece\u011fiz&#8221;\u00a0<\/strong><\/p>\n<p style=\"text-align: justify;\">T\u00fcrkiye&#8217;de tedavisi s\u00fcren yaral\u0131 Libyal\u0131lardan baz\u0131 \u00f6zel hastanelerin \u00fccret talep etti\u011fi y\u00f6n\u00fcnde kendilerine bilgiler ula\u015ft\u0131\u011f\u0131n\u0131 ifade eden Erdo\u011fan, \u015f\u00f6yle konu\u015ftu:<\/p>\n<p style=\"text-align: justify;\">&#8220;Bug\u00fcne kadar Libya&#8217;daki yaral\u0131, hasta karde\u015flerimizin T\u00fcrkiye&#8217;deki tedavisiyle alakal\u0131 bir devlet hastanelerinde olan tedaviler, bir de \u00f6zel hastanelerde olan tedaviler&#8230; Devlet hastanelerinde olan tedavilerle ilgili olarak zaten bizim herhangi bir beklentimiz olmad\u0131\u011f\u0131 gibi, bir \u00fccret tahsili de s\u00f6z konusu olmam\u0131\u015ft\u0131r. Fakat baz\u0131 \u00f6zel hastanelerin, ki \u015fu anda bunlar\u0131n \u00fczerindeyiz, takip\u00e7isiyiz ve \u00e7ok farkl\u0131 bir \u015fekilde burada \u00fccretler tahsil edildi\u011fine dair bug\u00fcn bilgiler bize aktar\u0131ld\u0131 ve biz kendilerinden belgeler istedik ve bu belgeleri almak suretiyle de bunlar\u0131n \u00fczerine gidece\u011fiz. Bu konuyla ilgili yap\u0131lmas\u0131 gereken ne varsa bunu da yapaca\u011f\u0131z. Bunu ben tamam\u0131yla insan hayat\u0131n\u0131 f\u0131rsata d\u00f6n\u00fc\u015ft\u00fcrmek olarak g\u00f6r\u00fcyorum. Sa\u011fl\u0131\u011f\u0131 f\u0131rsata d\u00f6n\u00fc\u015ft\u00fcrmek isteyenlerin, bu t\u00fcr olaylar\u0131 f\u0131rsata d\u00f6n\u00fc\u015ft\u00fcrmek isteyenlerin, kusura bakmas\u0131nlar bir bu millete yak\u0131\u015fan hi\u00e7bir yan\u0131 olamaz, iki bizim idaremizde b\u00f6yle bir faaliyet g\u00f6steremez. Bunun da gere\u011fini yapaca\u011f\u0131m\u0131z\u0131 burada \u00f6zellikle bu bas\u0131n toplant\u0131s\u0131 vesilesiyle a\u00e7\u0131klamak istiyorum.&#8221;<\/p>\n<p style=\"text-align: justify;\"><a href=\"http:\/\/www.cnnturk.com\/2012\/turkiye\/02\/25\/erdogan.desteklemeye.devam.edecegiz\/650679.0\/index.html\" target=\"_blank\">Kaynak : CNN T\u00dcRK<\/a><\/p>\n","protected":false},"excerpt":{"rendered":"<p style=\"text-align: center;\">\n<p style=\"text-align: justify;\">Ba\u015fbakan Recep Tayyip Erdo\u011fan, Libya Ba\u015fbakan\u0131 ile g\u00f6r\u00fc\u015ft\u00fc. Erdo\u011fan, ge\u00e7i\u015f s\u00fcrecini t\u00fcm imkanlar\u0131yla desteklemeye devam edeceklerini s\u00f6yledi. T\u00fcrkiye&#8217;de tedavi g\u00f6ren yaral\u0131 Libyal\u0131lardan baz\u0131 \u00f6zel hastanelerin \u00fccret talep etti\u011fi y\u00f6n\u00fcnde ula\u015fan bilgilerin de \u00fczerine gideceklerini belirtti. <\/p>\n","protected":false},"author":1,"featured_media":0,"comment_status":"open","ping_status":"open","sticky":false,"template":"","format":"standard","meta":{"footnotes":""},"categories":[105],"tags":[],"class_list":["post-49008","post","type-post","status-publish","format-standard","hentry","category-gundem","odd"],"_links":{"self":[{"href":"http:\/\/www.korhanyilmaz.com\/index.php?rest_route=\/wp\/v2\/posts\/49008","targetHints":{"allow":["GET"]}}],"collection":[{"href":"http:\/\/www.korhanyilmaz.com\/index.php?rest_route=\/wp\/v2\/posts"}],"about":[{"href":"http:\/\/www.korhanyilmaz.com\/index.php?rest_route=\/wp\/v2\/types\/post"}],"author":[{"embeddable":true,"href":"http:\/\/www.korhanyilmaz.com\/index.php?rest_route=\/wp\/v2\/users\/1"}],"replies":[{"embeddable":true,"href":"http:\/\/www.korhanyilmaz.com\/index.php?rest_route=%2Fwp%2Fv2%2Fcomments&post=49008"}],"version-history":[{"count":0,"href":"http:\/\/www.korhanyilmaz.com\/index.php?rest_route=\/wp\/v2\/posts\/49008\/revisions"}],"wp:attachment":[{"href":"http:\/\/www.korhanyilmaz.com\/index.php?rest_route=%2Fwp%2Fv2%2Fmedia&parent=49008"}],"wp:term":[{"taxonomy":"category","embeddable":true,"href":"http:\/\/www.korhanyilmaz.com\/index.php?rest_route=%2Fwp%2Fv2%2Fcategories&post=49008"},{"taxonomy":"post_tag","embeddable":true,"href":"http:\/\/www.korhanyilmaz.com\/index.php?rest_route=%2Fwp%2Fv2%2Ftags&post=49008"}],"curies":[{"name":"wp","href":"https:\/\/api.w.org\/{rel}","templated":true}]}}