{"id":4900,"date":"2009-03-12T13:16:26","date_gmt":"2009-03-12T11:16:26","guid":{"rendered":"http:\/\/www.korhanyilmaz.com\/?p=4900"},"modified":"2009-03-12T13:16:26","modified_gmt":"2009-03-12T11:16:26","slug":"bekarogludan-sok-aciklamalar","status":"publish","type":"post","link":"http:\/\/www.korhanyilmaz.com\/?p=4900","title":{"rendered":"Bekaro\u011flu&#039;dan \u015fok a\u00e7\u0131klamalar"},"content":{"rendered":"<p style=\"text-align: center;\"><img loading=\"lazy\" decoding=\"async\" class=\"aligncenter size-full wp-image-4901\" title=\"Bekaro\u011flu'dan \u015fok a\u00e7\u0131klamalar \" src=\"http:\/\/www.korhanyilmaz.com\/wp-content\/uploads\/2009\/03\/120320091325340666735.jpg\" alt=\"Bekaro\u011flu'dan \u015fok a\u00e7\u0131klamalar \" width=\"376\" height=\"240\" \/><\/p>\n<p style=\"text-align: justify;\"><strong>&#8220;Se\u00e7ime birka\u00e7 g\u00fcn kala 28 \u015eubat d\u00f6neminin kudretli baz\u0131 simalar\u0131 ve baz\u0131 \u00fcnl\u00fc gazetecileri g\u00f6z alt\u0131na al\u0131nacak!&#8221;<\/strong><\/p>\n<p style=\"text-align: justify;\">Saadet Partisi \u0130stanbul B\u00fcy\u00fck\u015fehir Belediye Ba\u015fkan aday\u0131 Mehmet Bekaro\u011flu, &#8220;Ergenekon soru\u015fturmas\u0131 yerel se\u00e7imlere ara\u00e7 edilecektir&#8221; iddias\u0131nda bulundu.<\/p>\n<p style=\"text-align: justify;\">Bekaro\u011flu, Taksim Meydan\u0131&#8217;nda yapt\u0131\u011f\u0131 bas\u0131n a\u00e7\u0131klamas\u0131nda, &#8220;12 Mart 1971&#8217;de, d\u00f6nemin S\u00fcleyman Demirel h\u00fck\u00fcmetine muht\u0131ra verildi\u011fini&#8221; ifade ederek,&#8221;Demirel&#8217;in muht\u0131raya kar\u015f\u0131 direnmek yerine \u015fapkas\u0131n\u0131 al\u0131p gitti\u011fini&#8221; \u00f6ne s\u00fcrd\u00fc.<!--more--><br \/>\n&#8220;12 Mart\u0131n 27 May\u0131s 1960&#8217;daki darbenin, 27 May\u0131s\u0131n ise 1909&#8217;da Makedonya&#8217;da \u00f6rg\u00fctlenen ve &#8216;Serez \u00e7etesi&#8217; olarak bilinen bir cuntac\u0131 grubun devam\u0131 oldu\u011funu&#8221; iddia eden Bekaro\u011flu, &#8220;T\u00fcrkiye&#8217;nin 100 y\u0131ld\u0131r bir t\u00fcrl\u00fc bu \u00e7etelerin tasallutundan kurtulamad\u0131\u011f\u0131&#8221; g\u00f6r\u00fc\u015f\u00fcn\u00fc savundu.\n<\/p>\n<p style=\"text-align: justify;\">Bekaro\u011flu, &#8220;bu grubun, bazen me\u015fru bir ba\u015fbakan\u0131 &#8216;bebek\/k\u00f6pek davas\u0131&#8217;ile dara\u011fac\u0131nda katletti\u011fini, bazen meclise zorla cumhurba\u015fkan\u0131 dayatt\u0131\u011f\u0131n\u0131,bazen de 500 bin ki\u015fiden fazla insan\u0131 g\u00f6zalt\u0131na al\u0131p insanl\u0131k tarihinin ender g\u00f6rece\u011fi Mamak, Metris ve Diyarbak\u0131r zindanlar\u0131nda i\u015fkenceye tabi tuttu\u011funu&#8221; \u00f6ne s\u00fcrd\u00fc. Bekaro\u011flu, &#8220;Bug\u00fcn konu\u015fulan &#8216;Ergenekon ter\u00f6r \u00f6rg\u00fct\u00fc&#8217;n\u00fcn de bu gelene\u011fin NATO\/Gladyo ile takviyeli \u015feklinden ba\u015fka bir \u015fey olmad\u0131\u011f\u0131&#8221; iddias\u0131n\u0131 dile getirdi.<\/p>\n<p style=\"text-align: justify;\">Mehmet Bekaro\u011flu, &#8220;AK Parti&#8217;nin gerek dayand\u0131\u011f\u0131 sosyolojik taban, gerek i\u00e7inden \u00e7\u0131kt\u0131\u011f\u0131 siyasi gelenek itibar\u0131yla darbe ve darbecilerle ontolojik bir ayr\u0131m i\u00e7inde olmas\u0131 gerekti\u011fini, ancak AK Parti&#8217;nin bug\u00fcn darbe ve darbecilerkonusunda samimi davranmad\u0131\u011f\u0131n\u0131&#8221; iddia ederek, \u015fu g\u00f6r\u00fc\u015fleri savundu:<br \/>\n&#8220;As\u0131l \u015fa\u015f\u0131rt\u0131c\u0131 olan AK Parti&#8217;nin tutumudur. &#8216;Ya ben ya Ergenekon&#8217;diyerek bu \u00f6nemli konuyu g\u00fcndelik siyasete malzeme etmektedir. Asl\u0131nda AKP&#8217;nin kendisi de bir darbenin sonucunda kurulmu\u015ftur.\n<\/p>\n<p style=\"text-align: justify;\">28 \u015eubat s\u00fcreci sona erdi\u011finde ya da Ergenekon t\u00fcr\u00fc darbeci zihniyetler tasfiye edildi\u011finde konjonkt\u00fcr partisi olan AKP&#8217;ye de yol g\u00f6r\u00fcnecektir.<\/p>\n<p style=\"text-align: justify;\"><strong>28 \u015eUBAT&#8217;IN AKT\u00d6RLER\u0130 G\u00d6ZALTINA ALINACAK!<\/strong><\/p>\n<p style=\"text-align: justify;\">Yerel se\u00e7imlerde s\u0131k\u0131\u015fan AKP, \u00f6yle tahmin ediyorum ki, se\u00e7ime birka\u00e7 g\u00fcn kala 28 \u015eubat d\u00f6neminin kudretli baz\u0131 simalar\u0131n\u0131 ve baz\u0131 \u00fcnl\u00fc gazetecileri g\u00f6z alt\u0131na ald\u0131rtacak, bu hareketiyle se\u00e7imleri kurtarmaya \u00e7al\u0131\u015facakt\u0131r. Se\u00e7imlerden sonra ise g\u00f6zalt\u0131na al\u0131nanlar bir \u015fekilde Ko\u015fuyolu Hastanesi \u00fczerinden GATA Hastanesine ge\u00e7ip normal hayatlar\u0131na devam edeceklerdir. Yani Ergenekon soru\u015fturmas\u0131 yerel se\u00e7imlere ara\u00e7 edilecektir.&#8221;<\/p>\n<p style=\"text-align: justify;\"><span style=\"color: #888888;\">Kaynak : Vatan Gazetesi<\/span><\/p>\n<p style=\"text-align: justify;\">\n","protected":false},"excerpt":{"rendered":"<p style=\"text-align: center;\">\n<p style=\"text-align: justify;\">&#8220;Se\u00e7ime birka\u00e7 g\u00fcn kala 28 \u015eubat d\u00f6neminin kudretli baz\u0131 simalar\u0131 ve baz\u0131 \u00fcnl\u00fc gazetecileri g\u00f6z alt\u0131na al\u0131nacak!&#8221;<\/p>\n<p style=\"text-align: justify;\">Saadet Partisi \u0130stanbul B\u00fcy\u00fck\u015fehir Belediye Ba\u015fkan aday\u0131 Mehmet Bekaro\u011flu, &#8220;Ergenekon soru\u015fturmas\u0131 yerel se\u00e7imlere ara\u00e7 edilecektir&#8221; iddias\u0131nda bulundu.<\/p>\n<p style=\"text-align: justify;\">Bekaro\u011flu, Taksim Meydan\u0131&#8217;nda yapt\u0131\u011f\u0131 bas\u0131n a\u00e7\u0131klamas\u0131nda, &#8220;12 Mart 1971&#8217;de, d\u00f6nemin S\u00fcleyman Demirel <\/p>\n","protected":false},"author":1,"featured_media":0,"comment_status":"open","ping_status":"closed","sticky":false,"template":"","format":"standard","meta":{"footnotes":""},"categories":[105],"tags":[],"class_list":["post-4900","post","type-post","status-publish","format-standard","hentry","category-gundem","odd"],"_links":{"self":[{"href":"http:\/\/www.korhanyilmaz.com\/index.php?rest_route=\/wp\/v2\/posts\/4900","targetHints":{"allow":["GET"]}}],"collection":[{"href":"http:\/\/www.korhanyilmaz.com\/index.php?rest_route=\/wp\/v2\/posts"}],"about":[{"href":"http:\/\/www.korhanyilmaz.com\/index.php?rest_route=\/wp\/v2\/types\/post"}],"author":[{"embeddable":true,"href":"http:\/\/www.korhanyilmaz.com\/index.php?rest_route=\/wp\/v2\/users\/1"}],"replies":[{"embeddable":true,"href":"http:\/\/www.korhanyilmaz.com\/index.php?rest_route=%2Fwp%2Fv2%2Fcomments&post=4900"}],"version-history":[{"count":0,"href":"http:\/\/www.korhanyilmaz.com\/index.php?rest_route=\/wp\/v2\/posts\/4900\/revisions"}],"wp:attachment":[{"href":"http:\/\/www.korhanyilmaz.com\/index.php?rest_route=%2Fwp%2Fv2%2Fmedia&parent=4900"}],"wp:term":[{"taxonomy":"category","embeddable":true,"href":"http:\/\/www.korhanyilmaz.com\/index.php?rest_route=%2Fwp%2Fv2%2Fcategories&post=4900"},{"taxonomy":"post_tag","embeddable":true,"href":"http:\/\/www.korhanyilmaz.com\/index.php?rest_route=%2Fwp%2Fv2%2Ftags&post=4900"}],"curies":[{"name":"wp","href":"https:\/\/api.w.org\/{rel}","templated":true}]}}