{"id":48996,"date":"2012-02-25T18:36:36","date_gmt":"2012-02-25T16:36:36","guid":{"rendered":"http:\/\/www.korhanyilmaz.com\/?p=48996"},"modified":"2012-02-25T20:43:03","modified_gmt":"2012-02-25T18:43:03","slug":"turkiye-cemaatle-yonetiliyor","status":"publish","type":"post","link":"http:\/\/www.korhanyilmaz.com\/?p=48996","title":{"rendered":"T\u00fcrkiye cemaatle y\u00f6netiliyor"},"content":{"rendered":"<p style=\"text-align: center;\"><a href=\"http:\/\/www.korhanyilmaz.com\/wp-content\/uploads\/2012\/02\/9016.jpg\"  class=\"lightview\"><img loading=\"lazy\" decoding=\"async\" class=\"aligncenter  wp-image-48997\" src=\"http:\/\/www.korhanyilmaz.com\/wp-content\/uploads\/2012\/02\/9016.jpg\" alt=\"\" width=\"396\" height=\"180\" \/><\/a><\/p>\n<p style=\"text-align: justify;\">BDP Genel Ba\u015fkan\u0131 Selahattin Demirta\u015f: Bir y\u00f6netim zalimle\u015firse me\u015fruiyetini kaybeder.<\/p>\n<p style=\"text-align: justify;\">\u015eANLIURFA &#8211; \u015eanl\u0131urfa&#8217;n\u0131n Siverek \u0130l\u00e7esi&#8217;nde partililere seslenen BDP Genel Ba\u015fkan\u0131 Selahattin Demirta\u015f, &#8220;KCK operasyonlar\u0131yla \u00f6zg\u00fcrl\u00fc\u011f\u00fcm\u00fcz\u00fc k\u0131s\u0131tlamaya \u00e7al\u0131\u015f\u0131yorlar. B\u00fct\u00fcn bunlara inat alanlara daha \u00e7ok \u00e7\u0131kaca\u011f\u0131z. Bu devlet K\u00fcrt halk\u0131n\u0131n nezdinde me\u015frutiyetini kaybetmi\u015ftir. Bir y\u00f6netim zalimle\u015firse me\u015fruiyetini kaybeder. \u00d6zel yetkili savc\u0131larla, \u00f6zel yetkili hakimlerle, \u00f6zel yetkili medyayla bir halk\u0131n tamam\u0131n\u0131 esir almaya \u00e7al\u0131\u015f\u0131yorsun&#8221; dedi.<!--more--><\/p>\n<p style=\"text-align: justify;\">Siverek&#8217;te BDP il\u00e7e te\u015fkilat\u0131 taraf\u0131ndan Esmer\u00e7ay\u0131r Mahallesi&#8217;nde organize edilen miting d\u00fczenlendi. Yakla\u015f\u0131k 5 bin ki\u015finin kat\u0131ld\u0131\u011f\u0131 mitinge kat\u0131lan BDP Genel Ba\u015fkan\u0131 Selahattin Demirta\u015f, z\u0131lg\u0131t ve &#8216;Zafer i\u015faretleri&#8217; ile kar\u015f\u0131land\u0131. Miting alan\u0131na Demirta\u015f ve beraberindeki partilileri ta\u015f\u0131yan se\u00e7im otob\u00fcs\u00fc yo\u011fun kalabal\u0131ktan alana g\u00fc\u00e7l\u00fckle ilerledi. Polisin yo\u011fun g\u00fcvenlik \u00f6nlemi ald\u0131\u011f\u0131 mitingde s\u00f6z alan BDP Genel Ba\u015fkan\u0131 Selahattin Demirta\u015f, \u00f6n\u00fcm\u00fczdeki y\u0131llarda yap\u0131lacak olan yerel se\u00e7imlerde Siverek&#8217;te art\u0131k BDP&#8217;li bir belediye g\u00f6rmek istedi\u011fini de\u011finerek \u015f\u00f6yle konu\u015ftu. Demirta\u015f, \u015f\u00f6yle dedi:<\/p>\n<p style=\"text-align: justify;\">&#8220;Son d\u00f6nemlerde ad\u0131n\u0131 KCK koyduklar\u0131 operasyonlarla sesimizi, \u00f6zg\u00fcrl\u00fc\u011f\u00fcm\u00fcz\u00fc k\u0131s\u0131tlamaya \u00e7al\u0131\u015f\u0131yorlar. B\u00fct\u00fcn bu operasyonlara inat bizler alanlara ve sokaklara daha \u00e7ok \u00e7\u0131kaca\u011f\u0131z. Bu devlet K\u00fcrt halk\u0131n\u0131n nezdinde me\u015frutiyetini kaybetmi\u015ftir. Bir y\u00f6netim bu kadar zalimle\u015firse me\u015frutiyetini kaybeder. Bu halk\u0131 \u00f6zel yetkili savc\u0131larla, \u00f6zel yetkili hakimlerle, \u00f6zel yetkili medyanla bu halk\u0131n tamam\u0131n\u0131 esir almaya \u00e7al\u0131\u015f\u0131yorsun. B\u00fct\u00fcn bunlar\u0131 \u015fikayet edece\u011fin yerde yoktur. AKP&#8217;nin demokrasiye inanc\u0131 varsa \u00f6zel yetkili mahkemeleri kald\u0131rmas\u0131 laz\u0131m.&#8221;<\/p>\n<p style=\"text-align: justify;\"><strong>&#8220;T\u00dcRK\u0130YE CEMAATLE Y\u00d6NET\u0130L\u0130YOR&#8221;<\/strong><\/p>\n<p style=\"text-align: justify;\">BDP Genel Ba\u015fkan\u0131 Selahattin Demirta\u015f, Ba\u015fbakan Recep Tayyip Erdo\u011fan&#8217;\u0131n siyasi ya\u015fam\u0131n\u0131n k\u0131\u015f\u0131na girdi\u011fini belirterek, T\u00fcrkiye&#8217;yi cemaatlerin y\u00f6netti\u011fini s\u00f6yledi. Erdo\u011fan&#8217;a seslenen Demirta\u015f, \u015f\u00f6yle dedi:<\/p>\n<p style=\"text-align: justify;\">&#8220;K\u00fcrt sorununa ciddi yakla\u015f\u0131yorsan, tek \u00e7\u00f6z\u00fcm yolu m\u00fczakere ve diyalogtur. Bunun i\u00e7in ilk \u00f6nce \u00f6zel yetkili mahkemelerin kalkmas\u0131 laz\u0131m, d\u00fcnyan\u0131n hi\u00e7bir \u00fclkesi cemaatle y\u00f6netilmiyor. Bu \u00f6rnek sadece T\u00fcrkiye&#8217;de var ve bu \u00fclke cemaatle y\u00f6netiliyor. Se\u00e7imle i\u015f ba\u015f\u0131na gelen h\u00fck\u00fcmetin hi\u00e7bir yetkisi yok, milletvekili adaylar\u0131n\u0131 cemaat belirliyor, kim nereye vali olacak, kim nereye kaymakam olacak savc\u0131 olacak cemaat belirliyor, t\u00fcm yetkiler cemaatte AKP ipini cemaate kapt\u0131rm\u0131\u015ft\u0131r, \u015fimdi onun kavgas\u0131 var, yetki bende yetki sende kavgas\u0131 var. Devlet i\u00e7inde devlet budur i\u015fte. Bunlar kendi d\u00fc\u015ft\u00fckleri duruma bize iftira atarak KCK bunlar\u0131 y\u00f6netiyor diyerek, bize y\u00fcklemeye \u00e7al\u0131\u015f\u0131yorlar. Cemaat se\u00e7imle i\u015f ba\u015f\u0131na gelmiyor, kongre yapm\u0131yor, cemaatin 1 lideri var ne derse o olur. ve T\u00fcrkiye b\u00f6yle y\u00f6netiliyor, bunun ad\u0131na demokrasi deniliyor. Bizleri de devlet i\u00e7inde paralel devlet kurmakla su\u00e7lay\u0131p tutuklay\u0131p ceza evine koyuyorlar. Sizden daha derini yok, cemaat ili\u015fkileriniz derin ve gizli. Bize gelince bunlar\u0131n iradesi yok senin iraden var m\u0131. \u0130\u015fte irademiz burada halk bize bu iradeyi ve yetkiyi vermi\u015f gel K\u00fcrt sorunu \u00e7\u00f6zelim, BDP olarak biz haz\u0131r\u0131z, ana dilde e\u011fitimi konu\u015fal\u0131m, \u00f6zerkli\u011fini dilini anayasal g\u00fcvenceye kavu\u015ftural\u0131m, bizde yetki var sen var m\u0131? Siverek&#8217;ten Ba\u015fbakana A\u00e7\u0131k bir \u00e7a\u011fr\u0131 yap\u0131yorum, siyasi hayat\u0131n\u0131n son bahar\u0131n\u0131 ya\u015f\u0131yorsun, bu g\u00fcne kadar do\u011fru i\u015flerde yapt\u0131n onurlu ilklerde yapt\u0131n g\u00f6rmezden gelmiyoruz, siyasi hayat\u0131n sonlanmadan gel K\u00fcrt sonunu ve ba\u015f \u00f6rt\u00fcs\u00fc sorununu \u00e7\u00f6zelim, bunlar\u0131 kabul ediyorsan i\u015f birli\u011fi yapmaya haz\u0131r\u0131z.&#8221;<\/p>\n<p style=\"text-align: justify;\">Konu\u015fman\u0131n ard\u0131ndan sloganlar e\u015fli\u011finde alandan ayr\u0131lan Demirta\u015f, beraberindeki parti y\u00f6neticileriyle birlikte Diyarbak\u0131r&#8217;a hareket etti.<\/p>\n<p style=\"text-align: justify;\"><a href=\"http:\/\/www.gazeteport.com.tr\/haber\/81219\/turkiye_cemaatle_yonetiliyor\" target=\"_blank\">Kaynak : GAZETEPORT<\/a><\/p>\n","protected":false},"excerpt":{"rendered":"<p style=\"text-align: center;\">\n<p style=\"text-align: justify;\">BDP Genel Ba\u015fkan\u0131 Selahattin Demirta\u015f: Bir y\u00f6netim zalimle\u015firse me\u015fruiyetini kaybeder.<\/p>\n<p style=\"text-align: justify;\">\u015eANLIURFA &#8211; \u015eanl\u0131urfa&#8217;n\u0131n Siverek \u0130l\u00e7esi&#8217;nde partililere seslenen BDP Genel Ba\u015fkan\u0131 Selahattin Demirta\u015f, &#8220;KCK operasyonlar\u0131yla \u00f6zg\u00fcrl\u00fc\u011f\u00fcm\u00fcz\u00fc k\u0131s\u0131tlamaya \u00e7al\u0131\u015f\u0131yorlar. B\u00fct\u00fcn bunlara inat alanlara daha \u00e7ok \u00e7\u0131kaca\u011f\u0131z. Bu devlet K\u00fcrt halk\u0131n\u0131n nezdinde me\u015frutiyetini kaybetmi\u015ftir. Bir y\u00f6netim zalimle\u015firse me\u015fruiyetini kaybeder. \u00d6zel yetkili <\/p>\n","protected":false},"author":1,"featured_media":0,"comment_status":"open","ping_status":"open","sticky":false,"template":"","format":"standard","meta":{"footnotes":""},"categories":[105],"tags":[],"class_list":["post-48996","post","type-post","status-publish","format-standard","hentry","category-gundem","odd"],"_links":{"self":[{"href":"http:\/\/www.korhanyilmaz.com\/index.php?rest_route=\/wp\/v2\/posts\/48996","targetHints":{"allow":["GET"]}}],"collection":[{"href":"http:\/\/www.korhanyilmaz.com\/index.php?rest_route=\/wp\/v2\/posts"}],"about":[{"href":"http:\/\/www.korhanyilmaz.com\/index.php?rest_route=\/wp\/v2\/types\/post"}],"author":[{"embeddable":true,"href":"http:\/\/www.korhanyilmaz.com\/index.php?rest_route=\/wp\/v2\/users\/1"}],"replies":[{"embeddable":true,"href":"http:\/\/www.korhanyilmaz.com\/index.php?rest_route=%2Fwp%2Fv2%2Fcomments&post=48996"}],"version-history":[{"count":0,"href":"http:\/\/www.korhanyilmaz.com\/index.php?rest_route=\/wp\/v2\/posts\/48996\/revisions"}],"wp:attachment":[{"href":"http:\/\/www.korhanyilmaz.com\/index.php?rest_route=%2Fwp%2Fv2%2Fmedia&parent=48996"}],"wp:term":[{"taxonomy":"category","embeddable":true,"href":"http:\/\/www.korhanyilmaz.com\/index.php?rest_route=%2Fwp%2Fv2%2Fcategories&post=48996"},{"taxonomy":"post_tag","embeddable":true,"href":"http:\/\/www.korhanyilmaz.com\/index.php?rest_route=%2Fwp%2Fv2%2Ftags&post=48996"}],"curies":[{"name":"wp","href":"https:\/\/api.w.org\/{rel}","templated":true}]}}