{"id":48992,"date":"2012-02-24T13:15:10","date_gmt":"2012-02-24T11:15:10","guid":{"rendered":"http:\/\/www.korhanyilmaz.com\/?p=48992"},"modified":"2012-02-24T14:09:16","modified_gmt":"2012-02-24T12:09:16","slug":"vicdani-redci-halil-savda-tutuklandi","status":"publish","type":"post","link":"http:\/\/www.korhanyilmaz.com\/?p=48992","title":{"rendered":"Vicdani red\u00e7i Halil Savda tutukland\u0131"},"content":{"rendered":"<p style=\"text-align: center;\"><a href=\"http:\/\/www.korhanyilmaz.com\/wp-content\/uploads\/2012\/02\/9015.jpg\"  class=\"lightview\"><img loading=\"lazy\" decoding=\"async\" class=\"aligncenter  wp-image-48993\" src=\"http:\/\/www.korhanyilmaz.com\/wp-content\/uploads\/2012\/02\/9015.jpg\" alt=\"\" width=\"234\" height=\"348\" \/><\/a><\/p>\n<p style=\"text-align: justify;\">Vicdani ret\u00e7i Halil Savda, A\u011fr\u0131\u2019n\u0131n Do\u011fubeyaz\u0131t il\u00e7esinde kald\u0131\u011f\u0131 otelde saat 06.00&#8217;da g\u00f6zalt\u0131na al\u0131nd\u0131ktan sonra tutuklanarak Do\u011fubeyaz\u0131t Cezaevi\u2019ne g\u00f6t\u00fcr\u00fcld\u00fc. Savda, 2006&#8217;daki bir konu\u015fmas\u0131 nedeniyle &#8220;halk\u0131 askerlikten so\u011futmak&#8221; gerek\u00e7esiyle ald\u0131\u011f\u0131 ceza nedeniyle cezaevine konuldu.<\/p>\n<p style=\"text-align: justify;\">Sa\u011fl\u0131k kontrol\u00fcnden sonra emniyete g\u00f6t\u00fcr\u00fclen ve buradan da savc\u0131l\u0131\u011fa \u00e7\u0131kart\u0131lan Halil Savda, \u201cHalk\u0131 askerlikten so\u011futmak\u201d su\u00e7lamas\u0131yla tutukland\u0131.\u00a0<!--more--><\/p>\n<p style=\"text-align: justify;\">Savda\u2019n\u0131n avukat\u0131 Ruhat \u00d6zbay, Savda\u2019n\u0131n 2006&#8217;da \u0130stanbul\u2019da \u0130srail Konsoloslu\u011fu \u00f6n\u00fcnde yapt\u0131\u011f\u0131 bas\u0131n a\u00e7\u0131klamas\u0131nda \u201cHalk\u0131 askerlikten so\u011futtu\u011fu\u201d gerek\u00e7esiyle hakk\u0131nda 318. maddeden dava a\u00e7\u0131ld\u0131\u011f\u0131n\u0131 s\u00f6yledi. Bu dava sonucunda Savda\u2019n\u0131n 5 ay hapis cezas\u0131na \u00e7arpt\u0131r\u0131ld\u0131\u011f\u0131n\u0131 belirten Avukat \u00d6zbay, cezan\u0131n kesinle\u015fmesi \u00fczerine bu sabah Savda\u2019n\u0131n kald\u0131\u011f\u0131 otelden g\u00f6zalt\u0131na al\u0131nd\u0131\u011f\u0131n\u0131 ve ard\u0131ndan tutukland\u0131\u011f\u0131n\u0131 ifade etti.<\/p>\n<p style=\"text-align: justify;\"><strong>Halil Savda Tekrar Tutukland\u0131\u00a0<\/strong><\/p>\n<p style=\"text-align: justify;\">S\u00fcrecin h\u0131zl\u0131 ilerlemesi nedeniyle hen\u00fcz Halil Savda ile g\u00f6r\u00fc\u015fme f\u0131rsat\u0131 bulamad\u0131\u011f\u0131n\u0131 s\u00f6yleyen \u00d6zbay, Do\u011fubeyaz\u0131t Cezaevi\u2019ne gitti\u011fini ve Halil Savda ile g\u00f6r\u00fc\u015febilmek i\u00e7in bekledi\u011fini s\u00f6yledi.<\/p>\n<p style=\"text-align: justify;\">Halil Savda, ayn\u0131 dava sebebiyle Londra&#8217;ya gitmek \u00fczereyken Aral\u0131k ay\u0131nda \u0130stanbul&#8217;da havaalan\u0131nda g\u00f6zalt\u0131na al\u0131nm\u0131\u015f ve ifade vermi\u015fti.<\/p>\n<p style=\"text-align: justify;\"><strong>&#8220;Vicdani redden de\u011fil, &#8216;askerlikten so\u011futmaktan&#8221; ceza\u00a0<\/strong><\/p>\n<p style=\"text-align: justify;\">Vicdani ret\u00e7i Osman Murat \u00dclke&#8217;nin 2006&#8217;daki ba\u015fvurusu \u00fczerine Avrupa \u0130nsan Haklar\u0131 Mahkemesi (A\u0130HM) de T\u00fcrkiye&#8217;yi mahkum etmi\u015f, ard\u0131ndan da Avrupa Konseyi Bakanlar Komitesi, T\u00fcrkiye&#8217;ye Aral\u0131k 2011&#8217;e kadar yasal d\u00fczenleme yapmas\u0131 i\u00e7in s\u00fcre tan\u0131m\u0131\u015ft\u0131. A\u0130HM B\u00fcy\u00fck Dairesi&#8217;nin 2011&#8217;de Ermenistan Bayatyan karar\u0131nda vicdani reddi, Avrupa \u0130nsan Haklar\u0131 S\u00f6zle\u015fmesi&#8217;nin 9. maddesindeki &#8220;dini inan\u00e7, vicdani ve d\u00fc\u015f\u00fcnce \u00f6zg\u00fcrl\u00fc\u011f\u00fc&#8221; kapsam\u0131nda de\u011ferlendirerek, s\u00f6zle\u015fmeye taraf \u00fclkeleri yasal d\u00fczenleme yapmaya zorlam\u0131\u015ft\u0131. Bu geli\u015fmeler \u00fczerine ba\u015flayan tart\u0131\u015fman\u0131n sonucu Adalet Bakan\u0131 Sadullah Ergin de &#8220;vicdani ret \u00e7al\u0131\u015fmas\u0131 yap\u0131yoruz&#8221; a\u00e7\u0131klamas\u0131 yapm\u0131\u015ft\u0131. Sonras\u0131nda s\u00fcre\u00e7te bir ilerleme ya\u015fanmam\u0131\u015f ve bir d\u00fczenleme yap\u0131lmam\u0131\u015ft\u0131.<\/p>\n<p style=\"text-align: justify;\"><strong>\u0130HD: &#8220;T\u00fcrkiye vicdani ret hakk\u0131n\u0131 tan\u0131mak zorundad\u0131r&#8221;\u00a0<\/strong><\/p>\n<p style=\"text-align: justify;\">Savda&#8217;n\u0131n tutuklanmas\u0131 \u00fczerine \u0130nsan Haklar\u0131 Derne\u011fi&#8217;nden yap\u0131lan a\u00e7\u0131klamada da \u015funlar vurguland\u0131:<\/p>\n<p style=\"text-align: justify;\">&#8220;Avrupa Konseyi Bakanlar Komitesi, 2007 y\u0131l\u0131ndan beri T\u00fcrkiye\u2019ye vicdan\u00ee ret hakk\u0131n\u0131 tan\u0131mas\u0131 ve yasalar\u0131nda de\u011fi\u015fiklik yapmas\u0131 i\u00e7in \u00e7a\u011fr\u0131da bulunan tavsiye kararlar\u0131 almaktad\u0131r. Bakanlar Komitesi son olarak 14 Eyl\u00fcl 2011 tarihli toplant\u0131s\u0131nda T\u00fcrkiye\u2019nin y\u0131lsonuna kadar bu konuda ad\u0131m atmas\u0131 gerekti\u011fini a\u00e7\u0131k\u00e7a ifade etmi\u015ftir. Avrupa Konseyi T\u00fcrkiye\u2019nin iste\u011fi \u00fczerine birka\u00e7 ay daha s\u00fcre tan\u0131m\u0131\u015ft\u0131r. T\u00fcrkiye mutlaka vicdan\u00ee ret hakk\u0131n\u0131 tan\u0131mak zorundad\u0131r. Aksi taktirde Avrupa Konseyi\u2019nden at\u0131lma tehlikesiyle kar\u015f\u0131 kar\u015f\u0131ya kalacakt\u0131r.&#8221;<\/p>\n<p style=\"text-align: justify;\"><a href=\"http:\/\/www.cnnturk.com\/2012\/turkiye\/02\/24\/vicdani.redci.halil.savda.tutuklandi\/650530.0\/index.html\" target=\"_blank\">Kaynak : CNN T\u00dcRK<\/a><\/p>\n","protected":false},"excerpt":{"rendered":"<p style=\"text-align: center;\">\n<p style=\"text-align: justify;\">Vicdani ret\u00e7i Halil Savda, A\u011fr\u0131\u2019n\u0131n Do\u011fubeyaz\u0131t il\u00e7esinde kald\u0131\u011f\u0131 otelde saat 06.00&#8217;da g\u00f6zalt\u0131na al\u0131nd\u0131ktan sonra tutuklanarak Do\u011fubeyaz\u0131t Cezaevi\u2019ne g\u00f6t\u00fcr\u00fcld\u00fc. Savda, 2006&#8217;daki bir konu\u015fmas\u0131 nedeniyle &#8220;halk\u0131 askerlikten so\u011futmak&#8221; gerek\u00e7esiyle ald\u0131\u011f\u0131 ceza nedeniyle cezaevine konuldu.<\/p>\n<p style=\"text-align: justify;\">Sa\u011fl\u0131k kontrol\u00fcnden sonra emniyete g\u00f6t\u00fcr\u00fclen ve buradan da savc\u0131l\u0131\u011fa \u00e7\u0131kart\u0131lan Halil Savda, \u201cHalk\u0131 askerlikten so\u011futmak\u201d su\u00e7lamas\u0131yla <\/p>\n","protected":false},"author":1,"featured_media":0,"comment_status":"open","ping_status":"open","sticky":false,"template":"","format":"standard","meta":{"footnotes":""},"categories":[105],"tags":[],"class_list":["post-48992","post","type-post","status-publish","format-standard","hentry","category-gundem","odd"],"_links":{"self":[{"href":"http:\/\/www.korhanyilmaz.com\/index.php?rest_route=\/wp\/v2\/posts\/48992","targetHints":{"allow":["GET"]}}],"collection":[{"href":"http:\/\/www.korhanyilmaz.com\/index.php?rest_route=\/wp\/v2\/posts"}],"about":[{"href":"http:\/\/www.korhanyilmaz.com\/index.php?rest_route=\/wp\/v2\/types\/post"}],"author":[{"embeddable":true,"href":"http:\/\/www.korhanyilmaz.com\/index.php?rest_route=\/wp\/v2\/users\/1"}],"replies":[{"embeddable":true,"href":"http:\/\/www.korhanyilmaz.com\/index.php?rest_route=%2Fwp%2Fv2%2Fcomments&post=48992"}],"version-history":[{"count":0,"href":"http:\/\/www.korhanyilmaz.com\/index.php?rest_route=\/wp\/v2\/posts\/48992\/revisions"}],"wp:attachment":[{"href":"http:\/\/www.korhanyilmaz.com\/index.php?rest_route=%2Fwp%2Fv2%2Fmedia&parent=48992"}],"wp:term":[{"taxonomy":"category","embeddable":true,"href":"http:\/\/www.korhanyilmaz.com\/index.php?rest_route=%2Fwp%2Fv2%2Fcategories&post=48992"},{"taxonomy":"post_tag","embeddable":true,"href":"http:\/\/www.korhanyilmaz.com\/index.php?rest_route=%2Fwp%2Fv2%2Ftags&post=48992"}],"curies":[{"name":"wp","href":"https:\/\/api.w.org\/{rel}","templated":true}]}}