{"id":48988,"date":"2012-02-24T12:08:37","date_gmt":"2012-02-24T10:08:37","guid":{"rendered":"http:\/\/www.korhanyilmaz.com\/?p=48988"},"modified":"2012-02-24T14:05:58","modified_gmt":"2012-02-24T12:05:58","slug":"128-bassavci-ile-54-hakimin-gorev-yeri-degistirildi","status":"publish","type":"post","link":"http:\/\/www.korhanyilmaz.com\/?p=48988","title":{"rendered":"128 ba\u015fsavc\u0131 ile 54 hakimin g\u00f6rev yeri de\u011fi\u015ftirildi"},"content":{"rendered":"<p style=\"text-align: center;\"><a href=\"http:\/\/www.korhanyilmaz.com\/wp-content\/uploads\/2012\/02\/9014.jpg\"  class=\"lightview\"><img loading=\"lazy\" decoding=\"async\" class=\"aligncenter  wp-image-48989\" src=\"http:\/\/www.korhanyilmaz.com\/wp-content\/uploads\/2012\/02\/9014.jpg\" alt=\"\" width=\"263\" height=\"202\" \/><\/a><\/p>\n<p style=\"text-align: justify;\">Adalet Bakan\u0131 Sadullah Ergin, T\u00fcrkiye genelinde 128 Cumhuriyet ba\u015fsavc\u0131s\u0131 ile Ankara idare mahkemelerindeki 54 hakimin g\u00f6rev yerinin de\u011fi\u015fti\u011fini bildirdi.<\/p>\n<p style=\"text-align: justify;\">Adalet Bakan\u0131 Sadullah Ergin, CHP K\u0131rklareli Milletvekili Turgut Dibek&#8217;in, &#8220;HSYK&#8217;n\u0131n \u00fcye yap\u0131s\u0131 de\u011fi\u015ftikten sonra Ankara&#8217;daki idare mahkemelerinde g\u00f6rev yeri de\u011fi\u015fen hakim say\u0131s\u0131na&#8221; ili\u015fkin soru \u00f6nergesine yaz\u0131l\u0131 yan\u0131t verdi.\u00a0<!--more--><\/p>\n<p style=\"text-align: justify;\">Ergin, Ankara&#8217;da bir b\u00f6lge idare mahkemesi ba\u015fkan\u0131, 18 b\u00f6lge idare mahkemesi \u00fcyesi, 23 idare ve vergi mahkemesi ba\u015fkan\u0131, 69 idare mahkemesi \u00fcyesi, 26 vergi mahkemesi \u00fcyesi olmak \u00fczere toplam 137 idari hakimin g\u00f6rev yapt\u0131\u011f\u0131n\u0131 belirtti.<\/p>\n<p style=\"text-align: justify;\">Dan\u0131\u015ftay\u0131n daire say\u0131s\u0131n\u0131n art\u0131r\u0131lmas\u0131 nedeniyle b\u00f6lge idare mahkemesi ba\u015fkan\u0131, \u00fcyeleri ve mahkeme ba\u015fkanlar\u0131 aras\u0131ndan Dan\u0131\u015ftaya \u00fcye se\u00e7ilenler bulundu\u011funu an\u0131msatan Ergin, bu nedenle b\u00f6lge idare mahkemesi ba\u015fkanl\u0131\u011f\u0131, b\u00f6lge idare mahkemesi \u00fcyelikleri ve mahkeme ba\u015fkanl\u0131klar\u0131nda bo\u015falmalar oldu\u011funu ifade etti.<\/p>\n<p style=\"text-align: justify;\">Dan\u0131\u015ftay\u0131n i\u015f y\u00fck\u00fc, daire say\u0131s\u0131n\u0131n art\u0131r\u0131lmas\u0131 ve Dan\u0131\u015ftay Ba\u015fkanl\u0131\u011f\u0131n\u0131n bu konudaki talepleri sonras\u0131nda Dan\u0131\u015ftaya 63 tetkik hakimi ve 20 savc\u0131 atand\u0131\u011f\u0131n\u0131 belirten Ergin, Anayasa Mahkemesinin talepleri dikkate al\u0131narak da Anayasa Mahkemesine 13 raport\u00f6r atand\u0131\u011f\u0131n\u0131 vurgulad\u0131. Ergin, \u015funlar\u0131 kaydetti:<\/p>\n<p style=\"text-align: justify;\">&#8220;Yap\u0131lan bu atamalar\u0131n sonucu olarak; 6 b\u00f6lge idare, idare ve vergi mahkemesi \u00fcyesi ba\u015fka illerdeki mahkeme ba\u015fkanl\u0131\u011f\u0131na, 7 idare mahkemesi ba\u015fkan\u0131 ba\u015fka illerdeki b\u00f6lge idare mahkemesi ba\u015fkanl\u0131\u011f\u0131na, l b\u00f6lge idare mahkemesi ba\u015fkan\u0131 ba\u015fka il b\u00f6lge idare mahkemesi ba\u015fkanl\u0131\u011f\u0131na, 2 idare mahkemesi ba\u015fkan\u0131 Dan\u0131\u015ftay savc\u0131l\u0131\u011f\u0131na, 2 idare mahkemesi \u00fcyesi Dan\u0131\u015ftay savc\u0131l\u0131\u011f\u0131na, l b\u00f6lge idare mahkemesi \u00fcyesi Dan\u0131\u015ftay savc\u0131l\u0131\u011f\u0131na, 13 idare ve vergi mahkemesi \u00fcyesi Dan\u0131\u015ftay tetkik hakimli\u011fine, l idare mahkemesi \u00fcyesin Anayasa Mahkemesi raport\u00f6rl\u00fc\u011f\u00fcne, 2 vergi mahkemesi ba\u015fkan ve l idare mahkemesi ba\u015fkan\u0131, s\u00fcre, sicil durumu ve hizmet gere\u011fi g\u00f6zetilerek ba\u015fka illerin b\u00f6lge idare mahkemesi \u00fcyeli\u011fine, 18 idare ve vergi mahkemesi \u00fcyesinden 3&#8217;\u00fc \u0130dari Yarg\u0131 Hakim ve Savc\u0131lar\u0131 Hakk\u0131nda Uygulanacak Atama Y\u00f6netmeli\u011finde d\u00fczenlenen ad \u00e7ekme suretiyle birinci ve ikinci b\u00f6lgeye atananlar\u0131n 4 y\u0131l hizmet s\u00fcresi sonunda zorunlu olarak atamalar\u0131n\u0131n yap\u0131lmas\u0131na y\u00f6nelik h\u00fck\u00fcm gere\u011fince, 8&#8217;i talep, 5&#8217;i sicil, l&#8217;i s\u00fcre ve l&#8217;i hizmet gere\u011fi Ankara d\u0131\u015f\u0131ndaki illere atand\u0131.&#8221;<\/p>\n<p style=\"text-align: justify;\">Ergin, Yarg\u0131tay\u0131n daire say\u0131s\u0131n\u0131n artt\u0131r\u0131lmas\u0131 sonucunda Cumhuriyet ba\u015fsavc\u0131lar\u0131ndan baz\u0131lar\u0131n\u0131n Yarg\u0131taya \u00fcye se\u00e7ilmesi nedeniyle, bo\u015falan ba\u015fsavc\u0131l\u0131k kadrolar\u0131na atamalar\u0131n yap\u0131ld\u0131\u011f\u0131n\u0131 ifade etti.<\/p>\n<p style=\"text-align: justify;\">Hakimler ve Savc\u0131lar Y\u00fcksek Kurulu Genel Kurulunun, b\u00f6lge adliye mahkemelerinin derhal faaliyete ge\u00e7irilmesine ili\u015fkin karar\u0131 do\u011frultusunda, b\u00f6lge adliye mahkemelerine Cumhuriyet ba\u015fsavc\u0131lar\u0131n\u0131n atand\u0131\u011f\u0131na i\u015faret eden Ergin, bu kapsamda, 12 Cumhuriyet ba\u015fsavc\u0131s\u0131n\u0131n b\u00f6lge adliye mahkemesine Cumhuriyet ba\u015fsavc\u0131s\u0131 olarak; 76 Cumhuriyet ba\u015fsavc\u0131s\u0131n\u0131n ba\u015fka yere Cumhuriyet ba\u015fsavc\u0131s\u0131 olarak; 5 Cumhuriyet ba\u015fsavc\u0131s\u0131n\u0131n Cumhuriyet ba\u015fsavc\u0131 vekili olarak; 4 Cumhuriyet ba\u015fsavc\u0131s\u0131n\u0131n, \u0130stanbul adliyelerinin birle\u015fmesi sonucu kadro bulunmad\u0131\u011f\u0131ndan \u0130stanbul Cumhuriyet savc\u0131s\u0131 olarak; l Cumhuriyet ba\u015fsavc\u0131s\u0131n\u0131n Yarg\u0131tay Cumhuriyet savc\u0131s\u0131 olarak; 30 Cumhuriyet ba\u015fsavc\u0131s\u0131ndan 4&#8217;\u00fcn\u00fcn talep, 8&#8217;inin atanma talebi ve hizmet gere\u011fi, 3&#8217;\u00fcn\u00fcn atanma talebi, 15&#8217;inin hizmet gere\u011fi \u00e7e\u015fitli illere Cumhuriyet savc\u0131s\u0131 olarak atand\u0131\u011f\u0131n\u0131 bildirdi.<\/p>\n<p style=\"text-align: justify;\">Ergin, bu \u00e7er\u00e7evede 128 Cumhuriyet ba\u015fsavc\u0131s\u0131 ile Ankara idare mahkemelerindeki 54 hakimin g\u00f6rev yerinin de\u011fi\u015fti\u011fini kaydetti.<\/p>\n<p style=\"text-align: justify;\"><a href=\"http:\/\/www.cnnturk.com\/2012\/turkiye\/02\/24\/128.bassavci.ile.54.hakimin.gorev.yeri.degistirildi\/650517.0\/index.html\" target=\"_blank\">Kaynak : CNN T\u00dcRK<\/a><\/p>\n","protected":false},"excerpt":{"rendered":"<p style=\"text-align: center;\">\n<p style=\"text-align: justify;\">Adalet Bakan\u0131 Sadullah Ergin, T\u00fcrkiye genelinde 128 Cumhuriyet ba\u015fsavc\u0131s\u0131 ile Ankara idare mahkemelerindeki 54 hakimin g\u00f6rev yerinin de\u011fi\u015fti\u011fini bildirdi.<\/p>\n<p style=\"text-align: justify;\">Adalet Bakan\u0131 Sadullah Ergin, CHP K\u0131rklareli Milletvekili Turgut Dibek&#8217;in, &#8220;HSYK&#8217;n\u0131n \u00fcye yap\u0131s\u0131 de\u011fi\u015ftikten sonra Ankara&#8217;daki idare mahkemelerinde g\u00f6rev yeri de\u011fi\u015fen hakim say\u0131s\u0131na&#8221; ili\u015fkin soru \u00f6nergesine yaz\u0131l\u0131 yan\u0131t verdi. <\/p>\n","protected":false},"author":1,"featured_media":0,"comment_status":"open","ping_status":"open","sticky":false,"template":"","format":"standard","meta":{"footnotes":""},"categories":[105],"tags":[],"class_list":["post-48988","post","type-post","status-publish","format-standard","hentry","category-gundem","odd"],"_links":{"self":[{"href":"http:\/\/www.korhanyilmaz.com\/index.php?rest_route=\/wp\/v2\/posts\/48988","targetHints":{"allow":["GET"]}}],"collection":[{"href":"http:\/\/www.korhanyilmaz.com\/index.php?rest_route=\/wp\/v2\/posts"}],"about":[{"href":"http:\/\/www.korhanyilmaz.com\/index.php?rest_route=\/wp\/v2\/types\/post"}],"author":[{"embeddable":true,"href":"http:\/\/www.korhanyilmaz.com\/index.php?rest_route=\/wp\/v2\/users\/1"}],"replies":[{"embeddable":true,"href":"http:\/\/www.korhanyilmaz.com\/index.php?rest_route=%2Fwp%2Fv2%2Fcomments&post=48988"}],"version-history":[{"count":0,"href":"http:\/\/www.korhanyilmaz.com\/index.php?rest_route=\/wp\/v2\/posts\/48988\/revisions"}],"wp:attachment":[{"href":"http:\/\/www.korhanyilmaz.com\/index.php?rest_route=%2Fwp%2Fv2%2Fmedia&parent=48988"}],"wp:term":[{"taxonomy":"category","embeddable":true,"href":"http:\/\/www.korhanyilmaz.com\/index.php?rest_route=%2Fwp%2Fv2%2Fcategories&post=48988"},{"taxonomy":"post_tag","embeddable":true,"href":"http:\/\/www.korhanyilmaz.com\/index.php?rest_route=%2Fwp%2Fv2%2Ftags&post=48988"}],"curies":[{"name":"wp","href":"https:\/\/api.w.org\/{rel}","templated":true}]}}