{"id":48978,"date":"2012-02-20T11:38:06","date_gmt":"2012-02-20T09:38:06","guid":{"rendered":"http:\/\/www.korhanyilmaz.com\/?p=48978"},"modified":"2012-02-20T14:47:52","modified_gmt":"2012-02-20T12:47:52","slug":"4-mitci-icin-cikarilan-yakalama-karari-kaldirildi","status":"publish","type":"post","link":"http:\/\/www.korhanyilmaz.com\/?p=48978","title":{"rendered":"4 M\u0130T&#8217;\u00e7i i\u00e7in \u00e7\u0131kar\u0131lan yakalama karar\u0131 kald\u0131r\u0131ld\u0131"},"content":{"rendered":"<p style=\"text-align: center;\"><a href=\"http:\/\/www.korhanyilmaz.com\/wp-content\/uploads\/2012\/02\/9012.jpg\"  class=\"lightview\"><img loading=\"lazy\" decoding=\"async\" class=\"aligncenter  wp-image-48979\" src=\"http:\/\/www.korhanyilmaz.com\/wp-content\/uploads\/2012\/02\/9012.jpg\" alt=\"\" width=\"234\" height=\"222\" \/><\/a><\/p>\n<p style=\"text-align: justify;\">M\u0130T mensuplar\u0131n\u0131n ifadeye \u00e7a\u011fr\u0131lmalar\u0131n\u0131 Ba\u015fbakan onay\u0131na ba\u011flayan yasal d\u00fczenlemenin onaylanmas\u0131n\u0131n ard\u0131ndan \u0130stanbul \u00d6zel Yetkili Savc\u0131l\u0131k, KCK\u2019ya y\u00f6nelik soru\u015fturma \u00e7er\u00e7evesinde ifade i\u00e7in \u00e7a\u011f\u0131rd\u0131\u011f\u0131 4 M\u0130T g\u00f6revlisi hakk\u0131ndaki yakalama karar\u0131n\u0131 kald\u0131rd\u0131. Hakan Fidan&#8217;\u0131n ifadesinin al\u0131nmas\u0131 amac\u0131yla Ankara Cumhuriyet Ba\u015fsavc\u0131l\u0131\u011f\u0131&#8217;na g\u00f6nderilen talimat\u0131n da geri \u00e7ekilece\u011fi bildirildi.\u00a0<!--more--><\/p>\n<p style=\"text-align: justify;\">Devlet \u0130stihbarat Hizmetleri ve Milli \u0130stihbarat Te\u015fkilat\u0131 Kanunu&#8217;nun 26. maddesindeki de\u011fi\u015fiklik uyar\u0131nca, \u00f6zel yetkili \u0130stanbul Cumhuriyet Ba\u015fsavc\u0131vekilli\u011fince, Milli \u0130stihbarat Te\u015fkilat\u0131 (M\u0130T) M\u00fcste\u015far\u0131 Hakan Fidan&#8217;\u0131n ifadesinin al\u0131nmas\u0131 amac\u0131yla Ankara Cumhuriyet Ba\u015fsavc\u0131l\u0131\u011f\u0131&#8217;na g\u00f6nderilen talimat\u0131n geri \u00e7ekilece\u011fi kaydedildi.<\/p>\n<p style=\"text-align: justify;\">6278 say\u0131l\u0131 Devlet \u0130stihbarat Hizmetleri ve Milli \u0130stihbarat Te\u015fkilat\u0131 Kanunu&#8217;nda De\u011fi\u015fiklik Yap\u0131lmas\u0131na Dair Kanun ile &#8220;Soru\u015fturma izni&#8221;ni i\u00e7eren 26. madde, \u015fu \u015fekilde d\u00fczenlenmi\u015fti: &#8220;M\u0130T mensuplar\u0131n\u0131n veya belirli bir g\u00f6revi ifa etmek \u00fczere kamu g\u00f6revlileri aras\u0131ndan Ba\u015fbakan taraf\u0131ndan g\u00f6revlendirilenlerin, g\u00f6revlerini yerine getirirken, g\u00f6revin niteli\u011finden do\u011fan veya g\u00f6revin ifas\u0131 s\u0131ras\u0131nda i\u015fledikleri iddia olunan su\u00e7lardan dolay\u0131 ya da 5271 say\u0131l\u0131 Kanunun 250&#8217;nci maddesinin birinci f\u0131kras\u0131na g\u00f6re kurulan a\u011f\u0131r ceza mahkemelerinin g\u00f6rev alan\u0131na giren su\u00e7lar\u0131 i\u015fledikleri iddias\u0131yla haklar\u0131nda soru\u015fturma yap\u0131lmas\u0131 Ba\u015fbakan\u0131n iznine ba\u011fl\u0131d\u0131r.&#8221;<\/p>\n<p style=\"text-align: justify;\"><a href=\"http:\/\/www.cnnturk.com\/2012\/turkiye\/02\/20\/4.mitci.icin.cikarilan.yakalama.karari.kaldirildi\/649873.0\/index.html\" target=\"_blank\">Kaynak : CNN T\u00dcRK<\/a><\/p>\n","protected":false},"excerpt":{"rendered":"<p style=\"text-align: center;\">\n<p style=\"text-align: justify;\">M\u0130T mensuplar\u0131n\u0131n ifadeye \u00e7a\u011fr\u0131lmalar\u0131n\u0131 Ba\u015fbakan onay\u0131na ba\u011flayan yasal d\u00fczenlemenin onaylanmas\u0131n\u0131n ard\u0131ndan \u0130stanbul \u00d6zel Yetkili Savc\u0131l\u0131k, KCK\u2019ya y\u00f6nelik soru\u015fturma \u00e7er\u00e7evesinde ifade i\u00e7in \u00e7a\u011f\u0131rd\u0131\u011f\u0131 4 M\u0130T g\u00f6revlisi hakk\u0131ndaki yakalama karar\u0131n\u0131 kald\u0131rd\u0131. Hakan Fidan&#8217;\u0131n ifadesinin al\u0131nmas\u0131 amac\u0131yla Ankara Cumhuriyet Ba\u015fsavc\u0131l\u0131\u011f\u0131&#8217;na g\u00f6nderilen talimat\u0131n da geri \u00e7ekilece\u011fi bildirildi. <\/p>\n","protected":false},"author":1,"featured_media":0,"comment_status":"open","ping_status":"open","sticky":false,"template":"","format":"standard","meta":{"footnotes":""},"categories":[105],"tags":[],"class_list":["post-48978","post","type-post","status-publish","format-standard","hentry","category-gundem","odd"],"_links":{"self":[{"href":"http:\/\/www.korhanyilmaz.com\/index.php?rest_route=\/wp\/v2\/posts\/48978","targetHints":{"allow":["GET"]}}],"collection":[{"href":"http:\/\/www.korhanyilmaz.com\/index.php?rest_route=\/wp\/v2\/posts"}],"about":[{"href":"http:\/\/www.korhanyilmaz.com\/index.php?rest_route=\/wp\/v2\/types\/post"}],"author":[{"embeddable":true,"href":"http:\/\/www.korhanyilmaz.com\/index.php?rest_route=\/wp\/v2\/users\/1"}],"replies":[{"embeddable":true,"href":"http:\/\/www.korhanyilmaz.com\/index.php?rest_route=%2Fwp%2Fv2%2Fcomments&post=48978"}],"version-history":[{"count":0,"href":"http:\/\/www.korhanyilmaz.com\/index.php?rest_route=\/wp\/v2\/posts\/48978\/revisions"}],"wp:attachment":[{"href":"http:\/\/www.korhanyilmaz.com\/index.php?rest_route=%2Fwp%2Fv2%2Fmedia&parent=48978"}],"wp:term":[{"taxonomy":"category","embeddable":true,"href":"http:\/\/www.korhanyilmaz.com\/index.php?rest_route=%2Fwp%2Fv2%2Fcategories&post=48978"},{"taxonomy":"post_tag","embeddable":true,"href":"http:\/\/www.korhanyilmaz.com\/index.php?rest_route=%2Fwp%2Fv2%2Ftags&post=48978"}],"curies":[{"name":"wp","href":"https:\/\/api.w.org\/{rel}","templated":true}]}}