{"id":48975,"date":"2012-02-20T13:45:47","date_gmt":"2012-02-20T11:45:47","guid":{"rendered":"http:\/\/www.korhanyilmaz.com\/?p=48975"},"modified":"2012-02-20T14:45:46","modified_gmt":"2012-02-20T12:45:46","slug":"hatayda-sir-kamp","status":"publish","type":"post","link":"http:\/\/www.korhanyilmaz.com\/?p=48975","title":{"rendered":"Hatay&#8217;da s\u0131r kamp"},"content":{"rendered":"<p style=\"text-align: justify;\"><a href=\"http:\/\/www.korhanyilmaz.com\/wp-content\/uploads\/2012\/02\/9011.jpg\"  class=\"lightview\"><img loading=\"lazy\" decoding=\"async\" class=\"aligncenter size-full wp-image-48976\" title=\"\" src=\"http:\/\/www.korhanyilmaz.com\/wp-content\/uploads\/2012\/02\/9011.jpg\" alt=\"\" width=\"292\" height=\"224\" \/><\/a><\/p>\n<p style=\"text-align: justify;\">Hatay\u2019da Suriye\u2019den ka\u00e7\u0131p s\u0131\u011f\u0131nanlar i\u00e7in 6 resmi kamp olu\u015fturuldu. \u015eu anda resmi hi\u00e7bir kaynakta g\u00f6z\u00fckmeyen ve s\u0131r gibi saklanan Kuyuba\u015f\u0131 Kamp\u0131 ise bu kamplar i\u00e7inde yer alm\u0131yor. Di\u011fer kamplarda asayi\u015fi bozanlar\u0131n yerle\u015ftirildi\u011fi kamp bir nevi \u2018s\u00fcrg\u00fcn yeri\u2019.<\/p>\n<p style=\"text-align: justify;\">Kamp, s\u0131n\u0131ra yakla\u015f\u0131k 1 km uzakl\u0131kta, en yak\u0131n yerle\u015fim yeri Alt\u0131n\u00f6z\u00fc il\u00e7esine ba\u011fl\u0131 2 bin n\u00fcfuslu Karbeyaz beldesi. Kamplarda kavga \u00e7\u0131kartan ve asayi\u015fi bozan Suriyeli m\u00fclteciler Kuyuba\u015f\u0131\u2019na getiriliyor.<!--more--><\/p>\n<p style=\"text-align: justify;\">T\u00fcrkiye\u2019ye s\u0131\u011f\u0131nanlar\u0131n zorla s\u0131n\u0131rd\u0131\u015f\u0131 edilemesi yasad\u0131\u015f\u0131 oldu\u011fu i\u00e7in burada \u2018kendi istekleriyle\u2019 Suriye\u2019ye geri d\u00f6nme taleplerini yaz\u0131l\u0131 olarak yetkililere iletmeleri bekleniyor. Kamp, yetkilileri aras\u0131nda \u0130ngiltere\u2019den Avustralya\u2019ya s\u00fcrg\u00fcn edilenlere atfen \u2018Avustralya\u2019 ad\u0131yla an\u0131l\u0131yor. Kampa getirilen m\u00fclteciler burada ortalama birka\u00e7 g\u00fcn kald\u0131ktan sonra Suriye\u2019ye \u00e7\u0131kmak i\u00e7in talepte bulunuyor. Kampa getirilenler aras\u0131nda az da olsa kad\u0131nlar da var.<\/p>\n<p style=\"text-align: justify;\">Radikal&#8217;in konu\u015ftu\u011fu yetkili, kampta i\u015fkence yap\u0131lmad\u0131\u011f\u0131n\u0131, ama di\u011fer kamplardaki ko\u015fullardan yoksun oldu\u011fu i\u00e7in m\u00fcltecilerin kalmak istemediklerini belirtti. Karbeyaz beldesi Belediye Ba\u015fkan\u0131 Halil \u00d6zdemir de kamp\u0131n asayi\u015fi bozan m\u00fclteciler i\u00e7in kullan\u0131ld\u0131\u011f\u0131n\u0131 bildi\u011fini s\u00f6yledi .<\/p>\n<p style=\"text-align: justify;\"><strong>20 ki\u015fi kal\u0131yor, doktor giremiyor<\/strong><\/p>\n<p style=\"text-align: justify;\">Kamp\u0131n varl\u0131\u011f\u0131ndan tesad\u00fcfen haberdar olduk. Ancak Hatay\u2019daki kamp sorumlular\u0131 bu kampla ilgili pek konu\u015fmak istemiyordu. Hatta kamp\u0131n varl\u0131\u011f\u0131 bile reddedildi. Neler olup bitti\u011fine yak\u0131ndan \u015fahit olmak d\u00fc\u015f\u00fcncesiyle Alt\u0131n\u00f6z\u00fc il\u00e7esine gittik.<\/p>\n<p style=\"text-align: justify;\">Kampa girebilece\u011fimizi hi\u00e7 tahmin etmememize ra\u011fmen \u2018merak etti\u011fimizi\u2019 s\u00f6yleyince i\u00e7eri al\u0131nd\u0131k ve buradaki ko\u015fullar\u0131 az da olsa g\u00f6rme \u015fans\u0131m\u0131z oldu. M\u00fcltecilerin kald\u0131\u011f\u0131 k\u0131s\u0131m tellerle ayr\u0131lm\u0131\u015f, biz sadece g\u00fcvenlik g\u00f6revlilerinin bulundu\u011fu k\u0131sm\u0131 g\u00f6rd\u00fck. M\u00fcltecilerin kald\u0131\u011f\u0131 tarafta derme \u00e7atma birbirine yak\u0131n K\u0131z\u0131lay \u00e7ad\u0131rlar\u0131 kuruluydu. \u00dcniformal\u0131 jandarma askerleri g\u00fcvenli\u011fi sa\u011fl\u0131yor. Yetkililer kampta \u015fu an yakla\u015f\u0131k 20 ki\u015finin kald\u0131\u011f\u0131n\u0131 belirtti. Ayr\u0131l\u0131rken tellerin arkas\u0131ndan birka\u00e7 m\u00fclteciyi \u00e7ok k\u0131sa s\u00fcreyle g\u00f6rme imk\u00e2n\u0131m\u0131z oldu.<\/p>\n<p style=\"text-align: justify;\">T\u00fcrk Tabipleri Birli\u011fi Hatay Tabip Odas\u0131 Ba\u015fkan\u0131 Selim Matkap\u2019\u0131n anlatt\u0131klar\u0131na g\u00f6re de Kuyuba\u015f\u0131 Kamp\u0131\u2019na hi\u00e7bir doktor giremiyor. Matkap, \u2018\u2019Kampta kalanlardan biri hastalan\u0131nca kamp sorumlusu 112\u2019yi ar\u0131yor. Oraya hi\u00e7bir doktor sokulmuyor. Doktor arkada\u015flarla anlad\u0131\u011f\u0131m\u0131z o ki bu kamptaki her \u015fey gizlilik i\u00e7inde y\u00fcr\u00fct\u00fcl\u00fcyor\u2019\u2019 dedi.<\/p>\n<p style=\"text-align: justify;\">Uluslararas\u0131 Af \u00d6rg\u00fct\u00fc T\u00fcrkiye \u015eubesi M\u00fclteci Haklar\u0131 Koordinat\u00f6r\u00fc Volkan G\u00f6renda\u011f konuyu \u201cKamp ko\u015fullar\u0131n\u0131n k\u00f6t\u00fcle\u015ftirilerek s\u0131\u011f\u0131nmac\u0131lar\u0131n Suriye\u2019ye geri g\u00f6nderilmesi i\u00e7in bask\u0131 yap\u0131lmas\u0131 ya da zorla s\u0131n\u0131rd\u0131\u015f\u0131 uluslararas\u0131 hukuka ayk\u0131r\u0131. B\u00f6yle bir ihtimali d\u00fc\u015f\u00fcnmek bile istemiyoruz\u2019\u2019 diye de\u011ferlendirdi.<\/p>\n<p style=\"text-align: justify;\">Af \u00d6rg\u00fct\u00fc: Su\u00e7lular kamp\u0131 olu\u015fturulamaz<\/p>\n<p style=\"text-align: justify;\">G\u00f6renda\u011f, \u201c\u00c7ad\u0131rkentlerde kalan Suriyelilerin su\u00e7a kar\u0131\u015fmas\u0131 durumunda bunun muhatab\u0131 savc\u0131l\u0131klard\u0131r. E\u011fer kamplarda ciddi su\u00e7lar d\u0131\u015f\u0131nda, birlikte ya\u015fama d\u00fczenini bozan tart\u0131\u015fmalar ya\u015fan\u0131yorsa Hatay Valili\u011fi kamplarda d\u00fczeni sa\u011flamak amac\u0131yla Suriyelileri ba\u015fka kamplara sevk edebilir. Ama s\u0131\u011f\u0131nmac\u0131lar\u0131n \u2018su\u00e7lu\u2019 olarak kategorize edilip \u2018su\u00e7lular kamp\u0131\u2019 olu\u015fturulmas\u0131na izin vermemek gerekiyor. Yetkililerden iddialar\u0131 soru\u015fturmas\u0131n\u0131 bekliyoruz\u201d diye konu\u015ftu.<\/p>\n<p style=\"text-align: justify;\">D\u0131\u015fi\u015fleri: Suriye\u2019ye zorla iade yok<\/p>\n<p style=\"text-align: justify;\">D\u0131\u015fi\u015fleri Bakanl\u0131\u011f\u0131 yetkilileri Suriyeli g\u00f6\u00e7menlerin tutuldu\u011fu kamplarda kalan hi\u00e7kimsenin zorla iade edilmedi\u011fini bildirdi. Kamplarda TC yasalar\u0131na g\u00f6re su\u00e7 i\u015fleyenler, uluslararas\u0131 yasalarda \u00f6ng\u00f6r\u00fcld\u00fc\u011f\u00fc \u015fekilde g\u00f6zalt\u0131na al\u0131n\u0131yor ve yarg\u0131lan\u0131yor. Yarg\u0131lamada o y\u00f6renin mahkemeleri tam yetkili say\u0131l\u0131yor. Su\u00e7 i\u015fledikten sonra kald\u0131klar\u0131 kamptan uzakla\u015ft\u0131r\u0131lan g\u00f6\u00e7menler, T\u00fcrk yasalar\u0131na g\u00f6re yarg\u0131lan\u0131p ceza almak yerine, \u00fclkelerine d\u00f6nmek isteyebiliyor. Bu durumda da kendi istekleri ile gittiklerine dair imza al\u0131n\u0131p\u2018s\u0131n\u0131r d\u0131\u015f\u0131\u2019 ediliyorlar. Suriye istihbarat\u0131 ile ili\u015fkileri tespit edilen kamp sakinleri i\u00e7in ise daha farkl\u0131 bir prosed\u00fcr uygulan\u0131yor.<\/p>\n<p style=\"text-align: justify;\">D\u0131\u015fi\u015fleri yetkililerine g\u00f6re gelen Suriyeliler aras\u0131nda askerler de var, ancak bu ki\u015filerin kald\u0131klar\u0131 dahil hi\u00e7bir kamp TSK\u2019ca denetlenip kontrol edilmiyor.<\/p>\n<p style=\"text-align: justify;\"><span style=\"color: #888888;\">Haber : Elif \u0130nce &#8211; Radikal<\/span><\/p>\n<p style=\"text-align: justify;\"><a href=\"http:\/\/www.cnnturk.com\/2012\/turkiye\/02\/20\/hatayda.sir.kamp\/649842.0\/index.html\" target=\"_blank\">Kaynak : CNN T\u00dcRK<\/a><\/p>\n","protected":false},"excerpt":{"rendered":"<p style=\"text-align: justify;\">\n<p style=\"text-align: justify;\">Hatay\u2019da Suriye\u2019den ka\u00e7\u0131p s\u0131\u011f\u0131nanlar i\u00e7in 6 resmi kamp olu\u015fturuldu. \u015eu anda resmi hi\u00e7bir kaynakta g\u00f6z\u00fckmeyen ve s\u0131r gibi saklanan Kuyuba\u015f\u0131 Kamp\u0131 ise bu kamplar i\u00e7inde yer alm\u0131yor. Di\u011fer kamplarda asayi\u015fi bozanlar\u0131n yerle\u015ftirildi\u011fi kamp bir nevi \u2018s\u00fcrg\u00fcn yeri\u2019.<\/p>\n<p style=\"text-align: justify;\">Kamp, s\u0131n\u0131ra yakla\u015f\u0131k 1 km uzakl\u0131kta, en yak\u0131n yerle\u015fim yeri Alt\u0131n\u00f6z\u00fc <\/p>\n","protected":false},"author":1,"featured_media":0,"comment_status":"open","ping_status":"open","sticky":false,"template":"","format":"standard","meta":{"footnotes":""},"categories":[105],"tags":[],"class_list":["post-48975","post","type-post","status-publish","format-standard","hentry","category-gundem","odd"],"_links":{"self":[{"href":"http:\/\/www.korhanyilmaz.com\/index.php?rest_route=\/wp\/v2\/posts\/48975","targetHints":{"allow":["GET"]}}],"collection":[{"href":"http:\/\/www.korhanyilmaz.com\/index.php?rest_route=\/wp\/v2\/posts"}],"about":[{"href":"http:\/\/www.korhanyilmaz.com\/index.php?rest_route=\/wp\/v2\/types\/post"}],"author":[{"embeddable":true,"href":"http:\/\/www.korhanyilmaz.com\/index.php?rest_route=\/wp\/v2\/users\/1"}],"replies":[{"embeddable":true,"href":"http:\/\/www.korhanyilmaz.com\/index.php?rest_route=%2Fwp%2Fv2%2Fcomments&post=48975"}],"version-history":[{"count":0,"href":"http:\/\/www.korhanyilmaz.com\/index.php?rest_route=\/wp\/v2\/posts\/48975\/revisions"}],"wp:attachment":[{"href":"http:\/\/www.korhanyilmaz.com\/index.php?rest_route=%2Fwp%2Fv2%2Fmedia&parent=48975"}],"wp:term":[{"taxonomy":"category","embeddable":true,"href":"http:\/\/www.korhanyilmaz.com\/index.php?rest_route=%2Fwp%2Fv2%2Fcategories&post=48975"},{"taxonomy":"post_tag","embeddable":true,"href":"http:\/\/www.korhanyilmaz.com\/index.php?rest_route=%2Fwp%2Fv2%2Ftags&post=48975"}],"curies":[{"name":"wp","href":"https:\/\/api.w.org\/{rel}","templated":true}]}}