{"id":48968,"date":"2012-02-19T17:52:53","date_gmt":"2012-02-19T15:52:53","guid":{"rendered":"http:\/\/www.korhanyilmaz.com\/?p=48968"},"modified":"2012-02-20T01:09:22","modified_gmt":"2012-02-19T23:09:22","slug":"secilmisleri-atanmislara-kul-etmeyiz","status":"publish","type":"post","link":"http:\/\/www.korhanyilmaz.com\/?p=48968","title":{"rendered":"&#8220;Se\u00e7ilmi\u015fleri atanm\u0131\u015flara kul etmeyiz&#8221;"},"content":{"rendered":"<p style=\"text-align: center;\"><a href=\"http:\/\/www.korhanyilmaz.com\/wp-content\/uploads\/2012\/02\/9010.jpg\"  class=\"lightview\"><img loading=\"lazy\" decoding=\"async\" class=\"aligncenter  wp-image-48969\" src=\"http:\/\/www.korhanyilmaz.com\/wp-content\/uploads\/2012\/02\/9010.jpg\" alt=\"\" width=\"307\" height=\"236\" \/><\/a><\/p>\n<p style=\"text-align: justify;\">Ba\u015fbakan Recep Tayyip Erdo\u011fan, partisinin \u0130stanbul \u0130l Gen\u00e7lik Kollar\u0131&#8217;n\u0131n 3. ola\u011fan kongresine telekonferans y\u00f6ntemiyle kat\u0131larak, &#8220;Bu \u00fclkenin kurumlar\u0131 aras\u0131nda bir \u00e7eki\u015fme yoktur, olamaz. S\u0131n\u0131rlar\u0131 a\u015fan her giri\u015fim yetki gasp\u0131d\u0131r. Se\u00e7ilmi\u015fleri atanm\u0131\u015flara kul etmeyiz&#8221; dedi.<\/p>\n<p style=\"text-align: justify;\">Erdo\u011fan, AK Parti \u0130stanbul \u0130l Gen\u00e7lik Kollar\u0131&#8217;n\u0131n Abdi \u0130pek\u00e7i Spor Salonu&#8217;nda ger\u00e7ekle\u015ftirilen 3. Ola\u011fan Kongresi&#8217;ne \u00dcsk\u00fcdar K\u0131s\u0131kl\u0131&#8217;daki konutundan telekonferans y\u00f6ntemiyle kat\u0131ld\u0131.\u00a0<!--more--><\/p>\n<p style=\"text-align: justify;\">Ba\u015fbakan Erdo\u011fan&#8217;a telekonferans y\u00f6ntemiyle ba\u011flant\u0131 sa\u011fland\u0131ktan sonra kongreye kat\u0131lanlar, &#8220;Ayn\u0131 yoldan ge\u00e7mi\u015fiz biz, ayn\u0131 sudan i\u00e7mi\u015fiz biz&#8221; s\u00f6zlerini de i\u00e7eren \u015fark\u0131y\u0131 seslendirdi.<\/p>\n<p style=\"text-align: justify;\">&#8220;S\u00f6z \u015fimdi b\u00fcy\u00fck ustada&#8221; diye sunulan Erdo\u011fan, kat\u0131l\u0131mc\u0131lar\u0131 hasret ve muhabbetle selamlad\u0131\u011f\u0131n\u0131 belirterek, Gen\u00e7lik Kollar\u0131&#8217;n\u0131n 3. Ola\u011fan Kongresi&#8217;ne ba\u015far\u0131 diledi.<\/p>\n<p style=\"text-align: justify;\">Erdo\u011fan, &#8220;Bug\u00fcn aran\u0131zda bulunmay\u0131 oradaki heyecan\u0131, co\u015fkuyu sizlerle birlikte ya\u015famay\u0131 \u00e7ok arzu ediyordum. Ancak bildi\u011finiz gibi 26 Kas\u0131m&#8217;da ge\u00e7irdi\u011fim operasyonun nihai a\u015famas\u0131 ve rutin par\u00e7as\u0131 olan son durum nedeniyle doktorlar\u0131m\u0131z\u0131n tavsiyesi \u00fczerine evimde istirahate devam ediyorum. Ge\u00e7en hafta i\u00e7inde rutin \u00e7al\u0131\u015fmalar\u0131m\u0131za k\u0131smen ba\u015flad\u0131k. \u0130n\u015fallah bu hafta itibariyle de rutin mesaiye ba\u015flayacak ve millete hizmet m\u00fccadelemizi artan bir ivmeyle devam ettirece\u011fiz&#8221; dedi.<\/p>\n<p style=\"text-align: justify;\"><strong>&#8220;Se\u00e7ilmi\u015fleri atanm\u0131\u015flara kul etmeyiz&#8221;\u00a0<\/strong><\/p>\n<p style=\"text-align: justify;\">Erdo\u011fan, \u015f\u00f6yle devam etti:<\/p>\n<p style=\"text-align: justify;\">&#8220;Hi\u00e7 kimsenin \u00f6n\u00fcnde e\u011filmeyiz, hi\u00e7 kimseye eyvallah demeyiz. Biz milletin emanetini ta\u015f\u0131yoruz. TBMM&#8217;nin tasarrufunu farkl\u0131 yerlere \u00e7ekenler utan\u00e7 ya\u015far. Demokraside yasama-y\u00fcr\u00fctme ve yarg\u0131n\u0131n g\u00f6revleri bellidir. S\u0131n\u0131rlar\u0131 a\u015fan her giri\u015fim yetki gasp\u0131d\u0131r. Biz bu \u00fclkede hi\u00e7bir zaman gayr\u0131 me\u015frulu\u011fa izin vermeyiz. Se\u00e7ilmi\u015fleri atanm\u0131\u015flara kul etmeyiz.<\/p>\n<p style=\"text-align: justify;\">M\u00fcnferit hadiseleri ka\u015f\u0131yanlar, abartanlar, farkl\u0131 mecralara \u00e7ekmek isteyenler T\u00fcrkiye&#8217;nin d\u00fc\u015fmanlar\u0131na hizmet etmi\u015f olurlar. Bu \u00fclkenin kurumlar\u0131 aras\u0131nda bir \u00e7eki\u015fme yoktur, olamaz. Yazarlar\u0131, ayd\u0131nlar\u0131, medyay\u0131 ve \u00f6zellikle siyaset\u00e7ileri daha sa\u011fduyulu davranmaya davet ediyorum. Bunu yapanlar mah\u00e7up olacaklard\u0131r. Kimse AK Parti&#8217;yi g\u00f6n\u00fclden seven kesimlerin g\u00f6n\u00fcl d\u00fcnyas\u0131n\u0131 kirletemez.&#8221;<\/p>\n<p style=\"text-align: justify;\"><strong>&#8220;Hi\u00e7 kimse ellerini ovu\u015fturmas\u0131n&#8221;\u00a0<\/strong><\/p>\n<p style=\"text-align: justify;\">Demokraside, yasaman\u0131n, y\u00fcr\u00fctmenin, yarg\u0131n\u0131n yetki ve s\u0131n\u0131rlar\u0131n\u0131n belli oldu\u011funu ifade eden Erdo\u011fan, \u015f\u00f6yle konu\u015ftu: &#8220;S\u0131n\u0131rlar\u0131 a\u015fan her t\u00fcrl\u00fc giri\u015fim, yetki gasb\u0131d\u0131r, millet iradesinin \u00e7i\u011fnenmesidir. G\u00fcc\u00fcn\u00fc milletten almayan, milletle ayn\u0131 y\u00f6ne, ayn\u0131 istikamete bakmayan her giri\u015fim millet nezdinde, anayasa ve yasalar nezdinde gayrime\u015frudur. Biz bu \u00fclkede gayrime\u015frulu\u011fa izin vermeyiz. Hi\u00e7bir zaman se\u00e7ilmi\u015fleri, atanm\u0131\u015flara kul etmeyiz. 9 y\u0131l boyunca gerek yasama, y\u00fcr\u00fctme ve yarg\u0131n\u0131n gerek kurumlar\u0131n uyum ve koordinasyon i\u00e7inde \u00e7al\u0131\u015fabilmesi i\u00e7in tam bir hassasiyet i\u00e7inde olduk.<\/p>\n<p style=\"text-align: justify;\">Reformlarla uygulad\u0131\u011f\u0131m\u0131z kararl\u0131 politikalarla ger\u00e7ekle\u015ftirdi\u011fimiz sessiz devrim niteli\u011findeki de\u011fi\u015fim ve d\u00f6n\u00fc\u015f\u00fcmle, kurumlar\u0131n uyum ve koordinasyonunu en g\u00fc\u00e7l\u00fc \u015fekilde temin ettik. Hi\u00e7 kimse ellerini ovu\u015fturmas\u0131n, hi\u00e7 kimse fitne ve fesat tohumlar\u0131n\u0131n ye\u015ferece\u011fi umuduna kap\u0131lmas\u0131n, hi\u00e7 kimse kriz duas\u0131na \u00e7\u0131kmas\u0131n, hi\u00e7 kimse kaos ve \u00e7at\u0131\u015fma hayalleri kurmas\u0131n. Bu \u00fclkenin t\u00fcm kurumlar\u0131 tarihte hi\u00e7 g\u00f6r\u00fc\u015fmemi\u015f \u00f6l\u00e7\u00fcde uyum ve motivasyon i\u00e7inde g\u00f6revlerini yap\u0131yorlar.&#8221;<\/p>\n<p style=\"text-align: justify;\"><strong>M\u0130T krizi\u00a0<\/strong><\/p>\n<p style=\"text-align: justify;\">Recep Tayyip Erdo\u011fan, yarg\u0131, emniyet, asker ve istihbarat\u0131n b\u00fcy\u00fck bir koordinasyon i\u00e7inde millet ad\u0131na ve millet i\u00e7in \u00f6zveriyle vazifelerini yerine getirdiklerini vurgulayarak, herhangi bir kurumu y\u0131pratman\u0131n, kurumlar aras\u0131nda uyumsuzluk varm\u0131\u015f gibi lanse etmenin, kaosa hizmet etmenin, \u00fclkeye de millete de hay\u0131r getirmeyece\u011fini s\u00f6yledi.<\/p>\n<p style=\"text-align: justify;\">M\u00fcnferit hadiseleri abartanlar\u0131n, farkl\u0131 mecralara sevk etmek isteyenlerin ne \u00fclkeye ne de millete hizmet etmi\u015f olmayacaklar\u0131n\u0131 bilmesi gerekti\u011fini dile getiren Erdo\u011fan, \u015f\u00f6yle devam etti: &#8220;Tam tersine bunlar T\u00fcrkiye&#8217;nin has\u0131mlar\u0131na, d\u00fc\u015fmanlar\u0131na hizmet etmi\u015f, onlar\u0131n de\u011firmenine su ta\u015f\u0131m\u0131\u015f olurlar. A\u00e7\u0131k s\u00f6yl\u00fcyorum, ne devletin kurumlar\u0131 aras\u0131nda ne de bu milletin evlatlar\u0131 aras\u0131nda bir \u00e7at\u0131\u015fma, bir husumet, anla\u015fmazl\u0131k yoktur ve olamaz. Bu \u00fclkenin ayd\u0131nlar\u0131n\u0131, yazarlar\u0131n\u0131, medyas\u0131n\u0131, \u00f6zellikle de siyaset\u00e7ilerini daha sa\u011fduyulu ve daha sorumlu davranmaya davet ediyorum. Sa\u011fduyuyu telkin etmek yerine, k\u0131\u015fk\u0131rtmaya tercih edenler, millet \u00f6n\u00fcnde mahcup olurlar ve mahcup olacaklard\u0131r.<\/p>\n<p style=\"text-align: justify;\">H\u00fck\u00fcmetin, TBMM&#8217;nin tasarrufunu, sa\u011fduyulu giri\u015fimlerini, millet idaresini y\u00fccelten ad\u0131mlar\u0131n\u0131 farkl\u0131 yerlere \u00e7ekenler, millet huzurunda b\u00fcy\u00fck utan\u00e7 ya\u015farlar. Bizler, \u00fclkemize, sevgi tohumlar\u0131 ekmenin, karde\u015flik iklimi geli\u015ftirmenin m\u00fccadelesi i\u00e7indeyiz. Hi\u00e7bir provokasyona, hi\u00e7bir tezgaha, hi\u00e7 bir fitne giri\u015fimine f\u0131rsat vermeyiz, alet olmay\u0131z. Kimse AK Parti&#8217;yi g\u00f6n\u00fclden seven kesimlerin g\u00f6n\u00fcl d\u00fcnyas\u0131n\u0131 kirletemez, samimiyetini zedeleyemez, karde\u015flik d\u00fcnyas\u0131n\u0131 zehirleyemez. Bizler, basiretle, ferasetle, inan\u00e7 ve muhabbetle yolumuza devam edece\u011fiz.&#8221;<\/p>\n<p style=\"text-align: justify;\"><strong>Modern ve dindar bir gen\u00e7lik\u00a0<\/strong><\/p>\n<p style=\"text-align: justify;\">Ba\u015fbakan Erdo\u011fan, bu \u00fclkede ge\u00e7mi\u015fte yap\u0131lan hatalar\u0131n millete ve \u00fclkeye de \u00e7ok a\u011f\u0131r bedeller \u00f6detti\u011fini belirterek, bu bedellerin de tekrar tekrar \u00f6denmesine, millete yeniden a\u011f\u0131r faturalar \u00f6detilmesine raz\u0131 olmayacaklar\u0131n\u0131 s\u00f6yledi.<\/p>\n<p style=\"text-align: justify;\">Ba\u015fbakan Recep Tayyip Erdo\u011fan, konu\u015fmas\u0131n\u0131 \u015f\u00f6yle s\u00fcrd\u00fcrd\u00fc: &#8220;\u0130\u015fte onun i\u00e7in &#8216;gen\u00e7lik&#8217; diyoruz. \u0130\u015fte onun i\u00e7in en b\u00fcy\u00fck yat\u0131r\u0131m\u0131 yeni nesillere, gen\u00e7lere yap\u0131yoruz. \u0130yi e\u011fitim alm\u0131\u015f, en modern altyap\u0131ya kavu\u015fmu\u015f, bilgi ve hikmetle donanm\u0131\u015f bir gen\u00e7lik i\u00e7in t\u00fcm imkanlar\u0131 seferber ediyoruz. D\u00fcnya ile rekabet edebilen, d\u00fcnyay\u0131 yak\u0131ndan takip eden, meselelere sahip \u00e7\u0131kan, bir aya\u011f\u0131 bu topraklarda, di\u011fer aya\u011f\u0131 ile alemleri gezen bir gen\u00e7lik tahayy\u00fcl ediyoruz.<\/p>\n<p style=\"text-align: justify;\">En \u00f6nemlisi de milli, manevi de\u011ferlerine sahip \u00e7\u0131kan, onlar\u0131 ya\u015fatan, gelece\u011fini ge\u00e7mi\u015finden ald\u0131\u011f\u0131 g\u00fc\u00e7, gurur ve ilhamla \u015fekillendiren bir gen\u00e7lik tasavvur ediyoruz. Alt\u0131n\u0131 \u00e7iziyorum; modern, dindar bir gen\u00e7likten bahsediyorum. Dininin, dilinin, beyninin, ilminin, \u0131rz\u0131n\u0131n, evinin, kalbinin davac\u0131s\u0131 bir gen\u00e7likten bahsediyorum. K\u00f6k\u00fc ezelde, dal\u0131 ebedde bir sistemin a\u015fk\u0131na, vecdine, diyalekti\u011fine, esteti\u011fine, irfan\u0131na, idrakine sahip bir gen\u00e7likten bahsediyorum.<\/p>\n<p style=\"text-align: justify;\">Ben \u015fu anda Abdi \u0130pek\u00e7i Kapal\u0131 Spor Salonu&#8217;ndaki gen\u00e7li\u011fi b\u00f6yle bir gen\u00e7lik olarak kar\u015f\u0131mda g\u00f6r\u00fcyorum. T\u00fcrkiye&#8217;nin ayd\u0131nl\u0131k gen\u00e7li\u011fini ve gelece\u011fini bir daha selaml\u0131yorum. AK Parti \u0130stanbul gen\u00e7li\u011fini, sizin \u015fahs\u0131n\u0131zda \u00fclkemin t\u00fcm gen\u00e7lerini muhabbetle selaml\u0131yorum. \u0130stanbul \u0130l Gen\u00e7lik Kollar\u0131n\u0131n Kongresine ba\u015far\u0131lar diliyorum. Yeni g\u00f6rev alacak karde\u015fimize Allah yar ve yard\u0131mc\u0131s\u0131 olsun. Yolunuz ve baht\u0131n\u0131z a\u00e7\u0131k olsun.&#8221;<\/p>\n<p style=\"text-align: justify;\"><a href=\"http:\/\/www.cnnturk.com\/2012\/turkiye\/02\/19\/secilmisleri.atanmislara.kul.etmeyiz\/649800.0\/index.html\" target=\"_blank\">Kaynak : CNN T\u00dcRK<\/a><\/p>\n","protected":false},"excerpt":{"rendered":"<p style=\"text-align: center;\">\n<p style=\"text-align: justify;\">Ba\u015fbakan Recep Tayyip Erdo\u011fan, partisinin \u0130stanbul \u0130l Gen\u00e7lik Kollar\u0131&#8217;n\u0131n 3. ola\u011fan kongresine telekonferans y\u00f6ntemiyle kat\u0131larak, &#8220;Bu \u00fclkenin kurumlar\u0131 aras\u0131nda bir \u00e7eki\u015fme yoktur, olamaz. S\u0131n\u0131rlar\u0131 a\u015fan her giri\u015fim yetki gasp\u0131d\u0131r. Se\u00e7ilmi\u015fleri atanm\u0131\u015flara kul etmeyiz&#8221; dedi.<\/p>\n<p style=\"text-align: justify;\">Erdo\u011fan, AK Parti \u0130stanbul \u0130l Gen\u00e7lik Kollar\u0131&#8217;n\u0131n Abdi \u0130pek\u00e7i Spor Salonu&#8217;nda ger\u00e7ekle\u015ftirilen 3. Ola\u011fan <\/p>\n","protected":false},"author":1,"featured_media":0,"comment_status":"open","ping_status":"open","sticky":false,"template":"","format":"standard","meta":{"footnotes":""},"categories":[105],"tags":[],"class_list":["post-48968","post","type-post","status-publish","format-standard","hentry","category-gundem","odd"],"_links":{"self":[{"href":"http:\/\/www.korhanyilmaz.com\/index.php?rest_route=\/wp\/v2\/posts\/48968","targetHints":{"allow":["GET"]}}],"collection":[{"href":"http:\/\/www.korhanyilmaz.com\/index.php?rest_route=\/wp\/v2\/posts"}],"about":[{"href":"http:\/\/www.korhanyilmaz.com\/index.php?rest_route=\/wp\/v2\/types\/post"}],"author":[{"embeddable":true,"href":"http:\/\/www.korhanyilmaz.com\/index.php?rest_route=\/wp\/v2\/users\/1"}],"replies":[{"embeddable":true,"href":"http:\/\/www.korhanyilmaz.com\/index.php?rest_route=%2Fwp%2Fv2%2Fcomments&post=48968"}],"version-history":[{"count":0,"href":"http:\/\/www.korhanyilmaz.com\/index.php?rest_route=\/wp\/v2\/posts\/48968\/revisions"}],"wp:attachment":[{"href":"http:\/\/www.korhanyilmaz.com\/index.php?rest_route=%2Fwp%2Fv2%2Fmedia&parent=48968"}],"wp:term":[{"taxonomy":"category","embeddable":true,"href":"http:\/\/www.korhanyilmaz.com\/index.php?rest_route=%2Fwp%2Fv2%2Fcategories&post=48968"},{"taxonomy":"post_tag","embeddable":true,"href":"http:\/\/www.korhanyilmaz.com\/index.php?rest_route=%2Fwp%2Fv2%2Ftags&post=48968"}],"curies":[{"name":"wp","href":"https:\/\/api.w.org\/{rel}","templated":true}]}}