{"id":48960,"date":"2012-02-16T14:13:47","date_gmt":"2012-02-16T12:13:47","guid":{"rendered":"http:\/\/www.korhanyilmaz.com\/?p=48960"},"modified":"2012-02-18T19:24:16","modified_gmt":"2012-02-18T17:24:16","slug":"sarikaya-icin-hsykya-izin-cikti","status":"publish","type":"post","link":"http:\/\/www.korhanyilmaz.com\/?p=48960","title":{"rendered":"Sar\u0131kaya \u0130\u00e7in HSYK&#8217;ya \u0130zin \u00c7\u0131kt\u0131"},"content":{"rendered":"<p style=\"text-align: center;\"><a href=\"http:\/\/www.korhanyilmaz.com\/wp-content\/uploads\/2012\/02\/9007.jpg\"  class=\"lightview\"><img loading=\"lazy\" decoding=\"async\" class=\"aligncenter  wp-image-48961\" src=\"http:\/\/www.korhanyilmaz.com\/wp-content\/uploads\/2012\/02\/9007.jpg\" alt=\"\" width=\"240\" height=\"240\" \/><\/a><\/p>\n<p style=\"text-align: justify;\">Adalet Bakan\u0131 Sadullah Ergin, Savc\u0131 Sadrettin Sar\u0131kaya hakk\u0131ndaki incelemeye izin verdi.<\/p>\n<p style=\"text-align: justify;\">Adalet Bakan\u0131 Sadullah Ergin, M\u0130T M\u00fcste\u015far\u0131 Hakan Fidan&#8217;\u0131 \u015f\u00fcpheli s\u0131fat\u0131yla ifadeye \u00e7a\u011f\u0131ran Cumhuriyet Savc\u0131s\u0131 Sadrettin Sar\u0131kaya hakk\u0131nda soru\u015fturma izni verdi.<\/p>\n<p style=\"text-align: justify;\">Bu arada hakk\u0131nda inceleme ba\u015flat\u0131lan savc\u0131 Sadrettin Sar\u0131kaya &#8216;odas\u0131na girildi\u011finden \u015f\u00fcphelenerek&#8217; g\u00fcvenlik kameras\u0131 g\u00f6r\u00fcnt\u00fclerini inceletti.\u00a0<!--more--><\/p>\n<p style=\"text-align: justify;\">HSYK, kamuoyunda &#8220;KCK soru\u015fturmas\u0131&#8221; olarak bilinen soru\u015fturma kapsam\u0131nda, M\u0130T g\u00f6revlileri hakk\u0131ndaki \u00e7e\u015fitli iddialar\u0131 i\u00e7eren bilgi ve belgelerin bas\u0131nda yer almas\u0131 nedeniyle &#8220;soru\u015fturman\u0131n gizlili\u011finin ihlal edildi\u011fi&#8221; gerek\u00e7esiyle resen inceleme ba\u015flatm\u0131\u015ft\u0131. Bunun sonucunda, \u0130stanbul Cumhuriyet Savc\u0131s\u0131 Sadrettin Sar\u0131kaya hakk\u0131nda inceleme yap\u0131lmak \u00fczere kurul m\u00fcfetti\u015fi g\u00f6revlendirilmesi hususunda Kurul Ba\u015fkan\u0131&#8217;na teklifte bulunulmas\u0131na oy birli\u011fi ile karar verilmi\u015fti.<\/p>\n<p style=\"text-align: justify;\">Adalet Bakanl\u0131\u011f\u0131 kaynaklar\u0131ndan edinilen bilgiye g\u00f6re, HSYK Ba\u015fkan\u0131 olan Bakan Sadullah Ergin&#8217;in Sar\u0131kaya hakk\u0131nda inceleme yap\u0131lmas\u0131na izin verdi\u011fi \u00f6\u011frenildi.<\/p>\n<p style=\"text-align: justify;\">HSYK, Sar\u0131kaya&#8217;n\u0131n soru\u015fturman\u0131n gizlili\u011fini ihlal edip etmedi\u011fini ara\u015ft\u0131racak. \u0130nceleme sonucu Sar\u0131kaya&#8217;n\u0131n soru\u015fturmada herhangi bir kusuru ortaya \u00e7\u0131karsa Sar\u0131kaya hakk\u0131nda soru\u015fturma a\u00e7\u0131l\u0131p a\u00e7\u0131lmamas\u0131na karar verilecek.<\/p>\n<p style=\"text-align: justify;\"><strong>SAVCI SARIKAYA&#8217;DAN &#8220;ODAMA B\u0130R\u0130S\u0130 M\u0130 G\u0130RD\u0130?&#8221; \u0130NCELEMES\u0130\u00a0<\/strong><\/p>\n<p style=\"text-align: justify;\">KCK soru\u015fturmas\u0131 kapsam\u0131nda M\u0130T mensuplar\u0131n\u0131 ifadeye \u00e7a\u011f\u0131ran \u00f6zel yetkili savc\u0131 Sadrettin S\u0131rakaya, ba\u015fsavc\u0131l\u0131k taraf\u0131ndan &#8220;soru\u015fturman\u0131n gizlili\u011fini ihlal&#8221; etti\u011fi gerek\u00e7esiyle dosyadan al\u0131m\u0131\u015ft\u0131. HSYK da Sar\u0131kaya hakk\u0131nda ayn\u0131 gerek\u00e7elerle inceleme ba\u015flatt\u0131. Sar\u0131kaya&#8217;n\u0131n y\u00fcr\u00fctt\u00fc\u011f\u00fc soru\u015fturma dosyas\u0131nda baz\u0131 belgeler bas\u0131nda yer ald\u0131. Bu nedenle dosyadan al\u0131nan ve hakk\u0131nda inceleme ba\u015flat\u0131lan Sar\u0131kaya, &#8216;odas\u0131na girildi\u011finden \u015f\u00fcphelenerek&#8217; g\u00fcvenlik kameras\u0131n\u0131 inceletti.<\/p>\n<p style=\"text-align: justify;\">Adliyenin be\u015finci kat\u0131ndaki odas\u0131n\u0131 ba\u015fka bir savc\u0131 ile payla\u015fan Sar\u0131kaya&#8217;n\u0131n odan\u0131n kap\u0131s\u0131n\u0131n a\u00e7arken zorland\u0131\u011f\u0131 ve kendisinden habersiz &#8216;odas\u0131na girildi\u011finden \u015f\u00fcphelendi\u011fi&#8217; \u00f6\u011frenildi. Bu \u015f\u00fcphe \u00fczerine harekete ge\u00e7en savc\u0131 Sar\u0131kaya, adliye polisini haber verdi. Adliyede g\u00f6revli Bilgi \u0130\u015flem Sorumlusu, polis ile birlikte odan\u0131n bulundu\u011fu koridordaki g\u00fcvenlik kameras\u0131 g\u00f6r\u00fcnt\u00fclerini inceledi. \u0130nceleme sonucunda savc\u0131n\u0131n odas\u0131na izinsiz giren bir ki\u015fi tespit edilemedi.<\/p>\n<p style=\"text-align: justify;\"><a href=\"http:\/\/www.haberler.com\/sarikaya-icin-hsyk-ya-izin-cikti-3366345-haberi\/\" target=\"_blank\">Kaynak : Haberler.com<\/a><\/p>\n","protected":false},"excerpt":{"rendered":"<p style=\"text-align: center;\">\n<p style=\"text-align: justify;\">Adalet Bakan\u0131 Sadullah Ergin, Savc\u0131 Sadrettin Sar\u0131kaya hakk\u0131ndaki incelemeye izin verdi.<\/p>\n<p style=\"text-align: justify;\">Adalet Bakan\u0131 Sadullah Ergin, M\u0130T M\u00fcste\u015far\u0131 Hakan Fidan&#8217;\u0131 \u015f\u00fcpheli s\u0131fat\u0131yla ifadeye \u00e7a\u011f\u0131ran Cumhuriyet Savc\u0131s\u0131 Sadrettin Sar\u0131kaya hakk\u0131nda soru\u015fturma izni verdi.<\/p>\n<p style=\"text-align: justify;\">Bu arada hakk\u0131nda inceleme ba\u015flat\u0131lan savc\u0131 Sadrettin Sar\u0131kaya &#8216;odas\u0131na girildi\u011finden \u015f\u00fcphelenerek&#8217; g\u00fcvenlik kameras\u0131 g\u00f6r\u00fcnt\u00fclerini inceletti. <\/p>\n","protected":false},"author":1,"featured_media":0,"comment_status":"open","ping_status":"open","sticky":false,"template":"","format":"standard","meta":{"footnotes":""},"categories":[105],"tags":[],"class_list":["post-48960","post","type-post","status-publish","format-standard","hentry","category-gundem","odd"],"_links":{"self":[{"href":"http:\/\/www.korhanyilmaz.com\/index.php?rest_route=\/wp\/v2\/posts\/48960","targetHints":{"allow":["GET"]}}],"collection":[{"href":"http:\/\/www.korhanyilmaz.com\/index.php?rest_route=\/wp\/v2\/posts"}],"about":[{"href":"http:\/\/www.korhanyilmaz.com\/index.php?rest_route=\/wp\/v2\/types\/post"}],"author":[{"embeddable":true,"href":"http:\/\/www.korhanyilmaz.com\/index.php?rest_route=\/wp\/v2\/users\/1"}],"replies":[{"embeddable":true,"href":"http:\/\/www.korhanyilmaz.com\/index.php?rest_route=%2Fwp%2Fv2%2Fcomments&post=48960"}],"version-history":[{"count":0,"href":"http:\/\/www.korhanyilmaz.com\/index.php?rest_route=\/wp\/v2\/posts\/48960\/revisions"}],"wp:attachment":[{"href":"http:\/\/www.korhanyilmaz.com\/index.php?rest_route=%2Fwp%2Fv2%2Fmedia&parent=48960"}],"wp:term":[{"taxonomy":"category","embeddable":true,"href":"http:\/\/www.korhanyilmaz.com\/index.php?rest_route=%2Fwp%2Fv2%2Fcategories&post=48960"},{"taxonomy":"post_tag","embeddable":true,"href":"http:\/\/www.korhanyilmaz.com\/index.php?rest_route=%2Fwp%2Fv2%2Ftags&post=48960"}],"curies":[{"name":"wp","href":"https:\/\/api.w.org\/{rel}","templated":true}]}}