{"id":48956,"date":"2012-02-18T09:13:08","date_gmt":"2012-02-18T07:13:08","guid":{"rendered":"http:\/\/www.korhanyilmaz.com\/?p=48956"},"modified":"2012-02-18T19:08:22","modified_gmt":"2012-02-18T17:08:22","slug":"bdp-milletvekilleri-aclik-grevine-gidiyor","status":"publish","type":"post","link":"http:\/\/www.korhanyilmaz.com\/?p=48956","title":{"rendered":"BDP milletvekilleri a\u00e7l\u0131k grevine gidiyor"},"content":{"rendered":"<p style=\"text-align: justify;\"><a href=\"http:\/\/www.korhanyilmaz.com\/wp-content\/uploads\/2012\/02\/9006.jpg\"  class=\"lightview\"><img loading=\"lazy\" decoding=\"async\" class=\"aligncenter size-full wp-image-48957\" title=\"\" src=\"http:\/\/www.korhanyilmaz.com\/wp-content\/uploads\/2012\/02\/9006.jpg\" alt=\"\" width=\"292\" height=\"201\" \/><\/a><\/p>\n<p style=\"text-align: justify;\">BDP \u0130stanbul Milletvekili Sebahat Tuncel, cezaevinde bulunan ve s\u00fcresiz a\u00e7l\u0131k grevine gitme karar\u0131 alan, aralar\u0131nda milletvekillerinin de bulundu\u011fu BDP&#8217;lilere destek amac\u0131yla Pazartesi ve Sal\u0131 g\u00fcn\u00fc t\u00fcm blok milletvekillerinin a\u00e7l\u0131k grevine gidece\u011fini a\u00e7\u0131klad\u0131.\u00a0<!--more--><\/p>\n<p style=\"text-align: justify;\">(DHA) &#8212; Halklar\u0131n Demokratik Kongresi&#8217;nin Denizli&#8217;de d\u00fczenlenen toplant\u0131s\u0131na kat\u0131lan BDP \u0130stanbul Milletvekili Sebahat Tuncel, g\u00fcndeme ili\u015fkin de\u011ferlendirmelerde bulundu. T\u00fcrkiye&#8217;nin ve d\u00fcnyan\u0131n zor bir d\u00f6nemden ge\u00e7ti\u011fini belirten Sebahat Tuncel, \u00f6zellikle Ortado\u011fu&#8217;daki geli\u015fmeleri dikkatle izlediklerini s\u00f6yledi.<\/p>\n<p style=\"text-align: justify;\">T\u00fcrkiye, Irak, Suriye ve \u0130ran&#8217;da K\u00fcrtlerin ya\u015fad\u0131\u011f\u0131n\u0131 belirten Tuncel, &#8220;Bu d\u00f6rt \u00fclkede K\u00fcrt halk\u0131na \u015fiddet politikas\u0131 uygulan\u0131yor. Hepsine bak\u0131n. Bir tek Irak&#8217;ta Saddam&#8217;dan sonra iyi \u015feyler oldu. Dolay\u0131s\u0131yla Ortado\u011fu&#8217;da ger\u00e7ek anlamda bir de\u011fi\u015fim dinami\u011finin olabilmesi, halklar\u0131n e\u015fitli\u011fine ve \u00f6zg\u00fcrl\u00fc\u011f\u00fcne kavu\u015fabilmesinin tek yolu K\u00fcrdistan sorunun \u00e7\u00f6z\u00fclmesi. Bu nas\u0131l olacak? Bu konuda BDP&#8217;nin \u00f6nerdi\u011fi Demokratik \u00d6zerklik projesi \u00e7ok anlaml\u0131d\u0131r. Her \u00fclke kendi i\u00e7indeki K\u00fcrt sorununu \u00e7\u00f6zecek. Kendi \u00fclkesindeki K\u00fcrt sorununu \u00e7\u00f6zen \u00fclke b\u00fct\u00fcn halklar\u0131n sorunu \u00e7\u00f6zm\u00fc\u015f olacak&#8221; diye konu\u015ftu.<\/p>\n<p style=\"text-align: justify;\"><strong>&#8220;AKP halklar aras\u0131 duygular\u0131 kopard\u0131&#8221;\u00a0<\/strong><\/p>\n<p style=\"text-align: justify;\">AK Parti h\u00fck\u00fcmetinin halk\u0131n milliyet\u00e7ili\u011fini k\u00f6r\u00fckledi\u011fini ifade eden Tuncel, &#8220;AKP halklar aras\u0131nda duygular\u0131 kopard\u0131. Bug\u00fcn Uludere&#8217;de ya\u015fanan katliama \u00fcz\u00fclmeyen bir T\u00fcrkiye cephesi var m\u0131? Var. Van&#8217;daki depreme \u00fcz\u00fclmeyen bir T\u00fcrkiye cephesi var m\u0131? Var. Oradaki ac\u0131lar\u0131 ortakla\u015ft\u0131rmayan bir cephe var m\u0131? Var. Bunu AKP h\u00fck\u00fcmeti bilerek ve isteyerek yapt\u0131. Milliyet\u00e7ili\u011fi geli\u015ftirerek halklar aras\u0131nda kavga umdu. Ama halk\u0131m\u0131z bu kavgaya gelmedi, bundan sonra da gelmeyecek. Bu politikan\u0131n te\u015fhir edilmesi gerekiyor&#8221; \u015feklinde konu\u015ftu.<\/p>\n<p style=\"text-align: justify;\"><strong>&#8220;\u0130ki g\u00fcnl\u00fck a\u00e7l\u0131k grevine ba\u015flayaca\u011f\u0131z&#8221;\u00a0<\/strong><\/p>\n<p style=\"text-align: justify;\">Denizli&#8217;ye gelmeden \u00f6nce cezaevine gitti\u011fini belirten Tuncel, &#8220;\u015e\u0131rnak Milletvekilimiz Selma Irmak&#8217;\u0131 g\u00f6rd\u00fcm. Sizlere \u00e7ok selamlar\u0131 var. \u015e\u0131rnak&#8217;ta milletvekilleri tutuklu, belediye ba\u015fkanlar\u0131 tutuklu, belediye meclis \u00fcyeleri tutuklu. Bir tek Hasip Kaplan var. O da mecliste. Milletvekilimiz i\u00e7eride mektup yazarak yapacaklar\u0131 tek \u015feyin bedenlerini a\u00e7l\u0131\u011fa yat\u0131rmak olduklar\u0131n\u0131 s\u00f6yl\u00fcyor. Onlar s\u00fcresiz a\u00e7l\u0131k grevine girdiler. Bizler de milletvekilleri olarak pazartesi ve sal\u0131 g\u00fcn\u00fc blok milletvekillerinin hepsi Ankara genel merkezde tutuklu milletvekillerimizin ba\u015flatt\u0131\u011f\u0131 bu direni\u015fi desteklemek a\u00e7\u0131s\u0131ndan 2 g\u00fcnl\u00fck a\u00e7l\u0131k grevine ba\u015flayaca\u011f\u0131z&#8221; dedi.<\/p>\n<p style=\"text-align: justify;\"><a href=\"http:\/\/www.cnnturk.com\/2012\/turkiye\/02\/18\/bdp.milletvekilleri.aclik.grevine.gidiyor\/649669.0\/index.html\" target=\"_blank\">Kaynak : CNN T\u00dcRK<\/a><\/p>\n","protected":false},"excerpt":{"rendered":"<p style=\"text-align: justify;\">\n<p style=\"text-align: justify;\">BDP \u0130stanbul Milletvekili Sebahat Tuncel, cezaevinde bulunan ve s\u00fcresiz a\u00e7l\u0131k grevine gitme karar\u0131 alan, aralar\u0131nda milletvekillerinin de bulundu\u011fu BDP&#8217;lilere destek amac\u0131yla Pazartesi ve Sal\u0131 g\u00fcn\u00fc t\u00fcm blok milletvekillerinin a\u00e7l\u0131k grevine gidece\u011fini a\u00e7\u0131klad\u0131. <\/p>\n","protected":false},"author":1,"featured_media":0,"comment_status":"open","ping_status":"open","sticky":false,"template":"","format":"standard","meta":{"footnotes":""},"categories":[105],"tags":[],"class_list":["post-48956","post","type-post","status-publish","format-standard","hentry","category-gundem","odd"],"_links":{"self":[{"href":"http:\/\/www.korhanyilmaz.com\/index.php?rest_route=\/wp\/v2\/posts\/48956","targetHints":{"allow":["GET"]}}],"collection":[{"href":"http:\/\/www.korhanyilmaz.com\/index.php?rest_route=\/wp\/v2\/posts"}],"about":[{"href":"http:\/\/www.korhanyilmaz.com\/index.php?rest_route=\/wp\/v2\/types\/post"}],"author":[{"embeddable":true,"href":"http:\/\/www.korhanyilmaz.com\/index.php?rest_route=\/wp\/v2\/users\/1"}],"replies":[{"embeddable":true,"href":"http:\/\/www.korhanyilmaz.com\/index.php?rest_route=%2Fwp%2Fv2%2Fcomments&post=48956"}],"version-history":[{"count":0,"href":"http:\/\/www.korhanyilmaz.com\/index.php?rest_route=\/wp\/v2\/posts\/48956\/revisions"}],"wp:attachment":[{"href":"http:\/\/www.korhanyilmaz.com\/index.php?rest_route=%2Fwp%2Fv2%2Fmedia&parent=48956"}],"wp:term":[{"taxonomy":"category","embeddable":true,"href":"http:\/\/www.korhanyilmaz.com\/index.php?rest_route=%2Fwp%2Fv2%2Fcategories&post=48956"},{"taxonomy":"post_tag","embeddable":true,"href":"http:\/\/www.korhanyilmaz.com\/index.php?rest_route=%2Fwp%2Fv2%2Ftags&post=48956"}],"curies":[{"name":"wp","href":"https:\/\/api.w.org\/{rel}","templated":true}]}}