{"id":48952,"date":"2012-02-18T08:25:09","date_gmt":"2012-02-18T06:25:09","guid":{"rendered":"http:\/\/www.korhanyilmaz.com\/?p=48952"},"modified":"2012-02-18T18:59:28","modified_gmt":"2012-02-18T16:59:28","slug":"orada-dokunan-yanmiyor","status":"publish","type":"post","link":"http:\/\/www.korhanyilmaz.com\/?p=48952","title":{"rendered":"Orada dokunan yanm\u0131yor"},"content":{"rendered":"<p style=\"text-align: center;\"><a href=\"http:\/\/www.korhanyilmaz.com\/wp-content\/uploads\/2012\/02\/9005.jpg\"  class=\"lightview\"><img loading=\"lazy\" decoding=\"async\" class=\"aligncenter  wp-image-48953\" src=\"http:\/\/www.korhanyilmaz.com\/wp-content\/uploads\/2012\/02\/9005.jpg\" alt=\"\" width=\"396\" height=\"180\" \/><\/a><\/p>\n<p style=\"text-align: justify;\">T\u00fcrkiye\u2019nin y\u00fcksek r\u00fctbeli devlet memurlar\u0131na dokunmay\u0131 Ba\u015fbakan iznine ba\u011flad\u0131\u011f\u0131 g\u00fcn Almanya\u2019n\u0131n en y\u00fcksek r\u00fctbeli devlet memuruna, cumhurba\u015fkan\u0131na dokunmas\u0131 ilgin\u00e7 bir tesad\u00fcf oldu.<\/p>\n<p style=\"text-align: justify;\">Gerek Alman cumhurba\u015fkan\u0131 Christian Wullf\u2019un istifas\u0131na neden olan gerek\u00e7eler, gerekse bunun politik yans\u0131malar\u0131, T\u00fcrkiye ile bat\u0131l\u0131 demokrasiler aras\u0131ndaki farklar a\u00e7\u0131s\u0131ndan de\u011ferlendirmeye de\u011fer bir tabloyu ortaya koyuyor.\u00a0<!--more--><\/p>\n<p style=\"text-align: justify;\">Alman cumhurba\u015fkan\u0131na y\u00f6neltilen en b\u00fcy\u00fck ele\u015ftiri, yak\u0131n\u0131ndaki i\u015fadamlar\u0131yla kurdu\u011fu ili\u015fkiler ile ilgiliydi. Ama Wullf\u2019un i\u015f d\u00fcnyas\u0131ndaki arkada\u015flar\u0131na y\u00f6nelik kay\u0131rmac\u0131 bir tutum sergiledi\u011fine dair somut kan\u0131tlar yok. Yap\u0131lan en b\u00fcy\u00fck su\u00e7lama, i\u015fadam\u0131 arkada\u015flar\u0131n\u0131n yazl\u0131klar\u0131nda, teknelerinde, milyon euroluk evlerinde ge\u00e7irdi\u011fi tatiller. Ayr\u0131ca Porsche\u2019nin Volkswagen\u2019i sat\u0131n almaya \u00e7al\u0131\u015ft\u0131\u011f\u0131 d\u00f6neme ili\u015fkin bir sermaye piyasas\u0131 su\u00e7lamas\u0131 var, ama o daha d\u00fcn \u00e7\u0131kt\u0131. Dolay\u0131s\u0131yla istifa \u00f6ncesi barda\u011f\u0131 ta\u015f\u0131ran son damla oldu.<\/p>\n<p style=\"text-align: justify;\">Oysa T\u00fcrk tipi demokraside bizler, ba\u015fbakan ve cumhurba\u015fkanlar\u0131n\u0131n karde\u015flerine ait bankalara (\u00fcstelik batan), ba\u015fbakanlar\u0131n emirleriyle devlet \u00e7e\u015fmesinden su i\u00e7en m\u00fcteahhitlere, gece yar\u0131lar\u0131 i\u015fadamlar\u0131 ile yap\u0131lan kamu bankas\u0131 sat\u0131\u015f anla\u015fmalar\u0131na, kamu bankalar\u0131n\u0131n kaynaklar\u0131 ile al\u0131nan medya gruplar\u0131na al\u0131\u015f\u0131\u011f\u0131z.<\/p>\n<p style=\"text-align: justify;\">Ayr\u0131ca T\u00fcrk tipi demokraside siyaset\u00e7ilerin i\u015fadamlar\u0131n\u0131n teknelerinde tatil yapmalar\u0131nda, kendilerine ayr\u0131lan ultra l\u00fcks tesislerde a\u011f\u0131rlanmalar\u0131nda, i\u015f adamlar\u0131n\u0131n kendilerine ait koylarda dinlenmelerinde sak\u0131nca yoktur. Oysa ki bunlar, Alman i\u015fi demokraside istifa gerektiren unsurlara d\u00f6n\u00fc\u015febiliyor.<\/p>\n<p style=\"text-align: justify;\">Alman demokrasisinde, devletin zirvesindeki cumhurba\u015fkan\u0131n\u0131n evinde, ofisinde arama yapmak da normal. Polis, savc\u0131l\u0131k emriyle ge\u00e7ti\u011fimiz g\u00fcnlerde Wullf\u2019un hem ofisinde hem rezidans\u0131nda arama yapt\u0131. Eski s\u00f6zc\u00fcs\u00fcn\u00fcn ofiste b\u0131rakt\u0131\u011f\u0131 iddia edilen baz\u0131 belgeler bulunmaya \u00e7al\u0131\u015f\u0131ld\u0131.<\/p>\n<p style=\"text-align: justify;\">Bunu yapan savc\u0131 hala g\u00f6revde. G\u00f6revden al\u0131nmad\u0131, ba\u015fka bir yere s\u00fcr\u00fclmedi. Merkeze \u00e7ekilmedi, hakk\u0131nda 12 y\u0131l hapis istemiyle dava da a\u00e7\u0131lmad\u0131. \u00dcstelik operasyonu yapan polislerin de tamam\u0131 halen g\u00f6revlerinin ba\u015f\u0131nda. Emniyet m\u00fcd\u00fcrl\u00fc\u011f\u00fc bu arama ve operasyonu ger\u00e7ekle\u015ftirdi\u011fi i\u00e7in herhangi bir g\u00f6rev de\u011fi\u015fikli\u011fine u\u011framad\u0131. Orada Cumhurba\u015fkan\u0131na bile dokunan yanmad\u0131.<\/p>\n<p style=\"text-align: justify;\">Angela Merkel H\u00fck\u00fcmeti, kendisi, \u00fcstelik de 1250 ki\u015filik bir oylamada 3 oy farkla se\u00e7tirebildi\u011fi bir cumhurba\u015fkan\u0131na y\u00f6nelik bu uygulamay\u0131 engellemek i\u00e7in Wullf aleyhinde haber yapan gazetecileri ter\u00f6rist ilan etmedi, i\u00e7eri almad\u0131. Onlar\u0131 engellemek i\u00e7in \u00e7al\u0131\u015ft\u0131klar\u0131 medya kurulu\u015flar\u0131na bask\u0131 yapmad\u0131, vergi cezalar\u0131 \u00e7\u0131karmad\u0131. Gazetelerin patronlar\u0131n\u0131 toplay\u0131p ge\u00e7mi\u015fte T\u00fcrkiye\u2019de \u00e7ok \u00f6rne\u011fi g\u00f6r\u00fcld\u00fc\u011f\u00fc \u00fczere \u201cayar vermeye\u201d \u00e7 al\u0131\u015fmad\u0131.<\/p>\n<p style=\"text-align: justify;\">Tam tersine, bu durumu \u201c\u00c7ok \u00fczg\u00fcn\u00fcm. Ama Almanya\u2019da demokrasi ve kurallar\u0131n herkes ama herkes i\u00e7in oldu\u011fu bir kez daha kan\u0131tland\u0131\u201d a\u00e7\u0131klamas\u0131 yapt\u0131.<\/p>\n<p style=\"text-align: justify;\">Alman demokrasisinde iktidardaki H\u0131ristiyan Demokrat Parti\u2019nin kar\u015f\u0131s\u0131ndaki Sosyal Demokratlar ve dahas\u0131 sol tandansl\u0131 Ye\u015filler, istifa eden cumhurba\u015fkan\u0131n\u0131n yerine bir Protestan papaz\u0131 aday g\u00f6sterebiliyor. Onun inanc\u0131yla, yakla\u015f\u0131m\u0131yla, dini g\u00f6r\u00fc\u015f\u00fcyle de\u011fil, devlet adaml\u0131\u011f\u0131yla ilgileniyor. Bir rahibin cumhurba\u015fkan\u0131 olmas\u0131n\u0131n laikli\u011fe zarar verece\u011fini d\u00fc\u015f\u00fcnm\u00fcyor.<\/p>\n<p style=\"text-align: justify;\">\u0130ktidar partisi H\u0131ristiyan Demokratlar\u2019\u0131n hi\u00e7biri cumhurba\u015fkan\u0131n\u0131n dokunulmazl\u0131\u011f\u0131n\u0131n kald\u0131r\u0131lmas\u0131na tepki g\u00f6stermiyor, bizzat destekliyor. Hatalar\u0131 varsa ar\u0131n\u0131p gelmesi gerekti\u011fini savunuyor. \u0130stifa eden cumhurba\u015fkan\u0131, b\u00fcy\u00fck olas\u0131l\u0131kla hakim kar\u015f\u0131s\u0131na ge\u00e7ecek ve yarg\u0131lanacak.<\/p>\n<p style=\"text-align: justify;\">T\u00fcrk tipi demokrasilerde ise bu t\u00fcr yarg\u0131lamalar ancak, demokrasinin darbelerle kesildi\u011fi d\u00f6nemlerde g\u00f6r\u00fcl\u00fcyor. \u00dcst\u00fcne \u00fcstl\u00fck, o siyaset\u00e7iler konu\u015fmalar\u0131na, savunma yapmalar\u0131na dahi izin verilmeden dara\u011fac\u0131na gidiyor.<\/p>\n<p style=\"text-align: justify;\">K\u0131sacas\u0131 orada dokunan yanm\u0131yor, kimse de kimseye bo\u015fu bo\u015funa dokunmuyor.<\/p>\n<p style=\"text-align: justify;\"><a href=\"http:\/\/www.gazeteport.com.tr\/haber\/79800\/orada_dokunan_yanmiyor\" target=\"_blank\">Kaynak : GAZETEPORT<\/a><\/p>\n","protected":false},"excerpt":{"rendered":"<p style=\"text-align: center;\">\n<p style=\"text-align: justify;\">T\u00fcrkiye\u2019nin y\u00fcksek r\u00fctbeli devlet memurlar\u0131na dokunmay\u0131 Ba\u015fbakan iznine ba\u011flad\u0131\u011f\u0131 g\u00fcn Almanya\u2019n\u0131n en y\u00fcksek r\u00fctbeli devlet memuruna, cumhurba\u015fkan\u0131na dokunmas\u0131 ilgin\u00e7 bir tesad\u00fcf oldu.<\/p>\n<p style=\"text-align: justify;\">Gerek Alman cumhurba\u015fkan\u0131 Christian Wullf\u2019un istifas\u0131na neden olan gerek\u00e7eler, gerekse bunun politik yans\u0131malar\u0131, T\u00fcrkiye ile bat\u0131l\u0131 demokrasiler aras\u0131ndaki farklar a\u00e7\u0131s\u0131ndan de\u011ferlendirmeye de\u011fer bir tabloyu ortaya koyuyor. <\/p>\n","protected":false},"author":1,"featured_media":0,"comment_status":"open","ping_status":"open","sticky":false,"template":"","format":"standard","meta":{"footnotes":""},"categories":[105],"tags":[],"class_list":["post-48952","post","type-post","status-publish","format-standard","hentry","category-gundem","odd"],"_links":{"self":[{"href":"http:\/\/www.korhanyilmaz.com\/index.php?rest_route=\/wp\/v2\/posts\/48952","targetHints":{"allow":["GET"]}}],"collection":[{"href":"http:\/\/www.korhanyilmaz.com\/index.php?rest_route=\/wp\/v2\/posts"}],"about":[{"href":"http:\/\/www.korhanyilmaz.com\/index.php?rest_route=\/wp\/v2\/types\/post"}],"author":[{"embeddable":true,"href":"http:\/\/www.korhanyilmaz.com\/index.php?rest_route=\/wp\/v2\/users\/1"}],"replies":[{"embeddable":true,"href":"http:\/\/www.korhanyilmaz.com\/index.php?rest_route=%2Fwp%2Fv2%2Fcomments&post=48952"}],"version-history":[{"count":0,"href":"http:\/\/www.korhanyilmaz.com\/index.php?rest_route=\/wp\/v2\/posts\/48952\/revisions"}],"wp:attachment":[{"href":"http:\/\/www.korhanyilmaz.com\/index.php?rest_route=%2Fwp%2Fv2%2Fmedia&parent=48952"}],"wp:term":[{"taxonomy":"category","embeddable":true,"href":"http:\/\/www.korhanyilmaz.com\/index.php?rest_route=%2Fwp%2Fv2%2Fcategories&post=48952"},{"taxonomy":"post_tag","embeddable":true,"href":"http:\/\/www.korhanyilmaz.com\/index.php?rest_route=%2Fwp%2Fv2%2Ftags&post=48952"}],"curies":[{"name":"wp","href":"https:\/\/api.w.org\/{rel}","templated":true}]}}