{"id":48948,"date":"2012-02-18T16:08:36","date_gmt":"2012-02-18T14:08:36","guid":{"rendered":"http:\/\/www.korhanyilmaz.com\/?p=48948"},"modified":"2012-02-18T18:42:10","modified_gmt":"2012-02-18T16:42:10","slug":"chp-hic-olmazsa-bu-sozunu-tutmali","status":"publish","type":"post","link":"http:\/\/www.korhanyilmaz.com\/?p=48948","title":{"rendered":"&#8220;CHP hi\u00e7 olmazsa bu s\u00f6z\u00fcn\u00fc tutmal\u0131&#8221;"},"content":{"rendered":"<p style=\"text-align: center;\"><a href=\"http:\/\/www.korhanyilmaz.com\/wp-content\/uploads\/2012\/02\/9004.jpg\"  class=\"lightview\"><img loading=\"lazy\" decoding=\"async\" class=\"aligncenter  wp-image-48949\" src=\"http:\/\/www.korhanyilmaz.com\/wp-content\/uploads\/2012\/02\/9004.jpg\" alt=\"\" width=\"396\" height=\"180\" \/><\/a><\/p>\n<p style=\"text-align: justify;\">Ba\u015fbakan Yard\u0131mc\u0131s\u0131 B\u00fclent Ar\u0131n\u00e7, CHP&#8217;nin M\u0130T Yasas\u0131&#8217;n\u0131 Anayasa Mahkemesine g\u00f6t\u00fcrece\u011fine ili\u015fkin a\u00e7\u0131klamas\u0131yla ilgili, &#8221;CHP, hi\u00e7 olmazsa bu s\u00f6z\u00fcn\u00fc tutmal\u0131 ve anamuhalefet partisi olarak kendine tan\u0131nan m\u00fcracaat hakk\u0131n\u0131 kullanmal\u0131&#8221; dedi.<\/p>\n<p style=\"text-align: justify;\">ANKARA &#8211; Ar\u0131n\u00e7, Sanat Akmerkez&#8217;deki H\u00fcsn-\u00fc Hat sergisinin a\u00e7\u0131l\u0131\u015f\u0131 s\u0131ras\u0131nda gazetecilerin sorular\u0131n\u0131 cevaplad\u0131.\u00a0<!--more--><\/p>\n<p style=\"text-align: justify;\">Muhalefetin, M\u0130T Yasas\u0131 ile ilgili ele\u015ftirilerine y\u00f6nelik bir soru \u00fczerine Ar\u0131n\u00e7, bir s\u00fcre \u00f6nce CHP Genel Ba\u015fkan\u0131 Kemal K\u0131l\u0131\u00e7daro\u011flu&#8217;nun bu ele\u015ftiri ve endi\u015felerine inanmad\u0131\u011f\u0131n\u0131 s\u00f6yledi\u011fini hat\u0131rlatarak, \u015f\u00f6yle konu\u015ftu:<\/p>\n<p style=\"text-align: justify;\">&#8221;Bu ele\u015ftirileri yapan muhalefet partisi ister CHP olsun, ister MHP, ister BDP olsun, bu ele\u015ftirilerinde ne kadar ciddi ve ne kadar samimi oldu\u011funu g\u00f6stermek i\u00e7in bu kanunun oylamas\u0131na kat\u0131lmas\u0131 gerekirdi. Bunlar\u0131n hi\u00e7biri ciddi ve samimi de\u011fildir. E\u011fer \u00f6yle olsayd\u0131, en az 200 ki\u015filik muhalefet partisi milletvekillerinden sadece 60&#8217;\u0131 aleyhte oy kullanmazd\u0131. Say\u0131n K\u0131l\u0131\u00e7daro\u011flu bu kadar tehlike diyor, bu kadar ele\u015ftiri yap\u0131yor, peki ni\u00e7in 136 milletvekilinden sadece 30&#8217;u aleyhte oy kullan\u0131yor da, 10&#8217;da 8&#8217;i d\u0131\u015far\u0131da ba\u015fka \u015feyler yap\u0131yor. Ni\u00e7in 50-52 ki\u015filik MHP&#8217;den 10 ki\u015fi aleyhte oy kullan\u0131yor da, gerisi ba\u015fka yerlerde duruyor. Ni\u00e7in 29 ki\u015filik BDP&#8217;den sadece 2 milletvekili aleyhte oy kullan\u0131yor. Hem bu kanun vesilesiyle, hem de ge\u00e7ti\u011fimiz aylarda verilen gensorularda muhalefetin bu gayriciddi tutumunu g\u00f6rm\u00fc\u015ft\u00fck. Gensoru veriyor bakan hakk\u0131nda, ba\u015fbakan hakk\u0131nda, fakat oylamas\u0131na bile kat\u0131lm\u0131yor. Muhalefet partileri bu konularda ne derlerse desin, milletvekillerinin t\u00fcm\u00fcyle birlikte bu s\u00f6zlerinin gere\u011fini yapmad\u0131k\u00e7a bunlar\u0131n hi\u00e7bir s\u00f6yledi\u011fine inanmay\u0131n.&#8221;<\/p>\n<p style=\"text-align: justify;\">Yasama faaliyetinin TBMM&#8217;nin ana g\u00f6revi oldu\u011funu belirten Ar\u0131n\u00e7, TBMM&#8217;nin yasama g\u00f6revini hakk\u0131yla yerine getirdi\u011fini s\u00f6yledi.<\/p>\n<p style=\"text-align: justify;\">B\u00fclent Ar\u0131n\u00e7, &#8221;AK Parti grubu da, y\u00fczde 80 oylamaya kat\u0131lm\u0131\u015f ve uygun buldu\u011fu kanuna &#8216;evet&#8217; oyu kullanm\u0131\u015ft\u0131r. Ke\u015fke aksini de muhalefet partileri yapsayd\u0131. Ama onlar da bu kanunun ve yap\u0131lmak istenen \u015feyin hukuka uygun oldu\u011funa inan\u0131yorlar. 10 ki\u015fiyi koyuyorlar Meclis&#8217;e kavga etsinler diye, geri kalanlar d\u0131\u015far\u0131da keyfine bak\u0131yor. Ne b\u00f6yle muhalefet olur, ne b\u00f6yle ele\u015ftiri olur&#8221; diye konu\u015ftu.<\/p>\n<p style=\"text-align: justify;\">CHP&#8217;nin Anayasa Mahkemesine gidece\u011fi a\u00e7\u0131klamas\u0131n\u0131n hat\u0131rlat\u0131larak, bu konuda hukuk\u00e7u olarak yorumunun sorulmas\u0131 \u00fczerine Ar\u0131n\u00e7, &#8221;CHP hi\u00e7 olmazsa bu s\u00f6z\u00fcn\u00fc tutmal\u0131 ve ana muhalefet partisi olarak kendine tan\u0131nan m\u00fcracaat hakk\u0131n\u0131 kullanmal\u0131. Ben Anayasa Mahkemesinin bu konuda ne karar verece\u011fini \u00f6nceden s\u00f6ylersem, mahkemeye sayg\u0131s\u0131zl\u0131k yapm\u0131\u015f olurum&#8221; dedi.<\/p>\n<p style=\"text-align: justify;\">Ar\u0131n\u00e7, gazetecilerin, &#8221;M\u0130T Yasas\u0131&#8217;n\u0131n su\u00e7 ve su\u00e7luyu koruma anlam\u0131na geldi\u011fi yorumlar\u0131 yap\u0131l\u0131yor&#8221; \u015feklindeki s\u00f6zleri \u00fczerine de, &#8221;Bu yorumlar\u0131n hi\u00e7birisi ger\u00e7ek de\u011fil&#8221; diye konu\u015ftu.<\/p>\n<p style=\"text-align: justify;\"><a href=\"http:\/\/www.gazeteport.com.tr\/haber\/79902\/quotchp_hic_olmazsa_bu_sozunu_tutmaliquot\" target=\"_blank\">Kaynak : GAZETEPORT<\/a><\/p>\n","protected":false},"excerpt":{"rendered":"<p style=\"text-align: center;\">\n<p style=\"text-align: justify;\">Ba\u015fbakan Yard\u0131mc\u0131s\u0131 B\u00fclent Ar\u0131n\u00e7, CHP&#8217;nin M\u0130T Yasas\u0131&#8217;n\u0131 Anayasa Mahkemesine g\u00f6t\u00fcrece\u011fine ili\u015fkin a\u00e7\u0131klamas\u0131yla ilgili, &#8221;CHP, hi\u00e7 olmazsa bu s\u00f6z\u00fcn\u00fc tutmal\u0131 ve anamuhalefet partisi olarak kendine tan\u0131nan m\u00fcracaat hakk\u0131n\u0131 kullanmal\u0131&#8221; dedi.<\/p>\n<p style=\"text-align: justify;\">ANKARA &#8211; Ar\u0131n\u00e7, Sanat Akmerkez&#8217;deki H\u00fcsn-\u00fc Hat sergisinin a\u00e7\u0131l\u0131\u015f\u0131 s\u0131ras\u0131nda gazetecilerin sorular\u0131n\u0131 cevaplad\u0131. <\/p>\n","protected":false},"author":1,"featured_media":0,"comment_status":"open","ping_status":"open","sticky":false,"template":"","format":"standard","meta":{"footnotes":""},"categories":[105],"tags":[],"class_list":["post-48948","post","type-post","status-publish","format-standard","hentry","category-gundem","odd"],"_links":{"self":[{"href":"http:\/\/www.korhanyilmaz.com\/index.php?rest_route=\/wp\/v2\/posts\/48948","targetHints":{"allow":["GET"]}}],"collection":[{"href":"http:\/\/www.korhanyilmaz.com\/index.php?rest_route=\/wp\/v2\/posts"}],"about":[{"href":"http:\/\/www.korhanyilmaz.com\/index.php?rest_route=\/wp\/v2\/types\/post"}],"author":[{"embeddable":true,"href":"http:\/\/www.korhanyilmaz.com\/index.php?rest_route=\/wp\/v2\/users\/1"}],"replies":[{"embeddable":true,"href":"http:\/\/www.korhanyilmaz.com\/index.php?rest_route=%2Fwp%2Fv2%2Fcomments&post=48948"}],"version-history":[{"count":0,"href":"http:\/\/www.korhanyilmaz.com\/index.php?rest_route=\/wp\/v2\/posts\/48948\/revisions"}],"wp:attachment":[{"href":"http:\/\/www.korhanyilmaz.com\/index.php?rest_route=%2Fwp%2Fv2%2Fmedia&parent=48948"}],"wp:term":[{"taxonomy":"category","embeddable":true,"href":"http:\/\/www.korhanyilmaz.com\/index.php?rest_route=%2Fwp%2Fv2%2Fcategories&post=48948"},{"taxonomy":"post_tag","embeddable":true,"href":"http:\/\/www.korhanyilmaz.com\/index.php?rest_route=%2Fwp%2Fv2%2Ftags&post=48948"}],"curies":[{"name":"wp","href":"https:\/\/api.w.org\/{rel}","templated":true}]}}