{"id":48939,"date":"2012-02-18T12:54:28","date_gmt":"2012-02-18T10:54:28","guid":{"rendered":"http:\/\/www.korhanyilmaz.com\/?p=48939"},"modified":"2012-02-18T15:53:25","modified_gmt":"2012-02-18T13:53:25","slug":"damarlarinda-hala-akp-kani-dolasiyor","status":"publish","type":"post","link":"http:\/\/www.korhanyilmaz.com\/?p=48939","title":{"rendered":"&#8216;Damarlar\u0131nda hala AKP kan\u0131 dola\u015f\u0131yor&#8217;"},"content":{"rendered":"<p style=\"text-align: justify;\">\n<p style=\"text-align: center;\"><a href=\"http:\/\/www.korhanyilmaz.com\/wp-content\/uploads\/2012\/02\/9001.jpg\"  class=\"lightview\"><img loading=\"lazy\" decoding=\"async\" class=\"aligncenter  wp-image-48941\" src=\"http:\/\/www.korhanyilmaz.com\/wp-content\/uploads\/2012\/02\/9001.jpg\" alt=\"\" width=\"420\" height=\"210\" \/><\/a><\/p>\n<p style=\"text-align: justify;\">CHP Genel Ba\u015fkan\u0131 Kemal K\u0131l\u0131\u00e7daro\u011flu, CHP milletvekilleriyle bir araya geldi.<\/p>\n<p style=\"text-align: justify;\">Parti Genel Merkezi\u2019nde bas\u0131na kapal\u0131 ger\u00e7ekle\u015ftirilen toplant\u0131da, milletvekillerine t\u00fcz\u00fck de\u011fi\u015fikli\u011fi konusunda bilgi verilece\u011fi, katk\u0131 ve g\u00f6r\u00fc\u015flerinin al\u0131naca\u011f\u0131 belirtildi.\u00a0<!--more--><\/p>\n<p style=\"text-align: justify;\"><a href=\"http:\/\/www.korhanyilmaz.com\/wp-content\/uploads\/2012\/02\/9002.jpg\"  class=\"lightview\"><img loading=\"lazy\" decoding=\"async\" class=\"alignleft size-full wp-image-48940\" style=\"margin-left: 10px; margin-right: 10px;\" title=\"9002\" src=\"http:\/\/www.korhanyilmaz.com\/wp-content\/uploads\/2012\/02\/9002.jpg\" alt=\"\" width=\"193\" height=\"102\" \/><\/a>CHP Grup Ba\u015fkanvekili Muharrem \u0130nce, toplant\u0131ya giri\u015finde, gazetecilerin Cumhurba\u015fkan\u0131 Abdullah G\u00fcl\u2019\u00fcn, Devlet \u0130stihbarat Hizmetleri ve Milli \u0130stihbarat Te\u015fkilat\u0131 Kanunu\u2019nda De\u011fi\u015fiklik Yap\u0131lmas\u0131na Dair Kanun\u2019u onaylamas\u0131na&#8221; ili\u015fkin sorusunu yan\u0131tlad\u0131.<\/p>\n<p style=\"text-align: justify;\">&#8220;H\u00fck\u00fcmetin acelesini anl\u0131yordum da say\u0131n Cumhurba\u015fkan\u0131\u2019n\u0131n acelesini anlayamad\u0131m&#8221; diyen \u0130nce, Genel Kurul\u2019dan sabah 6\u2019da ge\u00e7en kanunu, Cumhurba\u015fkan\u0131 G\u00fcl\u2019\u00fcn 7 saat sonra onayland\u0131\u011f\u0131n\u0131 s\u00f6yledi. \u0130nce, \u015f\u00f6yle konu\u015ftu:<\/p>\n<p style=\"text-align: justify;\">&#8220;Meclis\u2019e geli\u015fi de bir ilgin\u00e7 biliyorsunuz, say\u0131n Meclis Ba\u015fkan\u0131 da hi\u00e7\u00a0incelemeden alel acele, g\u00f6r\u00fclmekte olan bir davaya bakmadan, bizim\u00a0gensorular\u0131m\u0131zda akl\u0131na geliyor da H\u00fck\u00fcmet\u2019in g\u00f6nderdi\u011fi bir kanun teklifi veya\u00a0tasar\u0131 da akl\u0131na gelmiyor. Say\u0131n Cumhurba\u015fkan\u0131 ne yaz\u0131k ki toplumun t\u00fcm\u00a0kesimlerinin cumhurba\u015fkan\u0131 olamad\u0131\u011f\u0131n\u0131 bir kez daha g\u00f6stermi\u015ftir. Damarlar\u0131nda\u00a0hala s\u0131cak bir \u015fekilde AKP kan\u0131 dola\u015f\u0131yor. Kendini s\u0131cak siyasetin i\u00e7inde\u00a0hissediyor hala. Yaz\u0131k bu \u00fclkenin geldi\u011fi noktaya, Meclis Ba\u015fkan\u0131\u2019n\u0131n tutumu,\u00a0H\u00fck\u00fcmet\u2019in tutumu ve Cumhurba\u015fkan\u0131\u2019n\u0131n tutumu hepsi bir birini tamaml\u0131yor.Tarafs\u0131zl\u0131\u011f\u0131n\u0131 yitirmi\u015f bir Meclis Ba\u015fkan\u0131 ve T\u00fcrkiye\u2019de t\u00fcm kesimlerin\u00a0Cumhurba\u015fkan\u0131 olamam\u0131\u015f bir Cumhurba\u015fkan\u0131.&#8221;<\/p>\n<p style=\"text-align: justify;\">&#8220;Meclis\u2019teki oylamalar s\u0131ras\u0131nda 63 muhalif milletvekili bulunmas\u0131n\u0131\u00a0nas\u0131l de\u011ferlendiriyorsunuz&#8221; y\u00f6n\u00fcndeki soru \u00fczerine de \u0130nce, &#8220;O da ilgin\u00e7 tabii.\u00a0Muhalefet milletvekilleri de kusura bakmas\u0131n, T\u00fcrkiye\u2019yi bu kadar yak\u0131ndan\u00a0ilgilendiren bir yasada sabaha kadar orada olmalar\u0131 gerekirdi. Ger\u00e7i 20 muhalefet\u00a0milletvekili olsa yeter, ama hepsinin orada olmas\u0131 \u00e7ok daha ho\u015f olurdu&#8221; dedi.<\/p>\n<p style=\"text-align: justify;\">Kanunu Anayasa Mahkemesine g\u00f6t\u00fcr\u00fcp g\u00f6t\u00fcrmeyeceklerinin sorulmas\u0131 \u00fczerine\u00a0de \u0130nce, hen\u00fcz MYK\u2019da ve Grup y\u00f6netiminde yapt\u0131klar\u0131 bir toplant\u0131 olmad\u0131\u011f\u0131n\u0131\u00a0belirterek, &#8220;Ama benim ki\u015fisel tahminim y\u00fczde 100 gideriz tabii&#8221; yan\u0131t\u0131n\u0131\u00a0verdi.<\/p>\n<p style=\"text-align: justify;\"><strong>-&#8220;CHP\u2019liler ikiye ayr\u0131l\u0131r&#8221;-\u00a0<\/strong><\/p>\n<p style=\"text-align: justify;\">\u0130nce, 27 \u015eubat\u2019taki kurultay\u0131n delegeler d\u0131\u015f\u0131ndakilere kapal\u0131 olaca\u011f\u0131\u00a0y\u00f6n\u00fcndeki a\u00e7\u0131klamalar\u0131n hat\u0131rlat\u0131lmas\u0131 \u00fczerine ise &#8220;CHP\u2019liler ikiye ayr\u0131l\u0131r,\u00a0\u2019CHP\u2019lilerle kavga eden CHP\u2019liler\u2019, \u2019AKP\u2019lilerle kavga eden CHP\u2019liler\u2019, Ben\u00a0AKP\u2019lilerle kavga eden CHP\u2019lilerdenim. Parti i\u00e7i konular\u0131 asla bas\u0131nla\u00a0payla\u015fmam&#8221; \u015feklinde konu\u015ftu.<\/p>\n<p style=\"text-align: justify;\">Denizli milletvekili Adnan Keskin de kurultayda divan ba\u015fkan\u0131 olup\u00a0olmayaca\u011f\u0131 y\u00f6n\u00fcndeki bir soru \u00fczerine, 15 g\u00fcn \u00f6nce Genel Ba\u015fkan\u2019\u0131n bu konuda\u00a0istekte bulundu\u011funu an\u0131msatt\u0131.<\/p>\n<p style=\"text-align: justify;\">Hala bu durumun ge\u00e7erli olup olmad\u0131\u011f\u0131n\u0131n sorunu Keskin, &#8220;tebli\u011f edilen\u00a0g\u00f6revle ilgili herhangi bir de\u011fi\u015fiklik yap\u0131ld\u0131\u011f\u0131na dair bilginin kendisine\u00a0ula\u015fmad\u0131\u011f\u0131n\u0131&#8221; s\u00f6yledi.<\/p>\n<p style=\"text-align: justify;\">Keskin, bir soru \u00fczerine, &#8220;Karma\u015fa ya\u015fanmas\u0131 i\u00e7in t\u0131rnak ka\u015f\u0131yanlar\u0131\u00a0mah\u00e7up edecek bir kurultay ger\u00e7ekle\u015ftireceklerini&#8221; s\u00f6yledi.<\/p>\n<p style=\"text-align: justify;\">Toplant\u0131ya giren di\u011fer baz\u0131 CHP\u2019li milletvekilleri de Milli \u0130stihbarat\u00a0Te\u015fkilat\u0131 Kanunu\u2019nda De\u011fi\u015fiklik Yap\u0131lmas\u0131na Dair Kanun\u2019a y\u00f6nelik ele\u015ftirilerini\u00a0dile getirdiler.<\/p>\n<p style=\"text-align: justify;\"><strong>-&#8220;CHP b\u00fcnyesinde kimi k\u0131r\u0131lganl\u0131klar, kimi \u00f6fkeler var&#8221;-\u00a0<\/strong><\/p>\n<p style=\"text-align: justify;\">Toplant\u0131 devam ederken, CHP Genel Ba\u015fkan Yard\u0131mc\u0131s\u0131 Nihad Matkap damakam\u0131nda bas\u0131n mensuplar\u0131yla sohbet etti.<\/p>\n<p style=\"text-align: justify;\">Milli \u0130stihbarat Te\u015fkilat\u0131 Kanunu\u2019nda De\u011fi\u015fiklik Yap\u0131lmas\u0131na Dair Kanun\u2019u\u00a0ele\u015ftiren Matkap, &#8220;ki\u015fiye \u00f6zg\u00fc yasal d\u00fczenlemenin olmayaca\u011f\u0131n\u0131&#8221; s\u00f6yledi.<\/p>\n<p style=\"text-align: justify;\">Cumhurba\u015fkan\u0131\u2019n\u0131n &#8220;yasay\u0131 jet h\u0131z\u0131yla onaylad\u0131\u011f\u0131n\u0131&#8221; savunan Matkap,\u00a0&#8220;Cumhurba\u015fkan\u0131 makam\u0131n\u0131n bo\u015flu\u011fu bir kez daha g\u00f6r\u00fcld\u00fc. Noter konusundaki\u00a0ele\u015ftiriler bir kez daha hakl\u0131l\u0131k kazand\u0131. Anayasa Mahkemesinden bu d\u00fczenlemenin\u00a0d\u00f6nece\u011fini tahmin ediyorum&#8221; ifadelerini kulland\u0131.<\/p>\n<p style=\"text-align: justify;\">Matkap, bir gazetecinin &#8220;27 \u015eubat\u2019taki kurultay\u0131n delegeler\u00a0haricindekilere kapat\u0131lmas\u0131na y\u00f6nelik bir d\u00fc\u015fence oldu\u011fu ifade ediliyor, ne\u00a0diyorsunuz&#8221; sorusu \u00fczerine \u015funlar\u0131 kaydetti:<\/p>\n<p style=\"text-align: justify;\">&#8220;CHP\u2019lilerin bir k\u0131sm\u0131 26 \u015eubat\u2019ta yap\u0131lacak birinci kurultaya\u00a0kat\u0131lmayacak, b\u00f6yle bir kampanya var, b\u00f6yle bir telkin var. Bu konuda d\u00fc\u015f\u00fcncem\u00a0\u015f\u00f6yle; hi\u00e7bir CHP\u2019li CHP\u2019yi arkadan han\u00e7erlemez. Her zaman partisine sahip \u00e7\u0131kar\u00a026\u2019s\u0131nda da 27\u2019sinde de b\u00fct\u00fcn delege arkada\u015flar\u0131m\u0131n ayn\u0131 heyecanla iki kurultayda\u00a0yer almas\u0131n\u0131 bekliyorum, umut ediyorum. \u015eu an CHP i\u00e7inde b\u00fcnyesinde kimi\u00a0k\u0131r\u0131lganl\u0131klar, kimi \u00f6fkeler var, ama CHP\u2019de bu t\u00fcr sorunlar konusunda \u2019kol\u00a0k\u0131r\u0131l\u0131r yen i\u00e7erisinde kal\u0131r\u2019 \u00f6zdeyi\u015fini en \u00e7ok s\u00f6yleyen \u00d6nder Bey\u2019dir. Onun i\u00e7in\u00a0CHP\u2019lilerin 26\u2019s\u0131nda da 27\u2019sindeki kurultayda da b\u00fcy\u00fck heyecan ya\u015fanacakt\u0131r.&#8221;<\/p>\n<p style=\"text-align: justify;\">27 \u015eubat\u2019taki kurultay\u0131 bas\u0131n mensuplar\u0131n\u0131n izleyip izlemeyece\u011fi\u00a0y\u00f6n\u00fcndeki soruya da Matkap, &#8220;Biz bunu konu\u015fmad\u0131k. Kapan\u0131r kapanmaz konusunu\u00a0kendi aram\u0131zda konu\u015fmu\u015f de\u011filiz ama seyircisiz olmas\u0131 \u015fart, oras\u0131 seyirci\u00a0kald\u0131rmaz&#8221; dedi.<\/p>\n<p style=\"text-align: justify;\">&#8220;\u00d6nder Sav ile g\u00f6r\u00fc\u015fecek misiniz&#8221; sorusu \u00fczerine de Matkap,\u00a0&#8220;G\u00f6r\u00fc\u015fmekte engel yok, g\u00f6r\u00fc\u015f\u00fcr\u00fcm 4 y\u0131l birlikte \u00e7al\u0131\u015ft\u0131k&#8221; yan\u0131t\u0131n\u0131 verirken,\u00a0&#8220;Randevu var m\u0131&#8221; sorusuna da &#8220;Hay\u0131r yok, b\u00f6yle bir ihtiya\u00e7 varsa g\u00f6r\u00fc\u015f\u00fcr\u00fcm.\u00a0CHP\u2019de kimsenin kimseden fazlas\u0131 yok&#8221; kar\u015f\u0131l\u0131\u011f\u0131n\u0131 verdi.<\/p>\n<p style=\"text-align: justify;\"><a href=\"http:\/\/haber.gazetevatan.com\/damarlarinda-hala-akp-kani-dolasiyor\/431754\/9\/Siyaset\" target=\"_blank\">Kaynak : VATAN Gazetesi<\/a><\/p>\n","protected":false},"excerpt":{"rendered":"<p style=\"text-align: justify;\">\n<p style=\"text-align: center;\">\n<p style=\"text-align: justify;\">CHP Genel Ba\u015fkan\u0131 Kemal K\u0131l\u0131\u00e7daro\u011flu, CHP milletvekilleriyle bir araya geldi.<\/p>\n<p style=\"text-align: justify;\">Parti Genel Merkezi\u2019nde bas\u0131na kapal\u0131 ger\u00e7ekle\u015ftirilen toplant\u0131da, milletvekillerine t\u00fcz\u00fck de\u011fi\u015fikli\u011fi konusunda bilgi verilece\u011fi, katk\u0131 ve g\u00f6r\u00fc\u015flerinin al\u0131naca\u011f\u0131 belirtildi. <\/p>\n","protected":false},"author":1,"featured_media":0,"comment_status":"open","ping_status":"open","sticky":false,"template":"","format":"standard","meta":{"footnotes":""},"categories":[105],"tags":[],"class_list":["post-48939","post","type-post","status-publish","format-standard","hentry","category-gundem","odd"],"_links":{"self":[{"href":"http:\/\/www.korhanyilmaz.com\/index.php?rest_route=\/wp\/v2\/posts\/48939","targetHints":{"allow":["GET"]}}],"collection":[{"href":"http:\/\/www.korhanyilmaz.com\/index.php?rest_route=\/wp\/v2\/posts"}],"about":[{"href":"http:\/\/www.korhanyilmaz.com\/index.php?rest_route=\/wp\/v2\/types\/post"}],"author":[{"embeddable":true,"href":"http:\/\/www.korhanyilmaz.com\/index.php?rest_route=\/wp\/v2\/users\/1"}],"replies":[{"embeddable":true,"href":"http:\/\/www.korhanyilmaz.com\/index.php?rest_route=%2Fwp%2Fv2%2Fcomments&post=48939"}],"version-history":[{"count":0,"href":"http:\/\/www.korhanyilmaz.com\/index.php?rest_route=\/wp\/v2\/posts\/48939\/revisions"}],"wp:attachment":[{"href":"http:\/\/www.korhanyilmaz.com\/index.php?rest_route=%2Fwp%2Fv2%2Fmedia&parent=48939"}],"wp:term":[{"taxonomy":"category","embeddable":true,"href":"http:\/\/www.korhanyilmaz.com\/index.php?rest_route=%2Fwp%2Fv2%2Fcategories&post=48939"},{"taxonomy":"post_tag","embeddable":true,"href":"http:\/\/www.korhanyilmaz.com\/index.php?rest_route=%2Fwp%2Fv2%2Ftags&post=48939"}],"curies":[{"name":"wp","href":"https:\/\/api.w.org\/{rel}","templated":true}]}}