{"id":48931,"date":"2012-02-17T23:39:11","date_gmt":"2012-02-17T21:39:11","guid":{"rendered":"http:\/\/www.korhanyilmaz.com\/?p=48931"},"modified":"2012-02-18T09:26:08","modified_gmt":"2012-02-18T07:26:08","slug":"hizbullah-davasinda-olumune-karar","status":"publish","type":"post","link":"http:\/\/www.korhanyilmaz.com\/?p=48931","title":{"rendered":"Hizbullah davas\u0131nda \u00f6l\u00fcm\u00fcne karar"},"content":{"rendered":"<p style=\"text-align: center;\"><a href=\"http:\/\/www.korhanyilmaz.com\/wp-content\/uploads\/2012\/02\/9818.jpg\"  class=\"lightview\"><img loading=\"lazy\" decoding=\"async\" class=\"aligncenter  wp-image-48933\" src=\"http:\/\/www.korhanyilmaz.com\/wp-content\/uploads\/2012\/02\/9818.jpg\" alt=\"\" width=\"296\" height=\"228\" \/><\/a><\/p>\n<p style=\"text-align: justify;\">Ter\u00f6r \u00f6rg\u00fct\u00fc Hizbullah&#8217;\u0131n s\u00f6zde askeri kanat sorumlusu Hac\u0131 \u0130nan&#8217;\u0131n da aralar\u0131nda bulundu\u011fu 1&#8217;i tutuklu 27 san\u0131\u011f\u0131n yarg\u0131land\u0131\u011f\u0131 12 y\u0131ll\u0131k davada, \u0130nan ile 3 firari san\u0131\u011f\u0131n da aralar\u0131nda yer ald\u0131\u011f\u0131 8 ki\u015fiye, &#8220;\u00f6l\u00fcnceye kadar&#8221; a\u011f\u0131rla\u015ft\u0131r\u0131lm\u0131\u015f m\u00fcebbet hapis cezas\u0131 verildi.<\/p>\n<p style=\"text-align: justify;\">\u0130stanbul 13. A\u011f\u0131r Ceza Mahkemesindeki duru\u015fmaya, tutuklu san\u0131k Cevat I\u015f\u0131kl\u0131 rahats\u0131zl\u0131\u011f\u0131 nedeniyle kat\u0131lmad\u0131. Bu rahats\u0131zl\u0131\u011fa ili\u015fkin sa\u011fl\u0131k raporu, I\u015f\u0131kl\u0131&#8217;n\u0131n avukat\u0131 taraf\u0131ndan mahkeme heyetine sunuldu. Duru\u015fmaya gelmeyen di\u011fer san\u0131klar\u0131 da avukatlar\u0131 temsil etti.\u00a0<!--more--><\/p>\n<p style=\"text-align: justify;\">Daha \u00f6nce mahkemece haklar\u0131nda &#8220;yakalama emri&#8221; \u00e7\u0131kar\u0131lan san\u0131klar \u0130lyas Kutulman, Burhan Ekineker, \u0130brahim Evliyao\u011flu ve Abit Ta\u015fan&#8217;\u0131n hen\u00fcz yakalanamad\u0131klar\u0131n\u0131n tutana\u011fa ge\u00e7irildi\u011fi duru\u015fmada esasa ili\u015fkin g\u00f6r\u00fc\u015f\u00fc sorulan Cumhuriyet Savc\u0131s\u0131 \u00dcmit Zafer \u00c7olak, daha \u00f6nce sunulan m\u00fctalaay\u0131 tekrar etti\u011fini s\u00f6yledi.<\/p>\n<p style=\"text-align: justify;\"><strong>PKK&#8217;l\u0131larla ayn\u0131 uygulama talebi\u00a0<\/strong><\/p>\n<p style=\"text-align: justify;\">Duru\u015fmada, savc\u0131l\u0131k m\u00fctalaas\u0131na kar\u015f\u0131 son diyecekleri sorulan san\u0131k avukatlar\u0131, m\u00fcvekkillerinin beyanlar\u0131na kat\u0131ld\u0131klar\u0131n\u0131 belirterek, lehe olan h\u00fck\u00fcmlerin uygulanmas\u0131n\u0131 istediler.<\/p>\n<p style=\"text-align: justify;\">San\u0131klardan Nizamettin Ar\u0131k&#8217;\u0131n avukat\u0131 Adnan Y\u0131ld\u0131z, Kandil ve Mahmur b\u00f6lgesinden gelerek Habur s\u0131n\u0131r kap\u0131s\u0131ndan T\u00fcrkiye&#8217;ye giri\u015f yapan PKK ter\u00f6r \u00f6rg\u00fct\u00fc mensuplar\u0131na yap\u0131lan yarg\u0131sal uygulaman\u0131n, m\u00fcvekkili Ar\u0131k ile dosyan\u0131n di\u011fer san\u0131klar\u0131na da uygulanmas\u0131n\u0131 talep etti.<\/p>\n<p style=\"text-align: justify;\"><strong>&#8220;\u00d6lene kadar&#8221; a\u011f\u0131rla\u015ft\u0131r\u0131lm\u0131\u015f m\u00fcebbet\u00a0<\/strong><\/p>\n<p style=\"text-align: justify;\">Dosyay\u0131 karara ba\u011flayan mahkeme heyeti, san\u0131klar Hac\u0131 \u0130nan, Emin Ekici, Abdulsettar Y\u0131ld\u0131zbakan, Burhan Ekineker, \u0130lyas Kutulman, \u0130brahim Evliyao\u011flu, Mehmet Bayram Eren ve Sabahattin Alkan&#8217;\u0131n, &#8220;T\u00fcrkiye Cumhuriyeti Anayasas\u0131n\u0131n tamam\u0131n\u0131 veya bir k\u0131sm\u0131n\u0131 ortadan kald\u0131rmaya kalk\u0131\u015fmak&#8221; su\u00e7undan a\u011f\u0131rla\u015ft\u0131r\u0131lm\u0131\u015f m\u00fcebbet hapisle cezaland\u0131r\u0131lmas\u0131na karar verdi.<\/p>\n<p style=\"text-align: justify;\">Bu san\u0131klar\u0131n kat\u0131ld\u0131klar\u0131 eylemlerin nitelik ve yo\u011funlu\u011fu, adam \u00f6ld\u00fcrme eylemlerinin ortaya \u00e7\u0131kan ve telafi edilemez a\u011f\u0131r sonucunu da dikkate alarak, bu san\u0131klar hakk\u0131nda indirim uygulanmad\u0131\u011f\u0131n\u0131 belirten heyet, &#8220;A\u011f\u0131rla\u015ft\u0131r\u0131lm\u0131\u015f m\u00fcebbet hapis cezas\u0131na mahkum olan ter\u00f6r su\u00e7lular\u0131, ko\u015fullu sal\u0131verilme h\u00fck\u00fcmlerinden yararlanamaz. Bunlar hakk\u0131nda a\u011f\u0131rla\u015ft\u0131r\u0131lm\u0131\u015f m\u00fcebbet hapis cezas\u0131 \u00f6l\u00fcnceye kadar devam eder&#8221; h\u00fckm\u00fcn\u00fc i\u00e7eren Ter\u00f6rle M\u00fccadele Kanununun 17\/4. maddesinin uygulanmas\u0131n\u0131 kararla\u015ft\u0131rd\u0131.<\/p>\n<p style=\"text-align: justify;\">San\u0131klar Hac\u0131 \u0130nan, Emin Ekici, Abdulsettar Y\u0131ld\u0131zbakan, Mehmet Bayram Eren ve Sabahattin Alkan hakk\u0131nda, verilen ceza miktar\u0131 ve ka\u00e7ma \u015f\u00fcphesi nazara al\u0131narak &#8220;yakalama karar\u0131&#8221; \u00e7\u0131kar\u0131lmas\u0131na da karar veren mahkeme heyeti, firari san\u0131klar \u0130lyas Kutulman, Burhan Ekineker ve \u0130brahim Evliyao\u011flu hakk\u0131nda verilen &#8220;yakalama emri&#8221;nin devam\u0131n\u0131 da h\u00fckme ba\u011flad\u0131.<\/p>\n<p style=\"text-align: justify;\">Her bir san\u0131k i\u00e7in su\u00e7un i\u015fleni\u015f bi\u00e7imi ve \u00f6zelliklerini dikkate alan ve buna g\u00f6re karar veren mahkeme heyeti, &#8220;yasa d\u0131\u015f\u0131 silahl\u0131 ter\u00f6r \u00f6rg\u00fct\u00fc \u00fcyesi olmak&#8221; su\u00e7undan san\u0131k Mehmet Kanl\u0131p\u0131\u00e7ak&#8217;\u0131n 12 y\u0131l 6 ay, Mehmet Cemil Erez, Abdulselam Ge\u015fgin, Ali At\u0131m, H\u00fcseyin Hilmi Hocalar ve Murat Kara&#8217;n\u0131n 10&#8217;ar y\u0131l, Abdullah Beldek, Ahmet Kontuk, Enver K\u0131l\u0131\u00e7aslan, Salih Ki\u015fi ve Yunus Eser&#8217;in 7 y\u0131l 6&#8217;\u015far ay, Benan Kutulman, Hayrettin Ge\u015fgin, Mehmet Emin Ge\u015fgin, Nizamettin Ar\u0131k ve Bidayet K\u0131l\u0131\u00e7&#8217;\u0131n da 6 y\u0131l 3&#8217;er ay hapis cezas\u0131na \u00e7arpt\u0131r\u0131lmas\u0131n\u0131 kararla\u015ft\u0131rd\u0131.<\/p>\n<p style=\"text-align: justify;\">Savunmalar\u0131 al\u0131nmayan tutuklu san\u0131k Cevat I\u015f\u0131kl\u0131 ve Abit Ta\u015fan hakk\u0131ndaki davan\u0131n ayr\u0131larak, ba\u015fka bir dosyaya kayd\u0131na ve Cevat I\u015f\u0131kl\u0131&#8217;n\u0131n tutuklulu\u011funun devam\u0131na h\u00fckmeden heyet, san\u0131klardan Ramazan Tekin hakk\u0131nda ayn\u0131 su\u00e7tan dolay\u0131 Adana 1 No&#8217;lu Devlet G\u00fcvenlik Mahkemesinde de dava a\u00e7\u0131ld\u0131\u011f\u0131 ve mahkemenin 22 Mart 2001&#8217;de san\u0131\u011f\u0131n cezaland\u0131r\u0131lmas\u0131na karar verdi\u011fini belirterek, s\u00f6z konusu davan\u0131n bu davayla ayn\u0131 nitelikte olmas\u0131 nedeniyle Tekin y\u00f6n\u00fcnden davan\u0131n reddine karar verdi.<\/p>\n<p style=\"text-align: justify;\"><strong>Topluma Kazand\u0131rma Kanunundan yararlanma talebine ret\u00a0<\/strong><\/p>\n<p style=\"text-align: justify;\">Mahkeme heyeti, san\u0131klar Mehmet Cemil Erez, Emin Ekici, Mehmet Kanl\u0131p\u0131\u00e7ak, Ali At\u0131m, Mehmet Bayram Eren, H\u00fcseyin Hilmi Hocalar, Ahmet Kontuk, Nizamettin Ar\u0131k ve Murat Kara&#8217;n\u0131n, Topluma Kazand\u0131rma Kanunu ve TCK&#8217;n\u0131n 221. maddesinden yararlanma taleplerinin, ko\u015fullar olu\u015fmad\u0131\u011f\u0131 gerek\u00e7esiyle reddine h\u00fckmetti.<\/p>\n<p style=\"text-align: justify;\">Heyet, t\u00fcm bu kararlar\u0131 temyiz yolu a\u00e7\u0131k olmak \u00fczere oy birli\u011fiyle ald\u0131.<\/p>\n<p style=\"text-align: justify;\">Birle\u015ftirilen davalar\u0131n iddianamelerinde, ter\u00f6r \u00f6rg\u00fct\u00fc Hizbullah&#8217;\u0131n s\u00f6zde askeri kanat sorumlusu Hac\u0131 \u0130nan, \u00f6rg\u00fct\u00fcn s\u00f6zde \u0130stanbul sorumlusu \u0130lyas Kutulman ve 10 ki\u015finin cesedinin \u00e7\u0131kar\u0131ld\u0131\u011f\u0131 \u00dcsk\u00fcdar&#8217;daki evi kiralayan Cevat I\u015f\u0131kl\u0131&#8217;n\u0131n da aralar\u0131nda yer ald\u0131\u011f\u0131 10 san\u0131\u011f\u0131n, &#8220;Anayasal d\u00fczeni silah zoruyla de\u011fi\u015ftirmeye kalk\u0131\u015fmak&#8221; su\u00e7undan m\u00fcebbet a\u011f\u0131r hapis cezas\u0131na \u00e7arpt\u0131r\u0131lmalar\u0131 isteniyordu. \u0130ddianamelerde, di\u011fer san\u0131klar\u0131n da &#8220;yasa d\u0131\u015f\u0131 \u00f6rg\u00fct \u00fcyesi olmak&#8221; ve &#8220;yasa d\u0131\u015f\u0131 \u00f6rg\u00fct \u00fcyelerine yard\u0131m ve yatakl\u0131k etmek&#8221; su\u00e7lar\u0131ndan 4,5 ile 22,5 y\u0131l aras\u0131nda \u00e7e\u015fitli a\u011f\u0131r hapis cezalar\u0131na \u00e7arpt\u0131r\u0131lmalar\u0131 talep ediliyordu.<\/p>\n<p style=\"text-align: justify;\">Bu arada hakk\u0131nda yakalama karar\u0131 \u00e7\u0131kar\u0131lan Abdulsettar Y\u0131ld\u0131zbakan, Mersin&#8217;in Tarsus il\u00e7esinde bug\u00fcn yakaland\u0131.<\/p>\n<p style=\"text-align: justify;\"><a href=\"http:\/\/www.cnnturk.com\/2012\/turkiye\/02\/17\/hizbullah.davasinda.olumune.karar\/649653.0\/index.html\" target=\"_blank\">Kaynak : CNN T\u00dcRK<\/a><\/p>\n","protected":false},"excerpt":{"rendered":"<p style=\"text-align: center;\">\n<p style=\"text-align: justify;\">Ter\u00f6r \u00f6rg\u00fct\u00fc Hizbullah&#8217;\u0131n s\u00f6zde askeri kanat sorumlusu Hac\u0131 \u0130nan&#8217;\u0131n da aralar\u0131nda bulundu\u011fu 1&#8217;i tutuklu 27 san\u0131\u011f\u0131n yarg\u0131land\u0131\u011f\u0131 12 y\u0131ll\u0131k davada, \u0130nan ile 3 firari san\u0131\u011f\u0131n da aralar\u0131nda yer ald\u0131\u011f\u0131 8 ki\u015fiye, &#8220;\u00f6l\u00fcnceye kadar&#8221; a\u011f\u0131rla\u015ft\u0131r\u0131lm\u0131\u015f m\u00fcebbet hapis cezas\u0131 verildi.<\/p>\n<p style=\"text-align: justify;\">\u0130stanbul 13. A\u011f\u0131r Ceza Mahkemesindeki duru\u015fmaya, tutuklu san\u0131k Cevat I\u015f\u0131kl\u0131 <\/p>\n","protected":false},"author":1,"featured_media":0,"comment_status":"open","ping_status":"open","sticky":false,"template":"","format":"standard","meta":{"footnotes":""},"categories":[105],"tags":[],"class_list":["post-48931","post","type-post","status-publish","format-standard","hentry","category-gundem","odd"],"_links":{"self":[{"href":"http:\/\/www.korhanyilmaz.com\/index.php?rest_route=\/wp\/v2\/posts\/48931","targetHints":{"allow":["GET"]}}],"collection":[{"href":"http:\/\/www.korhanyilmaz.com\/index.php?rest_route=\/wp\/v2\/posts"}],"about":[{"href":"http:\/\/www.korhanyilmaz.com\/index.php?rest_route=\/wp\/v2\/types\/post"}],"author":[{"embeddable":true,"href":"http:\/\/www.korhanyilmaz.com\/index.php?rest_route=\/wp\/v2\/users\/1"}],"replies":[{"embeddable":true,"href":"http:\/\/www.korhanyilmaz.com\/index.php?rest_route=%2Fwp%2Fv2%2Fcomments&post=48931"}],"version-history":[{"count":0,"href":"http:\/\/www.korhanyilmaz.com\/index.php?rest_route=\/wp\/v2\/posts\/48931\/revisions"}],"wp:attachment":[{"href":"http:\/\/www.korhanyilmaz.com\/index.php?rest_route=%2Fwp%2Fv2%2Fmedia&parent=48931"}],"wp:term":[{"taxonomy":"category","embeddable":true,"href":"http:\/\/www.korhanyilmaz.com\/index.php?rest_route=%2Fwp%2Fv2%2Fcategories&post=48931"},{"taxonomy":"post_tag","embeddable":true,"href":"http:\/\/www.korhanyilmaz.com\/index.php?rest_route=%2Fwp%2Fv2%2Ftags&post=48931"}],"curies":[{"name":"wp","href":"https:\/\/api.w.org\/{rel}","templated":true}]}}