{"id":48928,"date":"2012-02-18T09:05:15","date_gmt":"2012-02-18T07:05:15","guid":{"rendered":"http:\/\/www.korhanyilmaz.com\/?p=48928"},"modified":"2012-02-18T09:22:36","modified_gmt":"2012-02-18T07:22:36","slug":"uluderede-pilotlar-travma-yasamis","status":"publish","type":"post","link":"http:\/\/www.korhanyilmaz.com\/?p=48928","title":{"rendered":"Uludere&#8217;de pilotlar travma ya\u015fam\u0131\u015f"},"content":{"rendered":"<p style=\"text-align: center;\"><a href=\"http:\/\/www.korhanyilmaz.com\/wp-content\/uploads\/2012\/02\/9817.jpg\"  class=\"lightview\"><img loading=\"lazy\" decoding=\"async\" class=\"aligncenter  wp-image-48929\" src=\"http:\/\/www.korhanyilmaz.com\/wp-content\/uploads\/2012\/02\/9817.jpg\" alt=\"\" width=\"307\" height=\"238\" \/><\/a><\/p>\n<p style=\"text-align: justify;\">Uludere&#8217;de u\u00e7aklar\u0131 kullanan pilotlar, \u00f6lenlerin sivil oldu\u011funu \u00f6\u011frenince travma ya\u015fad\u0131. Pilotlar 10 g\u00fcn karargahtan \u00e7\u0131kmad\u0131.<\/p>\n<p style=\"text-align: justify;\">Radikal gazetesinde yer alan Deniz Zeyrek&#8217;in haberine g\u00f6re, bir bu\u00e7uk ayd\u0131r g\u00fcndemden d\u00fc\u015fmeyen Uludere olay\u0131nda, \u2018karar mekanizmas\u0131nda\u2019 hi\u00e7bir \u015fekilde bulunmad\u0131klar\u0131 halde operasyonun kalbinde yer alan sava\u015f pilotlar\u0131n\u0131n, olaydan sonra yakla\u015f\u0131k 10 g\u00fcn askeri \u00fcste izole edildikleri, bunda da operasyon s\u0131ras\u0131nda duyduklar\u0131 teredd\u00fct nedeniyle olaydan sonra psikolojik travma ya\u015famalar\u0131n\u0131n etkili oldu\u011fu bildirildi.<!--more--><\/p>\n<p style=\"text-align: justify;\">Askeri kaynaklar, olaydan pilotlar\u0131n psikolojilerinin olumsuz etkilendi\u011fini, g\u00fcvenlik gerek\u00e7esiyle de bir s\u00fcre kimseyle g\u00f6r\u00fc\u015femediklerini do\u011frulad\u0131, ancak pilotlar\u0131n \u2018teredd\u00fct ettikleri\u2019 iddias\u0131 do\u011frulanmad\u0131.<\/p>\n<p style=\"text-align: justify;\">Ba\u015fkentte konu\u015fulan iddiaya g\u00f6re operasyonda g\u00f6rev alan d\u00f6rt pilot, operasyon s\u0131ras\u0131nda \u2018hedefin niteli\u011fi\u2019 konusunda teredd\u00fct bildirmi\u015fti ve operasyonda \u00f6len 34 ki\u015finin siviller oldu\u011fu anla\u015f\u0131l\u0131nca psikolojik travma ya\u015fam\u0131\u015ft\u0131. Bu konuyu sordu\u011fumuz askeri kaynaklar, pilotlar\u0131n yakla\u015f\u0131k 10 g\u00fcn boyunca kararg\u00e2h d\u0131\u015f\u0131na \u00e7\u0131kmad\u0131klar\u0131n\u0131, ancak ikinci haftadan itibaren normal rutinlerine d\u00f6nd\u00fcklerini teyid ettiler. Kararg\u00e2htaki tecridin nedeninin ise \u201caskerlerin olaydan psikolojik olarak olumsuz etkilenmesi\u201d ve \u201cg\u00fcvenlik gerek\u00e7esi\u201d oldu\u011fu ifade edildi. Ancak, pilotlar\u0131n operasyonda teredd\u00fct duydu\u011fu bilgisi askeri kaynaklarca do\u011frulanmad\u0131.<\/p>\n<p style=\"text-align: justify;\"><strong>\u2018Koordinat d\u0131\u015f\u0131 veri yok\u2019<\/strong><\/p>\n<p style=\"text-align: justify;\">Pilotlar, operasyon karar mekanizmas\u0131nda yok ama uygulay\u0131c\u0131 konumunda olduklar\u0131ndan operasyonun en kilit unsurlar\u0131 olarak g\u00f6r\u00fcl\u00fcyor. Operasyon karar\u0131, Kara Kuvvetleri\u2019nin talebi do\u011frultusunda Hava Kuvvetleri Komutanl\u0131\u011f\u0131\u2019na ba\u011fl\u0131 komutanl\u0131klarca al\u0131n\u0131yor. Emir ald\u0131ktan sonra havalanan pilotlar\u0131, insans\u0131z hava ara\u00e7lar\u0131 Heron\u2019lar\u0131n g\u00f6r\u00fcnt\u00fclerini al\u0131p de\u011ferlendiren Batman\u2019daki yer personeli y\u00f6nlendiriyor.<\/p>\n<p style=\"text-align: justify;\">Hedefin koordinatlar\u0131 \u015fifreli olarak pilotlara iletiliyor ve pilotlar Heron\u2019larca lazerle i\u015faretlenen koordinatlar\u0131 bombal\u0131yor. Heron\u2019lar\u0131 y\u00f6nlendiren yer personeli, ilk sorti sonras\u0131nda hedefin hareketlerine g\u00f6re yeni koordinatlar\u0131 di\u011fer sava\u015f u\u00e7aklar\u0131na iletiyor. Askeri kaynaklar, Uludere yak\u0131nlar\u0131ndaki operasyonun jetler ve pilotlar i\u00e7in \u2018gece u\u00e7u\u015fu\u2019 niteli\u011finde oldu\u011funa ve pilotlar\u0131n d\u00fc\u011fmeye kendilerine verilen koordinatlar d\u0131\u015f\u0131nda hi\u00e7bir veri olmadan bast\u0131\u011f\u0131na dikkat \u00e7ekerek, \u201cSesten h\u0131zl\u0131 giderken hedefin ka\u00e7ak\u00e7\u0131 m\u0131 PKK\u2019l\u0131 m\u0131 oldu\u011fu konusunda bir yarg\u0131ya varamazlar\u201d diyor.<\/p>\n<p style=\"text-align: justify;\">44 dakika s\u00fcren operasyon s\u0131ras\u0131nda d\u00f6rt ayr\u0131 sorti yapan d\u00f6rt F-16 pilotu ile yer personeli aras\u0131nda ge\u00e7en diyaloglar incelendi\u011finde operasyon s\u0131ras\u0131nda bir teredd\u00fct ortaya \u00e7\u0131k\u0131p \u00e7\u0131kmad\u0131\u011f\u0131n\u0131n g\u00f6r\u00fclebilece\u011fine i\u015faret ediliyor.<\/p>\n<p style=\"text-align: justify;\">Heron g\u00f6r\u00fcnt\u00fclerini izleyen \u0130nsan Haklar\u0131 Komisyonu Ba\u015fkan\u0131 Ayhan Sefer \u00dcst\u00fcn, kay\u0131tlarda u\u00e7aklar\u0131n g\u00f6r\u00fcnmedi\u011fini vurgularken, pilotlar\u0131n teredd\u00fct edip bo\u015f sorti yap\u0131p yapmad\u0131\u011f\u0131n\u0131n da o g\u00f6r\u00fcnt\u00fclerden anla\u015f\u0131lamayaca\u011f\u0131n\u0131 s\u00f6yledi. G\u00f6r\u00fcnt\u00fclerden pilotlar\u0131n s\u00fcre\u00e7teki rol\u00fcn\u00fcn sadece kendilerine \u015fifreli iletilen koordinat\u0131 bombalamak oldu\u011funun anla\u015f\u0131ld\u0131\u011f\u0131na dikkat \u00e7eken \u00dcst\u00fcn, iddian\u0131n \u2018\u015fehir efsanesi\u2019 oldu\u011fu ve pilotlar\u0131n bu olayda hi\u00e7bir sorumlulu\u011funun bulunmad\u0131\u011f\u0131 g\u00f6r\u00fc\u015f\u00fcnde.<\/p>\n<p style=\"text-align: justify;\"><strong>Ayg\u00fcn: D\u00f6rt ki\u015fi niye b\u0131rak\u0131ld\u0131?\u00a0<\/strong><\/p>\n<p style=\"text-align: justify;\">G\u00f6r\u00fcnt\u00fcleri izleyen Meclis komisyonunun CHP\u2019li \u00fcyesi H\u00fcseyin Ayg\u00fcn bombalananlar\u0131n PKK\u2019l\u0131 olmad\u0131\u011f\u0131n\u0131n anla\u015f\u0131ld\u0131\u011f\u0131n\u0131 \u0131srarla savunuyor. Ayg\u00fcn pilotlar\u0131n teredd\u00fct edip etmedi\u011fini ise anlamad\u0131klar\u0131n\u0131 vurgulad\u0131:<\/p>\n<p style=\"text-align: justify;\">\u201cD\u00f6rt ayr\u0131 bombalama var. \u0130lki 21.40, ikincisi 21 50, \u00fc\u00e7\u00fcnc\u00fcs\u00fc 22.03 ve sonuncusu 22.24\u2019te. A\u015fa\u011f\u0131daki grup d\u00f6rde b\u00f6l\u00fcnm\u00fc\u015f. U\u00e7aklar bu d\u00f6rt grubu ayr\u0131 ayr\u0131 vurmu\u015f. \u0130lk bombalamadan sonra bile a\u015fa\u011f\u0131dakilerin PKK\u2019l\u0131 olmad\u0131\u011f\u0131 \u00e7\u0131kar\u0131labilir. Nitekim ka\u00e7mak yerine toplu halde hareketsiz \u00f6l\u00fcm\u00fc beklemi\u015fler. PKK\u2019l\u0131lar olsa refleksleri b\u00f6yle olmazd\u0131 herhalde. Bombalardan, o gruplardan uzakta olduklar\u0131 i\u00e7in kurtulan d\u00f6rt ki\u015fi de Heron taraf\u0131ndan takip edildi\u011fi halde, jetler g\u00f6revi tamamlam\u0131\u015f. Madem Fehman H\u00fcseyin\u2019in oldu\u011funa inan\u0131l\u0131yor, o d\u00f6rt ki\u015fiden biri de Fehman H\u00fcseyin olabilirdi. Bir yanl\u0131\u015fl\u0131k g\u00f6rmedilerse Heron\u2019lar izledi\u011fi halde, ka\u00e7an d\u00f6rt ki\u015finin pe\u015fi neden b\u0131rak\u0131lm\u0131\u015f?\u201d<\/p>\n<p style=\"text-align: justify;\"><a href=\"http:\/\/www.cnnturk.com\/2012\/guncel\/02\/18\/uluderede.pilotlar.travma.yasamis\/649668.0\/index.html\" target=\"_blank\">Kaynak : CNN T\u00dcRK<\/a><\/p>\n","protected":false},"excerpt":{"rendered":"<p style=\"text-align: center;\">\n<p style=\"text-align: justify;\">Uludere&#8217;de u\u00e7aklar\u0131 kullanan pilotlar, \u00f6lenlerin sivil oldu\u011funu \u00f6\u011frenince travma ya\u015fad\u0131. Pilotlar 10 g\u00fcn karargahtan \u00e7\u0131kmad\u0131.<\/p>\n<p style=\"text-align: justify;\">Radikal gazetesinde yer alan Deniz Zeyrek&#8217;in haberine g\u00f6re, bir bu\u00e7uk ayd\u0131r g\u00fcndemden d\u00fc\u015fmeyen Uludere olay\u0131nda, \u2018karar mekanizmas\u0131nda\u2019 hi\u00e7bir \u015fekilde bulunmad\u0131klar\u0131 halde operasyonun kalbinde yer alan sava\u015f pilotlar\u0131n\u0131n, olaydan sonra yakla\u015f\u0131k 10 g\u00fcn askeri <\/p>\n","protected":false},"author":1,"featured_media":0,"comment_status":"open","ping_status":"open","sticky":false,"template":"","format":"standard","meta":{"footnotes":""},"categories":[105],"tags":[],"class_list":["post-48928","post","type-post","status-publish","format-standard","hentry","category-gundem","odd"],"_links":{"self":[{"href":"http:\/\/www.korhanyilmaz.com\/index.php?rest_route=\/wp\/v2\/posts\/48928","targetHints":{"allow":["GET"]}}],"collection":[{"href":"http:\/\/www.korhanyilmaz.com\/index.php?rest_route=\/wp\/v2\/posts"}],"about":[{"href":"http:\/\/www.korhanyilmaz.com\/index.php?rest_route=\/wp\/v2\/types\/post"}],"author":[{"embeddable":true,"href":"http:\/\/www.korhanyilmaz.com\/index.php?rest_route=\/wp\/v2\/users\/1"}],"replies":[{"embeddable":true,"href":"http:\/\/www.korhanyilmaz.com\/index.php?rest_route=%2Fwp%2Fv2%2Fcomments&post=48928"}],"version-history":[{"count":0,"href":"http:\/\/www.korhanyilmaz.com\/index.php?rest_route=\/wp\/v2\/posts\/48928\/revisions"}],"wp:attachment":[{"href":"http:\/\/www.korhanyilmaz.com\/index.php?rest_route=%2Fwp%2Fv2%2Fmedia&parent=48928"}],"wp:term":[{"taxonomy":"category","embeddable":true,"href":"http:\/\/www.korhanyilmaz.com\/index.php?rest_route=%2Fwp%2Fv2%2Fcategories&post=48928"},{"taxonomy":"post_tag","embeddable":true,"href":"http:\/\/www.korhanyilmaz.com\/index.php?rest_route=%2Fwp%2Fv2%2Ftags&post=48928"}],"curies":[{"name":"wp","href":"https:\/\/api.w.org\/{rel}","templated":true}]}}