{"id":48924,"date":"2012-02-17T20:03:27","date_gmt":"2012-02-17T18:03:27","guid":{"rendered":"http:\/\/www.korhanyilmaz.com\/?p=48924"},"modified":"2012-02-18T09:18:48","modified_gmt":"2012-02-18T07:18:48","slug":"basbug-davasi-irticayla-birlesti","status":"publish","type":"post","link":"http:\/\/www.korhanyilmaz.com\/?p=48924","title":{"rendered":"Ba\u015fbu\u011f davas\u0131 &#8220;\u0130rtica&#8221;yla birle\u015fti"},"content":{"rendered":"<p style=\"text-align: center;\"><a href=\"http:\/\/www.korhanyilmaz.com\/wp-content\/uploads\/2012\/02\/9816.jpg\"  class=\"lightview\"><img loading=\"lazy\" decoding=\"async\" class=\"aligncenter  wp-image-48925\" src=\"http:\/\/www.korhanyilmaz.com\/wp-content\/uploads\/2012\/02\/9816.jpg\" alt=\"\" width=\"234\" height=\"222\" \/><\/a><\/p>\n<p style=\"text-align: justify;\">\u0130stanbul 13. A\u011f\u0131r Ceza Mahkemesi, eski Genelkurmay Ba\u015fkan\u0131 emekli Orgeneral \u0130lker Ba\u015fbu\u011f hakk\u0131ndaki davan\u0131n &#8220;\u0130rtica ile M\u00fccadele Eylem Plan\u0131&#8221; davas\u0131yla birle\u015ftirilmesine karar verdi.<\/p>\n<p style=\"text-align: justify;\">Ba\u015fbu\u011f hakk\u0131ndaki iddianameyi kabul eden \u0130stanbul 13. A\u011f\u0131r Ceza Mahkemesi, tensip zapt\u0131n\u0131 da haz\u0131rlad\u0131.\u00a0<!--more--><\/p>\n<p style=\"text-align: justify;\">Buna g\u00f6re mahkeme heyeti, iddianamedeki anlat\u0131mlar, birle\u015ftirme y\u00f6n\u00fcndeki savc\u0131l\u0131k talebi, davalar\u0131n birlikte y\u00fcr\u00fct\u00fclmesinde dosyalar aras\u0131ndaki fiili ve hukuki irtibat\u0131n olmas\u0131, davalar\u0131n birle\u015ftirilmesinde hukuki menfaatin bulunmas\u0131 ve usul ekonomisi dikkate al\u0131narak, Ba\u015fbu\u011f hakk\u0131ndaki davan\u0131n, kendi mahkemelerinde g\u00f6r\u00fclen &#8220;\u0130rtica ile M\u00fccadele Eylem Plan\u0131&#8221; davas\u0131yla birle\u015ftirilmesine h\u00fckmetti.<\/p>\n<p style=\"text-align: justify;\">Mahkeme ayr\u0131ca, 22 Mart 2012 tarihinde yap\u0131lacak duru\u015fmada Ba\u015fbu\u011f&#8217;un da haz\u0131r edilmesini karara ba\u011flad\u0131.<\/p>\n<p style=\"text-align: justify;\"><a href=\"http:\/\/www.cnnturk.com\/2012\/turkiye\/02\/17\/basbug.davasi.irticayla.birlesti\/649643.0\/index.html\" target=\"_blank\">Kaynak : CNN T\u00dcRK<br \/>\n<\/a><\/p>\n","protected":false},"excerpt":{"rendered":"<p style=\"text-align: center;\">\n<p style=\"text-align: justify;\">\u0130stanbul 13. A\u011f\u0131r Ceza Mahkemesi, eski Genelkurmay Ba\u015fkan\u0131 emekli Orgeneral \u0130lker Ba\u015fbu\u011f hakk\u0131ndaki davan\u0131n &#8220;\u0130rtica ile M\u00fccadele Eylem Plan\u0131&#8221; davas\u0131yla birle\u015ftirilmesine karar verdi.<\/p>\n<p style=\"text-align: justify;\">Ba\u015fbu\u011f hakk\u0131ndaki iddianameyi kabul eden \u0130stanbul 13. A\u011f\u0131r Ceza Mahkemesi, tensip zapt\u0131n\u0131 da haz\u0131rlad\u0131. <\/p>\n","protected":false},"author":1,"featured_media":0,"comment_status":"open","ping_status":"open","sticky":false,"template":"","format":"standard","meta":{"footnotes":""},"categories":[105],"tags":[],"class_list":["post-48924","post","type-post","status-publish","format-standard","hentry","category-gundem","odd"],"_links":{"self":[{"href":"http:\/\/www.korhanyilmaz.com\/index.php?rest_route=\/wp\/v2\/posts\/48924","targetHints":{"allow":["GET"]}}],"collection":[{"href":"http:\/\/www.korhanyilmaz.com\/index.php?rest_route=\/wp\/v2\/posts"}],"about":[{"href":"http:\/\/www.korhanyilmaz.com\/index.php?rest_route=\/wp\/v2\/types\/post"}],"author":[{"embeddable":true,"href":"http:\/\/www.korhanyilmaz.com\/index.php?rest_route=\/wp\/v2\/users\/1"}],"replies":[{"embeddable":true,"href":"http:\/\/www.korhanyilmaz.com\/index.php?rest_route=%2Fwp%2Fv2%2Fcomments&post=48924"}],"version-history":[{"count":0,"href":"http:\/\/www.korhanyilmaz.com\/index.php?rest_route=\/wp\/v2\/posts\/48924\/revisions"}],"wp:attachment":[{"href":"http:\/\/www.korhanyilmaz.com\/index.php?rest_route=%2Fwp%2Fv2%2Fmedia&parent=48924"}],"wp:term":[{"taxonomy":"category","embeddable":true,"href":"http:\/\/www.korhanyilmaz.com\/index.php?rest_route=%2Fwp%2Fv2%2Fcategories&post=48924"},{"taxonomy":"post_tag","embeddable":true,"href":"http:\/\/www.korhanyilmaz.com\/index.php?rest_route=%2Fwp%2Fv2%2Ftags&post=48924"}],"curies":[{"name":"wp","href":"https:\/\/api.w.org\/{rel}","templated":true}]}}