{"id":48920,"date":"2012-02-17T15:46:55","date_gmt":"2012-02-17T13:46:55","guid":{"rendered":"http:\/\/www.korhanyilmaz.com\/?p=48920"},"modified":"2012-02-17T19:49:12","modified_gmt":"2012-02-17T17:49:12","slug":"kadin-polis-bakani-kurtce-karsiladi","status":"publish","type":"post","link":"http:\/\/www.korhanyilmaz.com\/?p=48920","title":{"rendered":"Kad\u0131n polis bakan\u0131 K\u00fcrt\u00e7e kar\u015f\u0131lad\u0131"},"content":{"rendered":"<p style=\"text-align: center;\"><a href=\"http:\/\/www.korhanyilmaz.com\/wp-content\/uploads\/2012\/02\/9815.jpg\"  class=\"lightview\"><img loading=\"lazy\" decoding=\"async\" class=\"aligncenter  wp-image-48922\" src=\"http:\/\/www.korhanyilmaz.com\/wp-content\/uploads\/2012\/02\/9815.jpg\" alt=\"\" width=\"336\" height=\"223\" \/><\/a><\/p>\n<p style=\"text-align: justify;\">Maliye Bakan\u0131 Mehmet \u015eim\u015fek, Vanl\u0131 \u00f6\u011frenciler yarar\u0131na Batman Emniyet M\u00fcd\u00fcrl\u00fc\u011f\u00fc taraf\u0131ndan d\u00fczenlenen programda, kad\u0131n polis Bahar G\u00f6nen taraf\u0131ndan K\u00fcrt\u00e7e konu\u015fma ile kar\u015f\u0131land\u0131. Kad\u0131n polis Bahar G\u00f6nen, Bakan \u015eim\u015fek ve yan\u0131ndakileri, &#8220;Birez wezir u geli mevanen meyin heja. Hun bi xer hatin&#8221; (Say\u0131n bakan\u0131m ve de\u011ferli misafirlerimiz ho\u015fgeldiniz) diyerek kar\u015f\u0131lad\u0131.\u00a0<!--more--><\/p>\n<p style=\"text-align: justify;\">Batman Emniyet M\u00fcd\u00fcrl\u00fc\u011f\u00fc, Toplum Destekli B\u00fcro polisleriyle birlikte Batman\u2019da kalan Vanl\u0131 \u00f6\u011frencilerin haz\u0131rlad\u0131\u011f\u0131, \u2019Sars\u0131lan y\u00fcre\u011fim i\u00e7in haydi uzat elini\u2019 projesi kapsam\u0131nda m\u00fczik dinletisi ve ske\u00e7ten olu\u015fan bir program haz\u0131rlad\u0131. D\u00fcn ak\u015fam sahnelenen program\u0131 izlemek \u00fczere salona gelen Maliye Bakan\u0131 Mehmet \u015eim\u015fek, kad\u0131n polis memuru Bahar G\u00f6nen taraf\u0131ndan K\u00fcrt\u00e7e konu\u015fma ile kar\u0131\u015fland\u0131. Diyarbak\u0131rl\u0131 oldu\u011fu belirtilen Bahar G\u00f6nen\u2019in, &#8220;Birez wezir u geli mevanen meyin heja. Hun bi xer hatin. Hezar u dised xendevanen Van\u2019i hatine bajare me Batman\u2019e. Ji bu xendekara, Emniyeta Batman\u2019e u mektaba Batman\u2019e alikari \u00e7ikirin. Whun ser sera ser \u00e7eva hatin. (Say\u0131n bakan\u0131m ve de\u011ferli misafirlerimiz, ho\u015f geldiniz. Vanl\u0131 bin 200 \u00f6\u011frenci kentimiz Batman\u2019a geldi. Batman Emniyeti, bu Vanl\u0131 \u00f6\u011frencilerle birlikte yard\u0131m ama\u00e7l\u0131 program haz\u0131rlad\u0131. Ho\u015f geldiniz, ba\u015f g\u00f6z \u00fcst\u00fcne geldiniz)&#8221; demesi, salonda bulunanlardan b\u00fcy\u00fck alk\u0131\u015f ald\u0131.<\/p>\n<p style=\"text-align: justify;\">Batman Lisesi ile Teknik Lisesi \u00f6\u011frencilerinin sahnede s\u00f6yledikleri K\u00fcrt\u00e7e ve T\u00fcrk\u00e7e \u015fark\u0131lara alk\u0131\u015fla tempo tutan Maliye Bakan\u0131 Mehmet \u015eim\u015fek, daha sonra \u00f6\u011frencileri kutlad\u0131. Vanl\u0131 \u00f6\u011frenciler i\u00e7in anlaml\u0131 bir etkinli\u011fe imza atan Batman Emniyet M\u00fcd\u00fcrl\u00fc\u011f\u00fc polislerini de kutlayan Bakan \u015eim\u015fek, \u00f6\u011frencilerin s\u00f6yledi\u011fi K\u00fcrt\u00e7e \u015fark\u0131lar\u0131 da ilgiyle dinledi.<\/p>\n<p style=\"text-align: justify;\"><strong>BAKAN KONU\u015eMAYA K\u00dcRT\u00c7E BA\u015eLADI, T\u00dcRK\u00c7E B\u0130T\u0130RD\u0130<\/strong><\/p>\n<p style=\"text-align: justify;\">Vali Ahmet Turhan, Ba\u015fsavc\u0131 Muhammet Emre Ejder, Batman \u00dcniversitesi Rekt\u00f6r\u00fc Prof. Dr. Abd\u00fcsselam Ulu\u00e7am, Emniyet M\u00fcd\u00fcr\u00fc Hasan Ali Okan, Milli E\u011fitim M\u00fcd\u00fcr\u00fc \u015eerif Akbo\u011fa\u2019n\u0131n da izledi\u011fi programa e\u015fiyle kat\u0131lan Maliye Bakan\u0131 \u015eim\u015fek, program sonras\u0131 yapt\u0131\u011f\u0131 konu\u015fmaya K\u00fcrt\u00e7e ba\u015flad\u0131, T\u00fcrk\u00e7e bitirdi. Bakan \u015eim\u015fek, K\u00fcrt\u00e7e yapt\u0131\u011f\u0131 konu\u015fmada, &#8220;Helel be ji were, \u015fev ba\u015f. (Helal olsun size iyi ak\u015famlar)&#8221; demesi salonda bulunanlar taraf\u0131ndan b\u00fcy\u00fck alk\u0131\u015f ald\u0131.<\/p>\n<p style=\"text-align: justify;\">Daha sonra T\u00fcrk\u00e7e konu\u015fmaya ba\u015flayan Bakan \u015eim\u015fek, bin 700 aileden olu\u015fan Vanl\u0131 5 bin ki\u015finin Batman\u2019da konuk oldu\u011funu hat\u0131rlatarak \u015funlar\u0131 s\u00f6yledi:<\/p>\n<p style=\"text-align: justify;\">&#8220;H\u00fck\u00fcmet olarak Van\u2019daki yaralar\u0131 sarmak i\u00e7in ne gerekiyorsa yap\u0131yoruz. Kal\u0131c\u0131 konutlar\u0131n yap\u0131lmas\u0131 i\u00e7in 2 milyar lira b\u00fct\u00e7eden ilave kaynak ay\u0131rd\u0131k. Van\u2019da k\u0131\u015f ko\u015fullar\u0131 \u00e7ok a\u011f\u0131r ge\u00e7iyor. \u00d6nemli olan 8 ay i\u00e7inde depremde konutlar\u0131 y\u0131k\u0131lm\u0131\u015f insanlara 40 bin kal\u0131c\u0131 konut yapmakt\u0131r. \u00dclkenin bir \u00e7ok yerine Van\u2019dan depremzedeler gitti. Batman bunu daha yak\u0131ndan hissetti. Vanl\u0131 karde\u015flerimiz burada. Valilik ve di\u011fer kurumlar ile vatanda\u015flar depremzedelerin iyi ya\u015famalar\u0131 i\u00e7in ellerinden geleni yap\u0131yor.&#8221;<\/p>\n<p style=\"text-align: justify;\"><a href=\"http:\/\/www.radikal.com.tr\/Radikal.aspx?aType=RadikalDetayV3&amp;ArticleID=1079062&amp;CategoryID=77\" target=\"_blank\">Kaynak : Radikal.com.tr<\/a><\/p>\n","protected":false},"excerpt":{"rendered":"<p style=\"text-align: center;\">\n<p style=\"text-align: justify;\">Maliye Bakan\u0131 Mehmet \u015eim\u015fek, Vanl\u0131 \u00f6\u011frenciler yarar\u0131na Batman Emniyet M\u00fcd\u00fcrl\u00fc\u011f\u00fc taraf\u0131ndan d\u00fczenlenen programda, kad\u0131n polis Bahar G\u00f6nen taraf\u0131ndan K\u00fcrt\u00e7e konu\u015fma ile kar\u015f\u0131land\u0131. Kad\u0131n polis Bahar G\u00f6nen, Bakan \u015eim\u015fek ve yan\u0131ndakileri, &#8220;Birez wezir u geli mevanen meyin heja. Hun bi xer hatin&#8221; (Say\u0131n bakan\u0131m ve de\u011ferli misafirlerimiz ho\u015fgeldiniz) diyerek kar\u015f\u0131lad\u0131. <\/p>\n","protected":false},"author":1,"featured_media":0,"comment_status":"open","ping_status":"open","sticky":false,"template":"","format":"standard","meta":{"footnotes":""},"categories":[105],"tags":[],"class_list":["post-48920","post","type-post","status-publish","format-standard","hentry","category-gundem","odd"],"_links":{"self":[{"href":"http:\/\/www.korhanyilmaz.com\/index.php?rest_route=\/wp\/v2\/posts\/48920","targetHints":{"allow":["GET"]}}],"collection":[{"href":"http:\/\/www.korhanyilmaz.com\/index.php?rest_route=\/wp\/v2\/posts"}],"about":[{"href":"http:\/\/www.korhanyilmaz.com\/index.php?rest_route=\/wp\/v2\/types\/post"}],"author":[{"embeddable":true,"href":"http:\/\/www.korhanyilmaz.com\/index.php?rest_route=\/wp\/v2\/users\/1"}],"replies":[{"embeddable":true,"href":"http:\/\/www.korhanyilmaz.com\/index.php?rest_route=%2Fwp%2Fv2%2Fcomments&post=48920"}],"version-history":[{"count":0,"href":"http:\/\/www.korhanyilmaz.com\/index.php?rest_route=\/wp\/v2\/posts\/48920\/revisions"}],"wp:attachment":[{"href":"http:\/\/www.korhanyilmaz.com\/index.php?rest_route=%2Fwp%2Fv2%2Fmedia&parent=48920"}],"wp:term":[{"taxonomy":"category","embeddable":true,"href":"http:\/\/www.korhanyilmaz.com\/index.php?rest_route=%2Fwp%2Fv2%2Fcategories&post=48920"},{"taxonomy":"post_tag","embeddable":true,"href":"http:\/\/www.korhanyilmaz.com\/index.php?rest_route=%2Fwp%2Fv2%2Ftags&post=48920"}],"curies":[{"name":"wp","href":"https:\/\/api.w.org\/{rel}","templated":true}]}}