{"id":48917,"date":"2012-02-17T09:21:33","date_gmt":"2012-02-17T07:21:33","guid":{"rendered":"http:\/\/www.korhanyilmaz.com\/?p=48917"},"modified":"2012-02-17T19:45:49","modified_gmt":"2012-02-17T17:45:49","slug":"alman-cumhurbaskani-istifa-etti","status":"publish","type":"post","link":"http:\/\/www.korhanyilmaz.com\/?p=48917","title":{"rendered":"Alman Cumhurba\u015fkan\u0131 istifa etti"},"content":{"rendered":"<p style=\"text-align: center;\"><a href=\"http:\/\/www.korhanyilmaz.com\/wp-content\/uploads\/2012\/02\/9814.jpg\"  class=\"lightview\"><img loading=\"lazy\" decoding=\"async\" class=\"aligncenter  wp-image-48918\" src=\"http:\/\/www.korhanyilmaz.com\/wp-content\/uploads\/2012\/02\/9814.jpg\" alt=\"\" width=\"336\" height=\"223\" \/><\/a><\/p>\n<p style=\"text-align: justify;\">Bild Gazetesi&#8217;ne bask\u0131 yapt\u0131\u011f\u0131 ve gazeteci Kai Diekmann&#8217;\u0131 telefonla tehdit etti\u011fi belirtilen Almanya Cumhurba\u015fkan\u0131 Christian Wulff, bask\u0131lara dayanamayarak istifa etti.<\/p>\n<p style=\"text-align: justify;\">A\u015fa\u011f\u0131 Saksonya Eyaleti Ba\u015fbakan\u0131 oldu\u011fu d\u00f6nemde g\u00f6revini k\u00f6t\u00fcye kulland\u0131\u011f\u0131 \u015feklindeki haberler nedeniyle yo\u011fun bask\u0131 alt\u0131nda bulunan Almanya Cumhurba\u015fkan\u0131 Christian Wulff g\u00f6revinden istifa etti.<!--more--><\/p>\n<p style=\"text-align: justify;\">Wulff, bug\u00fcn cumhurba\u015fkanl\u0131\u011f\u0131 konutu olan Bellevue Saray\u0131&#8217;nda yapt\u0131\u011f\u0131 a\u00e7\u0131klamada, g\u00f6revini en iyi \u015fekilde yapt\u0131\u011f\u0131n\u0131 ve \u00fclkede ya\u015fayan insanlar\u0131n k\u00f6kenleri ne olursa olsun birlikteli\u011fi i\u00e7in \u00e7aba harcad\u0131\u011f\u0131n\u0131 belirterek, \u00fclkedeki uyumun ba\u015far\u0131l\u0131 olabilmesi i\u00e7in Almanya&#8217;n\u0131n halk\u0131n b\u00fcy\u00fck \u00e7o\u011funlu\u011funun g\u00fcvenine sahip bir cumhurba\u015fkan\u0131na sahip olmas\u0131 gerekti\u011fini s\u00f6yledi.<\/p>\n<p style=\"text-align: justify;\">Kendisi hakk\u0131nda son zamanlarda \u00e7\u0131kan haberler nedeniyle yeteri kadar g\u00fcvene sahip olmad\u0131\u011f\u0131na inand\u0131\u011f\u0131n\u0131, g\u00f6revini ne \u00fclke i\u00e7inde ne de yurt d\u0131\u015f\u0131nda ba\u015far\u0131l\u0131 bir \u015fekilde ifa etmesinin m\u00fcmk\u00fcn oldu\u011funu ifade eden Wulff, bu nedenle bug\u00fcnden ge\u00e7erli olmak \u00fczere g\u00f6revinden istifa etti\u011fini kaydetti. A\u015f\u0131r\u0131 sa\u011fc\u0131lar taraf\u0131ndan \u00f6ld\u00fcr\u00fclen 8 T\u00fcrk ve 1 Yunan kurban\u0131n an\u0131lmas\u0131 amac\u0131yla 23 \u015eubat&#8217;ta d\u00fczenlenecek t\u00f6rende de Almanya Ba\u015fbakan\u0131 Angela Merkel&#8217;in bir konu\u015fma yapaca\u011f\u0131n\u0131 belirten Wulff, kendisi hakk\u0131nda y\u00fcr\u00fct\u00fclecek soru\u015fturmalar sonucunda da t\u00fcm\u00fcyle aklanaca\u011f\u0131na inand\u0131\u011f\u0131n\u0131 s\u00f6yledi. Hatalar yapt\u0131\u011f\u0131n\u0131, ancak her zaman d\u00fcr\u00fcst oldu\u011funu, hakk\u0131nda \u00e7\u0131kan haberlerin kendisini ve e\u015fini \u00e7ok incitti\u011fini ifade eden Wulff, kendisiyle \u00e7al\u0131\u015fan herkese ve e\u015fine desteklerinden dolay\u0131 da te\u015fekk\u00fcr etti.<\/p>\n<p style=\"text-align: justify;\"><strong>VEKALETEN SEEHOFER G\u00d6REVDE<\/strong><\/p>\n<p style=\"text-align: justify;\">Almanya&#8217;da yeni bir cumhurba\u015fkan\u0131 se\u00e7ilene kadar Federal Eyalet Temsilciler Meclisinin (Bundesrat) d\u00f6nem ba\u015fkanl\u0131\u011f\u0131n\u0131 y\u00fcr\u00fcten Bavyera Eyaleti Ba\u015fbakan\u0131 Horst Seehofer, cumhurba\u015fkanl\u0131\u011f\u0131 g\u00f6revini vekaleten y\u00fcr\u00fctecek. Almanya&#8217;da bir cumhurba\u015fkan\u0131n\u0131n istifa etmesinden sonra yeni cumhurba\u015fkan\u0131n\u0131 belirlemek \u00fczere 30 g\u00fcn i\u00e7inde Bundesversammlung ad\u0131 verilen kurulun olu\u015fturulmas\u0131 gerekiyor. Bu kurul Federal Meclis (Bundestag) \u00fcyelerinden ve e\u015fit say\u0131da Bundesrat&#8217;\u0131n belirleyece\u011fi ki\u015filerden olu\u015fturuluyor. \u0130talya ziyaretini iptal eden Ba\u015fbakan Merkel&#8217;in de bir a\u00e7\u0131klama yapmas\u0131 bekleniyor.<\/p>\n<p style=\"text-align: justify;\">Merkel, Seehofer ve H\u00fcr Demokrat Parti (FDP) genel ba\u015fkan\u0131 olan Ekonomi ve Teknoloji Bakan\u0131 Philipp R\u00f6sler&#8217;in de yar\u0131n bir araya gelerek yeni cumhurba\u015fkan\u0131 aday\u0131 \u00fczerinde g\u00f6r\u00fc\u015fmesi \u00f6ng\u00f6r\u00fcl\u00fcyor. Cumhurba\u015fkan\u0131 aday\u0131 olarak Almanya Savunma Bakan\u0131 Thomas de Maiziere, Maliye Bakan\u0131 Wolfgang Schaeuble, \u00c7al\u0131\u015fma Bakan\u0131 Ursula von der Leyen, Federal Meclis Ba\u015fkan\u0131 Norbert Lammert, eski \u00c7evre Bakan\u0131 Klaus T\u00f6pfer, daha \u00f6nce Wulff&#8217;a kar\u015f\u0131 cumhurba\u015fkanl\u0131\u011f\u0131 se\u00e7imini kaybetmi\u015f olan Joachim Gauck ve Federal Anayasa Mahkemesi Ba\u015fkan\u0131 Andoreas Vosskuhle&#8217;nin de ad\u0131 ge\u00e7iyor.<\/p>\n<p style=\"text-align: justify;\"><strong>MERKEL G\u00d6R\u00dc\u015eMEY\u0130 ERTELED\u0130<\/strong><\/p>\n<p style=\"text-align: justify;\">\u0130stifa haberinin duyulmas\u0131n\u0131n ard\u0131ndan \u0130talya Ba\u015fbakan\u0131 Mario Monti ile Almanya Ba\u015fbakan\u0131 Angela Merkel aras\u0131nda bug\u00fcn Roma&#8217;da yap\u0131lmas\u0131 beklenen g\u00f6r\u00fc\u015fme de Alman \u015eans\u00f6lyesinin iste\u011fiyle iptal edildi. Ba\u015fbakan Monti ile Alman mevkida\u015f\u0131 Merkel aras\u0131nda bug\u00fcn Roma&#8217;da \u0130talyan Ba\u015fbakanl\u0131\u011f\u0131&#8217;nda yap\u0131lmas\u0131 planlanan ikili g\u00f6r\u00fc\u015fmede, \u0130talya&#8217;n\u0131n ve Avrupa&#8217;n\u0131n i\u00e7inde bulundu\u011fu mali bor\u00e7 krizine kar\u015f\u0131 at\u0131lan ve at\u0131lacak yeni ad\u0131mlar\u0131n g\u00f6r\u00fc\u015f\u00fclece\u011fi ifade ediliyordu. Merkel&#8217;in, Almanya&#8217;da ya\u015fanan i\u00e7 geli\u015fmeler sebebiyle \u0130talyan mevkida\u015f\u0131 Monti&#8217;ye telefon a\u00e7arak, ziyareti iptal etti\u011fi a\u00e7\u0131kland\u0131. Almanya Ba\u015fbakan\u0131, planlanan programa g\u00f6re bug\u00fcn Mario Monti ile ortak bir bas\u0131n toplant\u0131s\u0131 d\u00fczenledikten sonra \u0130talya Cumhurba\u015fkan\u0131 Giorgio Napolitano taraf\u0131ndan kabul edilecekti.<\/p>\n<p style=\"text-align: justify;\"><strong>&#8216;ARKADA\u015eTAN BOR\u00c7 ALINAB\u0130LMEL\u0130&#8217;<\/strong><\/p>\n<p style=\"text-align: justify;\">Bir tan\u0131d\u0131\u011f\u0131ndan \u00e7ok uygun ko\u015fullara ald\u0131\u011f\u0131 ev kredisiyle ilgili tart\u0131\u015fmalar durulmadan, bu konudaki haberi yay\u0131nlamamas\u0131 i\u00e7in Bild gazetesine bask\u0131 yapt\u0131\u011f\u0131 ortaya \u00e7\u0131kan Cumhurba\u015fkan\u0131 Wulff, yasalara ayk\u0131r\u0131 hi\u00e7bir \u015fey yapmad\u0131\u011f\u0131n\u0131 ve g\u00f6reve be\u015f y\u0131ll\u0131\u011f\u0131na se\u00e7ildi\u011fini s\u00f6yleyerek, istifa taleplerini geri \u00e7eviriyordu. Wulff, Diekmann\u2019\u0131 haberin yay\u0131nlanmas\u0131n\u0131n K\u00f6rfez \u00dclkeleri&#8217;ne yapt\u0131\u011f\u0131 geziden d\u00f6nene kadar, yani bir g\u00fcn ertelenmesi i\u00e7in arad\u0131\u011f\u0131n\u0131 belirtmi\u015f ve gazeteyi aramas\u0131n\u0131n nedeninin son g\u00fcnlerde medyada bahsedildi\u011fi gibi ele\u015ftirel bir haberin yay\u0131nlanmas\u0131n\u0131 engellemek olmad\u0131\u011f\u0131n\u0131 \u00f6ne s\u00fcrm\u00fc\u015ft\u00fc.<\/p>\n<p style=\"text-align: justify;\">Cumhurba\u015fkan\u0131 Wulff ayr\u0131ca ald\u0131\u011f\u0131 kredi ve tatil gezilerinin arkas\u0131nda oldu\u011funu savunmu\u015f ve arkada\u015flardan bor\u00e7 alman\u0131n m\u00fcmk\u00fcn olmad\u0131\u011f\u0131 bir \u00fclkenin Cumhurba\u015fkan\u0131 olmak istemedi\u011fini s\u00f6ylemi\u015fti. Bununla da yetinmeyen Alman Cumhurba\u015fkan\u0131, BW Bank&#8217;tan ald\u0131\u011f\u0131 kredinin normal ko\u015fullarda al\u0131nd\u0131\u011f\u0131n\u0131, herkes gibi faiz riskini kendisinin ta\u015f\u0131d\u0131\u011f\u0131n\u0131 ve bundan hi\u00e7bir ekstra yarar sa\u011flamad\u0131\u011f\u0131n\u0131 \u00f6ne s\u00fcrm\u00fc\u015ft\u00fc.<\/p>\n<p style=\"text-align: justify;\"><a href=\"http:\/\/www.radikal.com.tr\/Radikal.aspx?aType=RadikalDetayV3&amp;ArticleID=1079021&amp;CategoryID=81\" target=\"_blank\">Kaynak : Radikal.com.tr<\/a><\/p>\n","protected":false},"excerpt":{"rendered":"<p style=\"text-align: center;\">\n<p style=\"text-align: justify;\">Bild Gazetesi&#8217;ne bask\u0131 yapt\u0131\u011f\u0131 ve gazeteci Kai Diekmann&#8217;\u0131 telefonla tehdit etti\u011fi belirtilen Almanya Cumhurba\u015fkan\u0131 Christian Wulff, bask\u0131lara dayanamayarak istifa etti.<\/p>\n<p style=\"text-align: justify;\">A\u015fa\u011f\u0131 Saksonya Eyaleti Ba\u015fbakan\u0131 oldu\u011fu d\u00f6nemde g\u00f6revini k\u00f6t\u00fcye kulland\u0131\u011f\u0131 \u015feklindeki haberler nedeniyle yo\u011fun bask\u0131 alt\u0131nda bulunan Almanya Cumhurba\u015fkan\u0131 Christian Wulff g\u00f6revinden istifa etti.<\/p>\n","protected":false},"author":1,"featured_media":0,"comment_status":"open","ping_status":"open","sticky":false,"template":"","format":"standard","meta":{"footnotes":""},"categories":[105],"tags":[],"class_list":["post-48917","post","type-post","status-publish","format-standard","hentry","category-gundem","odd"],"_links":{"self":[{"href":"http:\/\/www.korhanyilmaz.com\/index.php?rest_route=\/wp\/v2\/posts\/48917","targetHints":{"allow":["GET"]}}],"collection":[{"href":"http:\/\/www.korhanyilmaz.com\/index.php?rest_route=\/wp\/v2\/posts"}],"about":[{"href":"http:\/\/www.korhanyilmaz.com\/index.php?rest_route=\/wp\/v2\/types\/post"}],"author":[{"embeddable":true,"href":"http:\/\/www.korhanyilmaz.com\/index.php?rest_route=\/wp\/v2\/users\/1"}],"replies":[{"embeddable":true,"href":"http:\/\/www.korhanyilmaz.com\/index.php?rest_route=%2Fwp%2Fv2%2Fcomments&post=48917"}],"version-history":[{"count":0,"href":"http:\/\/www.korhanyilmaz.com\/index.php?rest_route=\/wp\/v2\/posts\/48917\/revisions"}],"wp:attachment":[{"href":"http:\/\/www.korhanyilmaz.com\/index.php?rest_route=%2Fwp%2Fv2%2Fmedia&parent=48917"}],"wp:term":[{"taxonomy":"category","embeddable":true,"href":"http:\/\/www.korhanyilmaz.com\/index.php?rest_route=%2Fwp%2Fv2%2Fcategories&post=48917"},{"taxonomy":"post_tag","embeddable":true,"href":"http:\/\/www.korhanyilmaz.com\/index.php?rest_route=%2Fwp%2Fv2%2Ftags&post=48917"}],"curies":[{"name":"wp","href":"https:\/\/api.w.org\/{rel}","templated":true}]}}