{"id":48909,"date":"2012-02-16T14:47:05","date_gmt":"2012-02-16T12:47:05","guid":{"rendered":"http:\/\/www.korhanyilmaz.com\/?p=48909"},"modified":"2012-02-17T11:15:39","modified_gmt":"2012-02-17T09:15:39","slug":"koramiral-sagdicin-sok-ses-kaydi","status":"publish","type":"post","link":"http:\/\/www.korhanyilmaz.com\/?p=48909","title":{"rendered":"Koramiral Sa\u011fd\u0131\u00e7&#8217;\u0131n \u015fok ses kayd\u0131!"},"content":{"rendered":"<p style=\"text-align: center;\"><a href=\"http:\/\/www.korhanyilmaz.com\/wp-content\/uploads\/2012\/02\/9812.jpg\"  class=\"lightview\"><img loading=\"lazy\" decoding=\"async\" class=\"aligncenter  wp-image-48910\" src=\"http:\/\/www.korhanyilmaz.com\/wp-content\/uploads\/2012\/02\/9812.jpg\" alt=\"\" width=\"268\" height=\"201\" \/><\/a><\/p>\n<p style=\"text-align: justify;\">Balyoz davas\u0131n\u0131n tutuklu san\u0131\u011f\u0131 Koramiral Sa\u011fd\u0131\u00e7&#8217;a ait oldu\u011fu iddia edilen bir ses kayd\u0131 ortaya \u00e7\u0131kt\u0131.<\/p>\n<p style=\"text-align: justify;\">Balyoz davas\u0131n\u0131n tutuklu san\u0131\u011f\u0131 Koramiral Kadir Sa\u011fd\u0131\u00e7&#8217;a ait oldu\u011fu iddia edilen bir ses kayd\u0131 ortaya \u00e7\u0131kt\u0131. Dailymation isimli internet sitesinde yay\u0131nlanan ses kayd\u0131nda Balyoz tutuklusu Kadir Sa\u011fd\u0131\u00e7 ile e\u015fi ve \u00e7ocuklar\u0131 aras\u0131nda ge\u00e7en konu\u015fma ayr\u0131nt\u0131lar\u0131 ile yer al\u0131yor.\u00a0<!--more--><\/p>\n<p style=\"text-align: justify;\">Hasdal Askeri Cezaevi&#8217;nin telefon hatlar\u0131n\u0131n veya Kadir Sa\u011fd\u0131\u00e7&#8217;\u0131n evinin dinlendi\u011finin anla\u015f\u0131ld\u0131\u011f\u0131 ses kayd\u0131nda ilgin\u00e7 iddialar yer al\u0131yor. Yasal olmayan ve insanlar\u0131 karalamaya y\u00f6nelik ses kay\u0131tlar\u0131n\u0131n yay\u0131nlanmas\u0131nda haber verme noktas\u0131nda duran Gazeteport bu ses kayd\u0131n\u0131 da bu \u015ferhle yay\u0131nl\u0131yor.<\/p>\n<p style=\"text-align: justify;\">Hasdal&#8217;dan ailesiyle yapt\u0131\u011f\u0131 konu\u015fman\u0131n yer ald\u0131\u011f\u0131 \u015fok ses kayd\u0131nda Kadir Sa\u011fd\u0131\u00e7, Balyoz davas\u0131yla ilgili ilgin\u00e7 de\u011f\u015fiklikler oldu\u011funu ileri s\u00fcrerek, &#8220;Bizim buralarda da enteresan de\u011fi\u015fiklikler var. Askeri camiada da. Analar\u0131n\u0131 belleyece\u011fiz&#8221; diyor.<\/p>\n<p style=\"text-align: justify;\">Hasan Sa\u011fd\u0131\u00e7&#8217;a ait oldu\u011fu \u00f6ne s\u00fcr\u00fclen seste en \u00f6nemli b\u00f6l\u00fcm ise Sa\u011fd\u0131\u00e7 ve di\u011fer komutanlar\u0131n Hasdal Cezaevi&#8217;ni ofis gibi kulland\u0131klar\u0131 ve her\u015feyi i\u00e7eriden idare ettiklerini s\u00f6yledikleri b\u00f6l\u00fcm olu\u015fturuyor. Ses kayd\u0131nda Sa\u011fd\u0131\u00e7 \u015fu ifadeyi kullan\u0131yore; &#8220;Nereye bo\u015f, nereye bo\u015f. B\u0131rak\u0131r m\u0131y\u0131z lan oralar\u0131 bo\u015f. Hayatta! Her\u015feyi buradan idare ediyoruz.&#8221;<\/p>\n<p style=\"text-align: justify;\"><strong>\u0130\u015fte o konu\u015fmalar&#8230;<\/strong><\/p>\n<p style=\"text-align: justify;\"><strong>ANALARINI BELLEYECE\u011e\u0130Z!<\/strong><\/p>\n<p style=\"text-align: justify;\">E\u015fi : Cuma g\u00fcn\u00fc de\u011fil mi a\u00e7\u0131k g\u00f6r\u00fc\u015f? Heee\u2026<\/p>\n<p style=\"text-align: justify;\">E\u015fi : Dur bak hep beraber konu\u015fal\u0131m.<\/p>\n<p style=\"text-align: justify;\">E\u015fi : Yoo dur, dur, bi \u015fu \u00e7ocuklarla bi konu\u015fal\u0131m da. (Telefonun sesini d\u0131\u015far\u0131 veriyor (Handsfree!)<\/p>\n<p style=\"text-align: justify;\">K\u0131z\u0131 : Babac\u0131m \u015fu an duyuyoruz hepimiz seni\u2026<\/p>\n<p style=\"text-align: justify;\">Kadir Sa\u011fd\u0131\u00e7 : Nas\u0131l can\u0131m?<\/p>\n<p style=\"text-align: justify;\">O\u011flu SARP: Duyuyoruz babac\u0131m, selam\u2026<\/p>\n<p style=\"text-align: justify;\">Kadir Sa\u011fd\u0131\u00e7 : Hehehehe\u2026. \u0130yi\u2026 Milletin kafas\u0131na balyoz mu \u00e7arp\u0131yor yaaa? Akl\u0131 ba\u015f\u0131na gelmeye ba\u015fl\u0131yor bir k\u0131sm\u0131n\u0131n b\u00f6yle\u2026<\/p>\n<p style=\"text-align: justify;\">K\u0131z\u0131 : Enteresan yani&#8230;<\/p>\n<p style=\"text-align: justify;\">O\u011flu SARP: Evet evet&#8230;<\/p>\n<p style=\"text-align: justify;\">Kadir Sa\u011fd\u0131\u00e7 : J\u00f6leli sa\u00e7l\u0131ya (Yi\u011fit Bulut) falan okyanus \u00f6tesinden mi geliyor, buradan m\u0131 geliyor? 2 y\u0131l \u00f6nceki \u015feylerini mi hat\u0131rlad\u0131? Kan\u0131na m\u0131 dokundu bu h\u0131yarlar\u0131n?<\/p>\n<p style=\"text-align: justify;\">O\u011flu : Olabilir baba\u2026<\/p>\n<p style=\"text-align: justify;\">Kadir Sa\u011fd\u0131\u00e7 : Bizim buralarda da enteresan de\u011fi\u015fiklikler var. Askeri camiada da. Analar\u0131n\u0131 belleyece\u011fiz!<\/p>\n<p style=\"text-align: justify;\">O\u011flu : Ben de yar\u0131n sayg\u0131lar\u0131n\u0131z\u0131, sevgilerinizi(!) iletcem\u2026<\/p>\n<p style=\"text-align: justify;\">Kadir Sa\u011fd\u0131\u00e7 : Tabi tabi biliyorum. \u00c7ok te\u015fekk\u00fcr ediyorum o \u015feyler (!) i\u00e7in\u2026<\/p>\n<p style=\"text-align: justify;\">O\u011flu : Babac\u0131m durmak yok, yola devam..<\/p>\n<p style=\"text-align: justify;\"><strong>CAN D\u00dcNDAR B\u0130RAZ YANLI\u015eLIK YAPMI\u015eTI, KU\u015e U\u00c7URDUK!<\/strong><\/p>\n<p style=\"text-align: justify;\">Kadir Sa\u011fd\u0131\u00e7 : Hehehehehe<\/p>\n<p style=\"text-align: justify;\">K\u0131z\u0131 : Yollar y\u00fcr\u00fcmekle a\u015f\u0131nmaz!<\/p>\n<p style=\"text-align: justify;\">Kadir Sa\u011fd\u0131\u00e7 : A\u015f\u0131nmaz! Size m\u00fcte\u015fekkirim. Hepinize\u2026<\/p>\n<p style=\"text-align: justify;\">O\u011flu : Biz de m\u00fcte\u015fekkiriz babac\u0131m. A\u015fk olsun\u2026 Bunlar ne ki&#8230;<\/p>\n<p style=\"text-align: justify;\">Kadir Sa\u011fd\u0131\u00e7 : Valla yaa. Can D\u00fcndar\u2019da da bir \u015feyler var, ufak tefek de olsa&#8230;<\/p>\n<p style=\"text-align: justify;\">O\u011flu : Evet, evet. O, yani biraz yanl\u0131\u015fl\u0131k yapm\u0131\u015ft\u0131. Ku\u015f\u2026 Ku\u015f u\u00e7urduk! Hahahaha..<\/p>\n<p style=\"text-align: justify;\">Kadir Sa\u011fd\u0131\u00e7 : \u0130yi, iyi yapm\u0131\u015fs\u0131n\u0131z. Yapanlar\u0131n eline sa\u011fl\u0131k, kimler yapt\u0131ysa\u2026<\/p>\n<p style=\"text-align: justify;\">O\u011flu : Valla hi\u00e7 bilmiyorum (!). Hehehe..<\/p>\n<p style=\"text-align: justify;\">Kadir Sa\u011fd\u0131\u00e7 : Eee, ama buras\u0131 b\u00f6yle. Herhalde bunlar, bu \u015fey grubu falan, Ciner grubu istatistikleri ve anketleri kendileri yap\u0131yorlar herhalde veya bir yerlerden mesaj al\u0131yorlar\u2026 Bu i\u015flerin b\u00f6yle gitmeyece\u011fini, bir yola var\u0131lmayaca\u011f\u0131n\u0131 anl\u0131yorlar yani\u2026<\/p>\n<p style=\"text-align: justify;\">K\u0131z\u0131: Evet\u2026<\/p>\n<p style=\"text-align: justify;\">Kadir Sa\u011fd\u0131\u00e7 : Hayatta vermeyece\u011fiz, haklar\u0131m\u0131z\u0131 s\u00f6ke s\u00f6ke alaca\u011f\u0131z bunlardan.<\/p>\n<p style=\"text-align: justify;\">O\u011flu : Valla aynen baba, hep beraber\u2026<\/p>\n<p style=\"text-align: justify;\">K\u0131z\u0131 : Evelallah, \u00f6yle babac\u0131\u011f\u0131m.<\/p>\n<p style=\"text-align: justify;\">Kadir Sa\u011fd\u0131\u00e7 : Bu hainlikleri yapanlar\u0131n di\u015fini s\u00f6kerek, hakk\u0131m\u0131z\u0131 \u00e7at\u0131r \u00e7at\u0131r alaca\u011f\u0131z.<\/p>\n<p style=\"text-align: justify;\">O\u011flu : Her taraflar\u0131n\u0131 s\u00f6kece\u011fiz baba, sadece di\u015flerini s\u00f6ksek iyi.<\/p>\n<p style=\"text-align: justify;\">Kadir Sa\u011fd\u0131\u00e7 : Valla biz bunlar\u0131n\u2026<\/p>\n<p style=\"text-align: justify;\">O\u011flu : Her yerlerini s\u00f6kece\u011fiz.<\/p>\n<p style=\"text-align: justify;\">Kadir Sa\u011fd\u0131\u00e7 : Aynen\u2026 Hainliklerini\u2026 S\u00f6ke s\u00f6ke alaca\u011f\u0131z ya bunlar\u0131n. Hainliklerini yanlar\u0131na b\u0131rakmayaca\u011f\u0131z.<\/p>\n<p style=\"text-align: justify;\"><strong>DI\u015eARIDAYKEN \u0130LG\u0130LENEMEM, CANLARINA OKUYORUM<\/strong><\/p>\n<p style=\"text-align: justify;\">E\u015fi : Valla, i\u015fallah, i\u015fallah da d\u0131\u015far\u0131dayken s\u00f6ke s\u00f6ke alsak daha bi memnun olaca\u011f\u0131z.<\/p>\n<p style=\"text-align: justify;\">Kadir Sa\u011fd\u0131\u00e7 : Yok yavrum, biz buradayken daha iyi s\u00f6k\u00fcyoruz. Hi\u00e7 merak etme, di\u015f operasyonlar\u0131 \u00e7ok g\u00fc\u00e7l\u00fc gidiyor.<\/p>\n<p style=\"text-align: justify;\">E\u015fi : Hehehe<\/p>\n<p style=\"text-align: justify;\">Kadir Sa\u011fd\u0131\u00e7 : D\u0131\u015far\u0131dayken ilgilenemem. Canlar\u0131na okuyorum! \u0130\u00e7eride kald\u0131\u011f\u0131m s\u00fcrece faturalar\u0131n\u0131 daha iyi kesiyorum.<\/p>\n<p style=\"text-align: justify;\">Hi\u00e7 merak etme!<\/p>\n<p style=\"text-align: justify;\">E\u015fi : Anlad\u0131m, i\u015fallah..<\/p>\n<p style=\"text-align: justify;\"><strong>DAHA \u0130Y\u0130 ER\u0130\u015e\u0130YORUZ HER YERE<\/strong><\/p>\n<p style=\"text-align: justify;\">Kadir Sa\u011fd\u0131\u00e7 : Hep birlikte \u00f6yleyiz. Buradaki b\u00fct\u00fcn \u00e7ocuklar\u2026 Enteresan oluyor. Daha iyi eri\u015fiyoruz her yere.<\/p>\n<p style=\"text-align: justify;\">Daha iyi duyuruyoruz.<\/p>\n<p style=\"text-align: justify;\">E\u015fi : \u0130yi ma\u015fallah.<\/p>\n<p style=\"text-align: justify;\">O\u011flu : Aynen babac\u0131\u011f\u0131m\u2026<\/p>\n<p style=\"text-align: justify;\">Kadir Sa\u011fd\u0131\u00e7 : Eee.yani Hasdal Entellekt\u00fcel Center.<\/p>\n<p style=\"text-align: justify;\">K\u0131z\u0131: Evet, aynen. He-Man gibi \u00e7\u0131kacaks\u0131n\u0131z ma\u015fallah.<\/p>\n<p style=\"text-align: justify;\">Kadir Sa\u011fd\u0131\u00e7 : Aynen. Hasdal center for ekselans.<\/p>\n<p style=\"text-align: justify;\">Ailecek: Hahahah<\/p>\n<p style=\"text-align: justify;\">Kadir Sa\u011fd\u0131\u00e7 : M\u00fckemmeliyet merkezi.<\/p>\n<p style=\"text-align: justify;\">K\u0131z\u0131: E\u011fitim merkezi.<\/p>\n<p style=\"text-align: justify;\"><strong>ATTIKLARINA, ATACAKLARINA P\u0130\u015eMAN OLACAKLAR<\/strong><\/p>\n<p style=\"text-align: justify;\">Kadir Sa\u011fd\u0131\u00e7 : Valla, yani diyet, spor, okuma, yazma. Kitaplar yaz\u0131l\u0131yor. Yazanlar var. Att\u0131klar\u0131na, atacaklar\u0131na pi\u015fman olacak pezevenkler.<\/p>\n<p style=\"text-align: justify;\">O\u011flu: Baba!<\/p>\n<p style=\"text-align: justify;\">Kadir Sa\u011fd\u0131\u00e7 : Efendim can\u0131m.<\/p>\n<p style=\"text-align: justify;\"><strong>BURAK (\u00d6RNEK)&#8217;LA BERABER D\u0130YORUZ K\u0130 B\u0130 DO\u011eALGAZ SONDAJI YAPALIM AKDEN\u0130Z\u2019DE<\/strong><\/p>\n<p style=\"text-align: justify;\">O\u011flu: Burak (\u00d6RNEK)&#8217;la beraber diyoruz ki bi do\u011falgaz sondaj\u0131 yapal\u0131m Akdeniz\u2019de. Ne kadar \u2026?<\/p>\n<p style=\"text-align: justify;\">Kadir Sa\u011fd\u0131\u00e7 : Yaa hi\u00e7 merak etme, onlar\u0131 ba\u015flatt\u0131k, \u015feyleri ba\u011flad\u0131k, tavsiyelerde bulunduk.<\/p>\n<p style=\"text-align: justify;\">O\u011flu: Baba meydan bo\u015f nas\u0131l olsa\u2026 Biz rahat rahat gider \u00e7\u0131kart\u0131r\u0131z.<\/p>\n<p style=\"text-align: justify;\"><strong>HER\u015eEY\u0130 BURADAN \u0130DARE ED\u0130YORUZ. BU CO\u011eRAFYA B\u0130Z\u0130M CO\u011eRAFYAMIZ<\/strong><\/p>\n<p style=\"text-align: justify;\">Kadir Sa\u011fd\u0131\u00e7 : Nereye bo\u015f, nereye bo\u015f. B\u0131rak\u0131r m\u0131y\u0131z lan oralar\u0131 bo\u015f. Hayatta! Her\u015feyi buradan idare ediyoruz.<\/p>\n<p style=\"text-align: justify;\">Kadir Sa\u011fd\u0131\u00e7 : Hi\u00e7 merak etmeyin. Sizin torunlara kadar garanti ederiz. Ondan sonras\u0131n\u0131 bilmem yani. \u00d6yle haybeye yok. Kimseye bir\u015fey koklat\u0131lmaz. Bu co\u011frafya bizim co\u011frafyam\u0131z. Bak sana bir \u015fey s\u00f6yleyeyim mi? Hakikaten moralman \u00e7ok iyiyim. Burada daha iyi m\u00fccadele ediyoruz. Anlat\u0131yoruz derdimizi. Sa\u011folsun komutanlar dinliyorlar. Tamam m\u0131? Biz avukatlar\u0131m\u0131z falan daha iyiyiz yani.<\/p>\n<p style=\"text-align: justify;\"><a href=\"http:\/\/haber.ekolay.net\/haber\/2705\/1004960\/Koramiral-Sa%C4%9Fd%C4%B1%C3%A7%C4%B1n-%C5%9Fok-ses-kayd%C4%B1.aspx\" target=\"_blank\">Kaynak :\u00a0http:\/\/haber.ekolay.net<\/a><\/p>\n","protected":false},"excerpt":{"rendered":"<p style=\"text-align: center;\">\n<p style=\"text-align: justify;\">Balyoz davas\u0131n\u0131n tutuklu san\u0131\u011f\u0131 Koramiral Sa\u011fd\u0131\u00e7&#8217;a ait oldu\u011fu iddia edilen bir ses kayd\u0131 ortaya \u00e7\u0131kt\u0131.<\/p>\n<p style=\"text-align: justify;\">Balyoz davas\u0131n\u0131n tutuklu san\u0131\u011f\u0131 Koramiral Kadir Sa\u011fd\u0131\u00e7&#8217;a ait oldu\u011fu iddia edilen bir ses kayd\u0131 ortaya \u00e7\u0131kt\u0131. Dailymation isimli internet sitesinde yay\u0131nlanan ses kayd\u0131nda Balyoz tutuklusu Kadir Sa\u011fd\u0131\u00e7 ile e\u015fi ve \u00e7ocuklar\u0131 aras\u0131nda ge\u00e7en <\/p>\n","protected":false},"author":1,"featured_media":0,"comment_status":"open","ping_status":"open","sticky":false,"template":"","format":"standard","meta":{"footnotes":""},"categories":[105],"tags":[],"class_list":["post-48909","post","type-post","status-publish","format-standard","hentry","category-gundem","odd"],"_links":{"self":[{"href":"http:\/\/www.korhanyilmaz.com\/index.php?rest_route=\/wp\/v2\/posts\/48909","targetHints":{"allow":["GET"]}}],"collection":[{"href":"http:\/\/www.korhanyilmaz.com\/index.php?rest_route=\/wp\/v2\/posts"}],"about":[{"href":"http:\/\/www.korhanyilmaz.com\/index.php?rest_route=\/wp\/v2\/types\/post"}],"author":[{"embeddable":true,"href":"http:\/\/www.korhanyilmaz.com\/index.php?rest_route=\/wp\/v2\/users\/1"}],"replies":[{"embeddable":true,"href":"http:\/\/www.korhanyilmaz.com\/index.php?rest_route=%2Fwp%2Fv2%2Fcomments&post=48909"}],"version-history":[{"count":0,"href":"http:\/\/www.korhanyilmaz.com\/index.php?rest_route=\/wp\/v2\/posts\/48909\/revisions"}],"wp:attachment":[{"href":"http:\/\/www.korhanyilmaz.com\/index.php?rest_route=%2Fwp%2Fv2%2Fmedia&parent=48909"}],"wp:term":[{"taxonomy":"category","embeddable":true,"href":"http:\/\/www.korhanyilmaz.com\/index.php?rest_route=%2Fwp%2Fv2%2Fcategories&post=48909"},{"taxonomy":"post_tag","embeddable":true,"href":"http:\/\/www.korhanyilmaz.com\/index.php?rest_route=%2Fwp%2Fv2%2Ftags&post=48909"}],"curies":[{"name":"wp","href":"https:\/\/api.w.org\/{rel}","templated":true}]}}